{"id":1323,"count":2,"description":"","link":"https:\/\/www.ufla.br\/dcom\/tag\/congresso-da-pos-graduacao\/","name":"congresso da P\u00f3s-gradua\u00e7\u00e3o","slug":"congresso-da-pos-graduacao","taxonomy":"post_tag","meta":[],"_links":{"self":[{"href":"https:\/\/www.ufla.br\/dcom\/wp-json\/wp\/v2\/tags\/1323","targetHints":{"allow":["GET"]}}],"collection":[{"href":"https:\/\/www.ufla.br\/dcom\/wp-json\/wp\/v2\/tags"}],"about":[{"href":"https:\/\/www.ufla.br\/dcom\/wp-json\/wp\/v2\/taxonomies\/post_tag"}],"wp:post_type":[{"href":"https:\/\/www.ufla.br\/dcom\/wp-json\/wp\/v2\/posts?tags=1323"}],"curies":[{"name":"wp","href":"https:\/\/api.w.org\/{rel}","templated":true}]}}