{"id":9998,"date":"2012-03-26T12:17:38","date_gmt":"2012-03-26T14:17:38","guid":{"rendered":"http:\/\/www.ufla.br\/ascom\/?p=9998"},"modified":"2015-02-25T10:36:17","modified_gmt":"2015-02-25T12:36:17","slug":"poscafe-seleciona-estudantes-para-participacao-no-nucleo-de-estudos","status":"publish","type":"post","link":"https:\/\/www.ufla.br\/dcom\/2012\/03\/26\/poscafe-seleciona-estudantes-para-participacao-no-nucleo-de-estudos\/","title":{"rendered":"P\u00f3sCaf\u00e9 seleciona estudantes para participa\u00e7\u00e3o no n\u00facleo de estudos"},"content":{"rendered":"<p><a href=\"http:\/\/www.ufla.br\/ascom\/wp-content\/uploads\/2012\/03\/poscaf\u00e9.jpg\"><img loading=\"lazy\" decoding=\"async\" class=\"alignleft size-medium wp-image-9999\" title=\"poscaf\u00e9\" src=\"http:\/\/www.ufla.br\/ascom\/wp-content\/uploads\/2012\/03\/poscaf\u00e9-300x218.jpg\" alt=\"\" width=\"300\" height=\"218\" srcset=\"https:\/\/www.ufla.br\/dcom\/wp-content\/uploads\/2012\/03\/poscaf\u00e9-300x218.jpg 300w, https:\/\/www.ufla.br\/dcom\/wp-content\/uploads\/2012\/03\/poscaf\u00e9.jpg 308w\" sizes=\"auto, (max-width: 300px) 100vw, 300px\" \/><\/a><\/p>\n<h6>Cibele Aguiar<\/h6>\n<p>Est\u00e1 aberto o processo seletivo para estudantes de gradua\u00e7\u00e3o e p\u00f3s-gradua\u00e7\u00e3o interessados em participar do N\u00facleo de Estudo em P\u00f3s-Colheita do Caf\u00e9 (P\u00f3sCaf\u00e9). Podem se inscrever estudantes regularmente matriculados nos cursos de Agronomia, Engenharia Agr\u00edcola e Engenharia de Alimentos da UFLA, al\u00e9m de estudantes de p\u00f3s-gradua\u00e7\u00e3o em \u00e1reas afins.<\/p>\n<p>O n\u00facleo de estudos P\u00f3sCaf\u00e9 \u00e9 um \u00f3rg\u00e3o destinado a congregar pesquisadores, professores, estudantes e demais interessados em p\u00f3s-colheita do caf\u00e9, tendo por finalidade promover eventos que possam contribuir para um melhor aproveitamento dos conhecimentos gerados nessa \u00e1rea.<\/p>\n<p>A sele\u00e7\u00e3o dos candidatos ser\u00e1 feita por meio de entrevista, an\u00e1lise de curr\u00edculo e hist\u00f3rico acad\u00eamico. O candidato interessado deve enviar o curr\u00edculo e hist\u00f3rico para o e-mail: nucleoposcafe@yahoo.com.br, at\u00e9 30\/3\/2012. Os pr\u00e9-selecionados ser\u00e3o informados sobre o local e data da entrevista via e-mail.<\/p>\n","protected":false},"excerpt":{"rendered":"<p>Est\u00e1 aberto o processo seletivo para estudantes de gradua\u00e7\u00e3o e p\u00f3s-gradua\u00e7\u00e3o interessados em participar do N\u00facleo de Estudo em P\u00f3s-Colheita do Caf\u00e9 (P\u00f3sCaf\u00e9). Podem se inscrever estudantes regularmente (&#8230;)<\/p>\n","protected":false},"author":6,"featured_media":0,"comment_status":"closed","ping_status":"closed","sticky":false,"template":"","format":"standard","meta":{"ngg_post_thumbnail":0,"footnotes":""},"categories":[1],"tags":[626],"class_list":["post-9998","post","type-post","status-publish","format-standard","hentry","category-noticias","tag-nucleos-de-estudo"],"_links":{"self":[{"href":"https:\/\/www.ufla.br\/dcom\/wp-json\/wp\/v2\/posts\/9998","targetHints":{"allow":["GET"]}}],"collection":[{"href":"https:\/\/www.ufla.br\/dcom\/wp-json\/wp\/v2\/posts"}],"about":[{"href":"https:\/\/www.ufla.br\/dcom\/wp-json\/wp\/v2\/types\/post"}],"author":[{"embeddable":true,"href":"https:\/\/www.ufla.br\/dcom\/wp-json\/wp\/v2\/users\/6"}],"replies":[{"embeddable":true,"href":"https:\/\/www.ufla.br\/dcom\/wp-json\/wp\/v2\/comments?post=9998"}],"version-history":[{"count":3,"href":"https:\/\/www.ufla.br\/dcom\/wp-json\/wp\/v2\/posts\/9998\/revisions"}],"predecessor-version":[{"id":10002,"href":"https:\/\/www.ufla.br\/dcom\/wp-json\/wp\/v2\/posts\/9998\/revisions\/10002"}],"wp:attachment":[{"href":"https:\/\/www.ufla.br\/dcom\/wp-json\/wp\/v2\/media?parent=9998"}],"wp:term":[{"taxonomy":"category","embeddable":true,"href":"https:\/\/www.ufla.br\/dcom\/wp-json\/wp\/v2\/categories?post=9998"},{"taxonomy":"post_tag","embeddable":true,"href":"https:\/\/www.ufla.br\/dcom\/wp-json\/wp\/v2\/tags?post=9998"}],"curies":[{"name":"wp","href":"https:\/\/api.w.org\/{rel}","templated":true}]}}