{"id":9448,"date":"2012-03-05T16:41:42","date_gmt":"2012-03-05T18:41:42","guid":{"rendered":"http:\/\/www.ufla.br\/ascom\/?p=9448"},"modified":"2015-02-25T10:31:03","modified_gmt":"2015-02-25T12:31:03","slug":"jornalista-miriam-leitao-faz-visita-a-setores-da-ufla-e-ministra-conferencia","status":"publish","type":"post","link":"https:\/\/www.ufla.br\/dcom\/2012\/03\/05\/jornalista-miriam-leitao-faz-visita-a-setores-da-ufla-e-ministra-conferencia\/","title":{"rendered":"Jornalista M\u00edriam Leit\u00e3o faz visita a setores da UFLA e ministra confer\u00eancia"},"content":{"rendered":"<h6>Cibele Aguiar<\/h6>\n<p><a href=\"http:\/\/www.ufla.br\/ascom\/wp-content\/uploads\/2012\/03\/05.03-m\u00edrim-final.jpg\"><img loading=\"lazy\" decoding=\"async\" class=\"alignright size-medium wp-image-9460\" title=\"05.03 m\u00edrim final\" src=\"http:\/\/www.ufla.br\/ascom\/wp-content\/uploads\/2012\/03\/05.03-m\u00edrim-final-300x219.jpg\" alt=\"\" width=\"300\" height=\"219\" srcset=\"https:\/\/www.ufla.br\/dcom\/wp-content\/uploads\/2012\/03\/05.03-m\u00edrim-final-300x219.jpg 300w, https:\/\/www.ufla.br\/dcom\/wp-content\/uploads\/2012\/03\/05.03-m\u00edrim-final.jpg 722w\" sizes=\"auto, (max-width: 300px) 100vw, 300px\" \/><\/a>Na sexta-feira (2), a Universidade Federal de Lavras (UFLA) recebeu a visita da jornalista M\u00edriam Leit\u00e3o, que ministrou a confer\u00eancia de encerramento do VIII Curso de Ver\u00e3o, organizado pelo Departamento de Ci\u00eancias Exatas (DEX), com o tema \u201cConjuntura Econ\u00f4mica e Educa\u00e7\u00e3o\u201d. Al\u00e9m da confer\u00eancia, que lotou o Sal\u00e3o de Conven\u00e7\u00f5es da Universidade, a jornalista, que atua principalmente nas editorias de economia e neg\u00f3cios, fez uma visita ao c\u00e2mpus da UFLA, com parada especial no Setor de Cafeicultura, Laborat\u00f3rio de Estudos e Projetos em Manejo Florestal (Lemaf) e Laborat\u00f3rio de Sementes Florestais.<\/p>\n<p>Com a desenvoltura de mais de 40 anos de experi\u00eancia como colunista de importantes ve\u00edculos de comunica\u00e7\u00e3o, M\u00edriam Leit\u00e3o falou de economia, mas tamb\u00e9m de liberdade, comunica\u00e7\u00e3o e esperan\u00e7a. Conduziu os participantes da confer\u00eancia a um resgate dos desafios enfrentados pelo Brasil nos \u00faltimos 30 anos: da redemocratiza\u00e7\u00e3o, estabiliza\u00e7\u00e3o da moeda, combate \u00e0 pobreza aos avan\u00e7os na educa\u00e7\u00e3o. Nessa trajet\u00f3ria turbulenta, destacou os erros e acertos de um pa\u00eds que depende fundamentalmente da educa\u00e7\u00e3o para avan\u00e7ar ainda mais. Para ela, destacar\u00e1 o pa\u00eds que \u201ctiver terra, \u00e1gua, florestas e c\u00e9rebros treinados\u201d.<\/p>\n<p>M\u00edriam Leit\u00e3o disse ter se encantado com a UFLA, por ter um c\u00e2mpus integrado, que realiza pesquisa de ponta, sem perder o foco no desenvolvimento regional. \u201cEu vi com muita alegria o trabalho que \u00e9 feito aqui e tamb\u00e9m o esfor\u00e7o para que o conhecimento n\u00e3o fique enclausurado dentro da universidade. A pesquisa pura leva \u00e0 pesquisa aplicada, que tem que chegar ao produtor, que tem que chegar \u00e0 economia e fazer a roda girar\u201d, ressaltou.<\/p>\n<p><strong>Visita ao C\u00e2mpus<\/strong><\/p>\n<p>Acompanhada do reitor, professor Ant\u00f4nio Nazareno Guimar\u00e3es Mendes, de assessores e professores da Universidade, a mais famosa colunista de economia do Brasil degustou caf\u00e9s especiais e conheceu as linhas priorit\u00e1rias de pesquisa da UFLA, Polo de Excel\u00eancia do Caf\u00e9 e Instituto Nacional de Ci\u00eancia e Tecnologia do Caf\u00e9 (INCT\/Caf\u00e9).<\/p>\n<p>Tamb\u00e9m foi apresentada \u00e0s pesquisas de ponta realizadas no Lemaf, respons\u00e1vel pela gera\u00e7\u00e3o de conhecimentos e tecnologias que julga extremamente relevantes para o desafio do Brasil no que tange \u00e0 prote\u00e7\u00e3o do patrim\u00f4nio natural.<\/p>\n<p>Ap\u00f3s a palestra, a jornalista autografou os livros de sua autoria<em>, Conv\u00e9m Sonhar<\/em> e <em>A Saga Brasileira: a longa luta de um povo por sua moeda<\/em>. M\u00edriam Leit\u00e3o \u00e9 conhecida nacionalmente pela sua participa\u00e7\u00e3o em ve\u00edculos como jornal O Globo, R\u00e1dio CBN, Globo News e Rede Globo de Televis\u00e3o, especialmente no jornal Bom Dia Brasil.<\/p>\n<p>Veja a galeria de fotos. Clique na primeira foto e siga a seta para visualizar as demais em tamanho expandido.<\/p>\nngg_shortcode_0_placeholder\n<p>&nbsp;<\/p>\n","protected":false},"excerpt":{"rendered":"<p>Com a desenvoltura de mais de 40 anos de experi\u00eancia como colunista de importantes ve\u00edculos de comunica\u00e7\u00e3o, M\u00edriam Leit\u00e3o falou de economia, mas tamb\u00e9m de liberdade, comunica\u00e7\u00e3o e esperan\u00e7a. Conduziu os participantes da confer\u00eancia a um resgate dos desafios enfrentados (&#8230;)<\/p>\n","protected":false},"author":6,"featured_media":0,"comment_status":"closed","ping_status":"closed","sticky":false,"template":"","format":"standard","meta":{"ngg_post_thumbnail":0,"footnotes":""},"categories":[1],"tags":[544,622],"class_list":["post-9448","post","type-post","status-publish","format-standard","hentry","category-noticias","tag-dex","tag-programa-verao"],"_links":{"self":[{"href":"https:\/\/www.ufla.br\/dcom\/wp-json\/wp\/v2\/posts\/9448","targetHints":{"allow":["GET"]}}],"collection":[{"href":"https:\/\/www.ufla.br\/dcom\/wp-json\/wp\/v2\/posts"}],"about":[{"href":"https:\/\/www.ufla.br\/dcom\/wp-json\/wp\/v2\/types\/post"}],"author":[{"embeddable":true,"href":"https:\/\/www.ufla.br\/dcom\/wp-json\/wp\/v2\/users\/6"}],"replies":[{"embeddable":true,"href":"https:\/\/www.ufla.br\/dcom\/wp-json\/wp\/v2\/comments?post=9448"}],"version-history":[{"count":7,"href":"https:\/\/www.ufla.br\/dcom\/wp-json\/wp\/v2\/posts\/9448\/revisions"}],"predecessor-version":[{"id":9459,"href":"https:\/\/www.ufla.br\/dcom\/wp-json\/wp\/v2\/posts\/9448\/revisions\/9459"}],"wp:attachment":[{"href":"https:\/\/www.ufla.br\/dcom\/wp-json\/wp\/v2\/media?parent=9448"}],"wp:term":[{"taxonomy":"category","embeddable":true,"href":"https:\/\/www.ufla.br\/dcom\/wp-json\/wp\/v2\/categories?post=9448"},{"taxonomy":"post_tag","embeddable":true,"href":"https:\/\/www.ufla.br\/dcom\/wp-json\/wp\/v2\/tags?post=9448"}],"curies":[{"name":"wp","href":"https:\/\/api.w.org\/{rel}","templated":true}]}}