{"id":9435,"date":"2012-03-05T12:43:44","date_gmt":"2012-03-05T14:43:44","guid":{"rendered":"http:\/\/www.ufla.br\/ascom\/?p=9435"},"modified":"2015-02-25T10:31:14","modified_gmt":"2015-02-25T12:31:14","slug":"projeto-rondon-lanca-edital-para-operacoes-de-2012","status":"publish","type":"post","link":"https:\/\/www.ufla.br\/dcom\/2012\/03\/05\/projeto-rondon-lanca-edital-para-operacoes-de-2012\/","title":{"rendered":"Projeto Rondon lan\u00e7a edital para opera\u00e7\u00f5es de 2012"},"content":{"rendered":"<h6><a href=\"http:\/\/www.ufla.br\/ascom\/wp-content\/uploads\/2012\/03\/PICT0412.jpg\"><img loading=\"lazy\" decoding=\"async\" class=\"alignleft size-medium wp-image-9436\" title=\"\" alt=\"\" src=\"http:\/\/www.ufla.br\/ascom\/wp-content\/uploads\/2012\/03\/PICT0412-300x225.jpg\" width=\"300\" height=\"225\" srcset=\"https:\/\/www.ufla.br\/dcom\/wp-content\/uploads\/2012\/03\/PICT0412-300x225.jpg 300w, https:\/\/www.ufla.br\/dcom\/wp-content\/uploads\/2012\/03\/PICT0412.jpg 600w\" sizes=\"auto, (max-width: 300px) 100vw, 300px\" \/><\/a><\/h6>\n<p>O Projeto Rondon divulgou, no dia 2 de mar\u00e7o, o convite para as institui\u00e7\u00f5es de ensino superior (IES) brasileiras participarem das opera\u00e7\u00f5es de 2012. Neste ano, o projeto realizar\u00e1 as opera\u00e7\u00f5es A\u00e7a\u00ed (no Par\u00e1, de 6 a 22 de julho) e Capim Dourado (no Tocantins, de 13 a 29 de julho).<\/p>\n<p>Para participar, a IES deve elaborar proposta de trabalho contemplando a\u00e7\u00f5es assistenciais e envi\u00e1-las \u2013 no caso da UFLA, via Pr\u00f3-Reitoria de Extens\u00e3o e Cultura \u2013 at\u00e9 o dia 30 de mar\u00e7o. A proposta deve conter a\u00e7\u00f5es que a equipe pretende realizar em todas as \u00e1reas tem\u00e1ticas dos eixos A ou B (Eixo A: cultura, direitos humanos e justi\u00e7a, educa\u00e7\u00e3o e sa\u00fade. Eixo B: comunica\u00e7\u00e3o, tecnologia e produ\u00e7\u00e3o, meio ambiente e trabalho). Podem ser enviadas at\u00e9 4 projetos da UFLA, cada um deles especificando uma opera\u00e7\u00e3o e um eixo.<\/p>\n<p>As equipes comp\u00f5em-se de 10 rondonistas, sendo dois professores e oito alunos de gradua\u00e7\u00e3o. Os alunos selecionados devem estar cursando no m\u00ednimo a segunda metade do curso e formar uma equipe multidisciplinar. N\u00e3o ser\u00e3o aceitos estudantes que participaram de opera\u00e7\u00f5es anteriores.<\/p>\n<p>O Projeto Rondon, coordenado pelo Minist\u00e9rio da Defesa, tem como objetivo desenvolver a integra\u00e7\u00e3o social por meio da participa\u00e7\u00e3o volunt\u00e1ria de estudantes universit\u00e1rios em a\u00e7\u00f5es assistenciais em comunidades carentes, visando ao seu bem-estar e desenvolvimento sustent\u00e1vel.<\/p>\n<p><a href=\"https:\/\/www.defesa.gov.br\/arquivos\/2012\/mes03\/convite_op_jul_2012.pdf\">Acesse aqui<\/a> o\u00a0edital para a participa\u00e7\u00e3o das IES, com as normas e o cronograma detalhados.<\/p>\n<p>&nbsp;<\/p>\n","protected":false},"excerpt":{"rendered":"<p>O Projeto Rondon divulgou, no dia 2 de mar\u00e7o, o convite para as institui\u00e7\u00f5es de ensino superior (IES) brasileiras participarem das opera\u00e7\u00f5es de 2012. Neste ano, o projeto realizar\u00e1 as opera\u00e7\u00f5es A\u00e7a\u00ed (no Par\u00e1, de 6 a 22 de julho) e Capim Dourado (no Tocantins, de 13 a 29 de julho) (&#8230;)<\/p>\n","protected":false},"author":8,"featured_media":0,"comment_status":"closed","ping_status":"closed","sticky":false,"template":"","format":"standard","meta":{"ngg_post_thumbnail":0,"footnotes":""},"categories":[1],"tags":[],"class_list":["post-9435","post","type-post","status-publish","format-standard","hentry","category-noticias"],"_links":{"self":[{"href":"https:\/\/www.ufla.br\/dcom\/wp-json\/wp\/v2\/posts\/9435","targetHints":{"allow":["GET"]}}],"collection":[{"href":"https:\/\/www.ufla.br\/dcom\/wp-json\/wp\/v2\/posts"}],"about":[{"href":"https:\/\/www.ufla.br\/dcom\/wp-json\/wp\/v2\/types\/post"}],"author":[{"embeddable":true,"href":"https:\/\/www.ufla.br\/dcom\/wp-json\/wp\/v2\/users\/8"}],"replies":[{"embeddable":true,"href":"https:\/\/www.ufla.br\/dcom\/wp-json\/wp\/v2\/comments?post=9435"}],"version-history":[{"count":4,"href":"https:\/\/www.ufla.br\/dcom\/wp-json\/wp\/v2\/posts\/9435\/revisions"}],"predecessor-version":[{"id":18634,"href":"https:\/\/www.ufla.br\/dcom\/wp-json\/wp\/v2\/posts\/9435\/revisions\/18634"}],"wp:attachment":[{"href":"https:\/\/www.ufla.br\/dcom\/wp-json\/wp\/v2\/media?parent=9435"}],"wp:term":[{"taxonomy":"category","embeddable":true,"href":"https:\/\/www.ufla.br\/dcom\/wp-json\/wp\/v2\/categories?post=9435"},{"taxonomy":"post_tag","embeddable":true,"href":"https:\/\/www.ufla.br\/dcom\/wp-json\/wp\/v2\/tags?post=9435"}],"curies":[{"name":"wp","href":"https:\/\/api.w.org\/{rel}","templated":true}]}}