{"id":9408,"date":"2012-03-02T14:00:49","date_gmt":"2012-03-02T16:00:49","guid":{"rendered":"http:\/\/www.ufla.br\/ascom\/?p=9408"},"modified":"2015-02-25T10:31:32","modified_gmt":"2015-02-25T12:31:32","slug":"fundacoes-de-apoio-a-ufla-tem-nova-composicao-administrativa","status":"publish","type":"post","link":"https:\/\/www.ufla.br\/dcom\/2012\/03\/02\/fundacoes-de-apoio-a-ufla-tem-nova-composicao-administrativa\/","title":{"rendered":"Funda\u00e7\u00f5es de Apoio \u00e0 UFLA t\u00eam nova composi\u00e7\u00e3o administrativa"},"content":{"rendered":"<h6>Cibele Aguiar<\/h6>\n<p><a href=\"http:\/\/www.ufla.br\/ascom\/wp-content\/uploads\/2012\/03\/02.03-funda\u00e7\u00f5es-21.jpg\"><img loading=\"lazy\" decoding=\"async\" class=\"alignright size-medium wp-image-9412\" title=\"02.03 funda\u00e7\u00f5es 2\" src=\"http:\/\/www.ufla.br\/ascom\/wp-content\/uploads\/2012\/03\/02.03-funda\u00e7\u00f5es-21-300x139.jpg\" alt=\"\" width=\"300\" height=\"139\" srcset=\"https:\/\/www.ufla.br\/dcom\/wp-content\/uploads\/2012\/03\/02.03-funda\u00e7\u00f5es-21-300x139.jpg 300w, https:\/\/www.ufla.br\/dcom\/wp-content\/uploads\/2012\/03\/02.03-funda\u00e7\u00f5es-21.jpg 504w\" sizes=\"auto, (max-width: 300px) 100vw, 300px\" \/><\/a>As funda\u00e7\u00f5es de apoio ligadas \u00e0 UFLA vivem um momento hist\u00f3rico. A Funda\u00e7\u00e3o de Apoio ao Ensino, Pesquisa e Extens\u00e3o (Faepe), que h\u00e1 35 anos vem apoiando o desenvolvimento cient\u00edfico, tecnol\u00f3gico e cultural, e a Funda\u00e7\u00e3o de Desenvolvimento Cient\u00edfico e Cultural (Fundecc), institu\u00edda em 2006 para facilitar a gest\u00e3o acad\u00eamica e promover as atividades essenciais de pesquisa, extens\u00e3o e inova\u00e7\u00e3o, passaram a ter estruturas comuns, com um \u00fanico conselho deliberativo, fiscal e diretoria executiva. <em><\/em><\/p>\n<p>Instaladas no pr\u00e9dio da Faepe e ap\u00f3s procedimentos legais e estatut\u00e1rios, as Funda\u00e7\u00f5es compartilham uma nova composi\u00e7\u00e3o administrativa: professor Carlos Jos\u00e9 Pimenta &#8211; diretor executivo,\u00a0Devanir Pereira da Silva &#8211; vice-diretor, professor \u00c9lberis Pereira Botrel &#8211; presidente do Conselho Deliberativo e professor Lourival Marin Mendes &#8211; vice-presidente do Conselho Deliberativo.<\/p>\n<p>O Conselho Universit\u00e1rio da Universidade Federal de Lavras (Cuni), em reuni\u00e3o realizada no dia 7 de fevereiro, homologou a composi\u00e7\u00e3o dos conselhos deliberativos para a Faepe e Fundecc. O conselho unificado \u00e9 composto por 11 membros: seis professores da UFLA, um representante da Associa\u00e7\u00e3o dos Docentes da UFLA (AdUfla), um representante do Sindicato dos T\u00e9cnicos Administrativos em Educa\u00e7\u00e3o das Institui\u00e7\u00f5es Federais de Lavras (SindUfla), um representante da Associa\u00e7\u00e3o dos P\u00f3s-Graduandos (APG), um representante do Diret\u00f3rio Central dos Estudantes (DCE) e um representante da sociedade civil.<\/p>\n<p><strong><em>Unifica\u00e7\u00e3o estrat\u00e9gica<\/em><\/strong><\/p>\n<p>A possibilidade de unifica\u00e7\u00e3o entre as funda\u00e7\u00f5es come\u00e7ou a ser discutida no final de 2011 pelos Conselhos Deliberativos da Faepe e da Fundecc, juntamente com a Dire\u00e7\u00e3o Executiva da UFLA e sob a orienta\u00e7\u00e3o do Minist\u00e9rio P\u00fablico do Estado de Minas Gerais &#8211; curador das Funda\u00e7\u00f5es.<\/p>\n<p>Na avalia\u00e7\u00e3o do reitor da UFLA, professor Ant\u00f4nio Nazareno Guimar\u00e3es Mendes, em suas trajet\u00f3rias, as funda\u00e7\u00f5es representaram um instrumento \u00e1gil de intera\u00e7\u00e3o e articula\u00e7\u00e3o entre a Universidade e a Sociedade. \u201cJuntas, as funda\u00e7\u00f5es ter\u00e3o a oportunidade de aumentar a efici\u00eancia de gest\u00e3o, otimizar os recursos e aprimorar a qualidade dos servi\u00e7os de apoio prestados \u00e0 Universidade\u201d, enfatiza.<\/p>\n<p>Para o professor Carlos Pimenta, diretor executivo das Funda\u00e7\u00f5es, a estrutura unificada, o fim de setores em duplicidade e a realoca\u00e7\u00e3o de compet\u00eancias trar\u00e3o equil\u00edbrio financeiro, maior din\u00e2mica e agilidade aos diferentes setores administrativos das funda\u00e7\u00f5es, condi\u00e7\u00e3o necess\u00e1ria para uma nova fase de investimentos e consider\u00e1vel redu\u00e7\u00e3o de despesas. \u201cAp\u00f3s este momento hist\u00f3rico, teremos duas funda\u00e7\u00f5es unidas, s\u00f3lidas, seguras e eficientes na capta\u00e7\u00e3o de recursos e gest\u00e3o de seus projetos, mantendo sempre o foco em apoiar a Universidade\u201d, ressaltou.<\/p>\n","protected":false},"excerpt":{"rendered":"<p>As funda\u00e7\u00f5es de apoio ligadas \u00e0 UFLA vivem um momento hist\u00f3rico. A Funda\u00e7\u00e3o de Apoio ao Ensino, Pesquisa e Extens\u00e3o (Faepe), que h\u00e1 35 anos vem apoiando o desenvolvimento cient\u00edfico, tecnol\u00f3gico e cultural, e a Funda\u00e7\u00e3o de Desenvolvimento Cient\u00edfico e Cultural (Fundecc) (&#8230;)<\/p>\n","protected":false},"author":6,"featured_media":0,"comment_status":"closed","ping_status":"closed","sticky":false,"template":"","format":"standard","meta":{"ngg_post_thumbnail":0,"footnotes":""},"categories":[1],"tags":[],"class_list":["post-9408","post","type-post","status-publish","format-standard","hentry","category-noticias"],"_links":{"self":[{"href":"https:\/\/www.ufla.br\/dcom\/wp-json\/wp\/v2\/posts\/9408","targetHints":{"allow":["GET"]}}],"collection":[{"href":"https:\/\/www.ufla.br\/dcom\/wp-json\/wp\/v2\/posts"}],"about":[{"href":"https:\/\/www.ufla.br\/dcom\/wp-json\/wp\/v2\/types\/post"}],"author":[{"embeddable":true,"href":"https:\/\/www.ufla.br\/dcom\/wp-json\/wp\/v2\/users\/6"}],"replies":[{"embeddable":true,"href":"https:\/\/www.ufla.br\/dcom\/wp-json\/wp\/v2\/comments?post=9408"}],"version-history":[{"count":7,"href":"https:\/\/www.ufla.br\/dcom\/wp-json\/wp\/v2\/posts\/9408\/revisions"}],"predecessor-version":[{"id":9445,"href":"https:\/\/www.ufla.br\/dcom\/wp-json\/wp\/v2\/posts\/9408\/revisions\/9445"}],"wp:attachment":[{"href":"https:\/\/www.ufla.br\/dcom\/wp-json\/wp\/v2\/media?parent=9408"}],"wp:term":[{"taxonomy":"category","embeddable":true,"href":"https:\/\/www.ufla.br\/dcom\/wp-json\/wp\/v2\/categories?post=9408"},{"taxonomy":"post_tag","embeddable":true,"href":"https:\/\/www.ufla.br\/dcom\/wp-json\/wp\/v2\/tags?post=9408"}],"curies":[{"name":"wp","href":"https:\/\/api.w.org\/{rel}","templated":true}]}}