{"id":93633,"date":"2015-08-27T17:16:44","date_gmt":"2015-08-27T20:16:44","guid":{"rendered":"http:\/\/www.ufla.br\/ascom\/?p=93633"},"modified":"2015-09-02T08:56:48","modified_gmt":"2015-09-02T11:56:48","slug":"representantes-da-embaixada-da-franca-visitam-a-ufla-para-ampliar-e-fortalecer-cooperacao","status":"publish","type":"post","link":"https:\/\/www.ufla.br\/dcom\/2015\/08\/27\/representantes-da-embaixada-da-franca-visitam-a-ufla-para-ampliar-e-fortalecer-cooperacao\/","title":{"rendered":"Representantes da Embaixada da Fran\u00e7a visitam a UFLA para ampliar e fortalecer coopera\u00e7\u00e3o"},"content":{"rendered":"<figure id=\"attachment_93635\" aria-describedby=\"caption-attachment-93635\" style=\"width: 249px\" class=\"wp-caption alignright\"><a href=\"http:\/\/www.ufla.br\/ascom\/wp-content\/uploads\/2015\/08\/IMG_2741.jpg\"><img loading=\"lazy\" decoding=\"async\" class=\"size-medium wp-image-93635\" src=\"http:\/\/www.ufla.br\/ascom\/wp-content\/uploads\/2015\/08\/IMG_2741-249x166.jpg\" alt=\"coordenadores de programas de p\u00f3s-gradua\u00e7\u00e3o interessados na parceria com a Fran\u00e7a fizeram a explana\u00e7\u00e3o de suas linhas priorit\u00e1rias de pesquisa e demandas de coopera\u00e7\u00e3o\" width=\"249\" height=\"166\" srcset=\"https:\/\/www.ufla.br\/dcom\/wp-content\/uploads\/2015\/08\/IMG_2741-249x166.jpg 249w, https:\/\/www.ufla.br\/dcom\/wp-content\/uploads\/2015\/08\/IMG_2741-612x408.jpg 612w\" sizes=\"auto, (max-width: 249px) 100vw, 249px\" \/><\/a><figcaption id=\"caption-attachment-93635\" class=\"wp-caption-text\">coordenadores de programas de p\u00f3s-gradua\u00e7\u00e3o interessados na parceria com a Fran\u00e7a fizeram a explana\u00e7\u00e3o de suas linhas priorit\u00e1rias de pesquisa e demandas de coopera\u00e7\u00e3o<\/figcaption><\/figure>\n<p>O Programa de Internacionaliza\u00e7\u00e3o da Universidade Federal de Lavras (UFLA) tem entre seus eixos priorit\u00e1rios a amplia\u00e7\u00e3o da coopera\u00e7\u00e3o com institui\u00e7\u00f5es de refer\u00eancia. Nessa ter\u00e7a-feira (25\/8), a Universidade recebeu a visita de representantes da Embaixada da Fran\u00e7a para conhecer os programas da Institui\u00e7\u00e3o e apresentar oportunidades para ampliar e fortalecer a colabora\u00e7\u00e3o com institui\u00e7\u00f5es francesas.<\/p>\n<p>A visita foi feita pela adida de Coopera\u00e7\u00e3o e A\u00e7\u00e3o Cultural da Embaixada da Fran\u00e7a, Christine Manson, e pelo assessor internacional de Coopera\u00e7\u00e3o Universit\u00e1ria da Embaixada, Vincent Nedelec \u2013 atualmente em atividade no Minist\u00e9rio da Educa\u00e7\u00e3o (MEC) e Coordena\u00e7\u00e3o de Aperfei\u00e7oamento de Pessoal de N\u00edvel Superior (CAPES). Eles apresentaram a\u00e7\u00f5es de fortalecimento do programa Ci\u00eancia sem Fronteiras e Idiomas sem Fronteiras \u2013 Fran\u00e7a, al\u00e9m de um conjunto de programas de coopera\u00e7\u00e3o abertos anualmente \u00e0 comunidade cient\u00edfica, como o <a href=\"http:\/\/capes.gov.br\/cooperacao-internacional\/multinacional\/licenciaturas-internacionais\/licenciaturas-internacionais-franca\">Programa de Licenciaturas Internacionais (<strong>PLI<\/strong>&#8211;<strong>Fran\u00e7a<\/strong>),<\/a> Programa <a href=\"http:\/\/www.csf.campusfrance.org\/pt-br\/content\/programa-brafagri\">CAPES-<strong>Brafagri<\/strong><\/a><strong>, <a href=\"http:\/\/www.capes.gov.br\/cooperacao-internacional\/franca\/brafitec\">Brafitec<\/a> e <a href=\"http:\/\/www.capes.gov.br\/cooperacao-internacional\/franca\/cofecub\">Cofecub.<\/a> <\/strong><\/p>\n<p><a href=\"http:\/\/www.ufla.br\/ascom\/wp-content\/uploads\/2015\/08\/IMG_2739.jpg\"><img loading=\"lazy\" decoding=\"async\" class=\"alignright size-medium wp-image-93634\" src=\"http:\/\/www.ufla.br\/ascom\/wp-content\/uploads\/2015\/08\/IMG_2739-249x166.jpg\" alt=\"IMG_2739\" width=\"249\" height=\"166\" srcset=\"https:\/\/www.ufla.br\/dcom\/wp-content\/uploads\/2015\/08\/IMG_2739-249x166.jpg 249w, https:\/\/www.ufla.br\/dcom\/wp-content\/uploads\/2015\/08\/IMG_2739-612x408.jpg 612w\" sizes=\"auto, (max-width: 249px) 100vw, 249px\" \/><\/a>Inicialmente, eles foram recebidos pela vice-reitora da UFLA, professora \u00c9dila Vilela de Resende Von Pinho e pelo diretor de Rela\u00e7\u00f5es Internacionais da UFLA, professor Ant\u00f4nio Chalfun J\u00fanior, que apresentou um breve hist\u00f3rico da institui\u00e7\u00e3o e a\u00e7\u00f5es do Programa de Internacionaliza\u00e7\u00e3o, al\u00e9m de \u00edndices e indicadores de qualidade. \u201cEssa aproxima\u00e7\u00e3o dever\u00e1 impulsionar novas parcerias e oportunidades de mobilidade docente e discente com institui\u00e7\u00f5es de refer\u00eancia na Fran\u00e7a\u201d, considerou Chalfun.<\/p>\n<p>Na sequ\u00eancia da programa\u00e7\u00e3o, coordenadores de programas de p\u00f3s-gradua\u00e7\u00e3o interessados na parceria com a Fran\u00e7a fizeram a explana\u00e7\u00e3o de suas linhas priorit\u00e1rias de pesquisa e demandas de coopera\u00e7\u00e3o.<\/p>\n<p>Na oportunidade, o professor Arthur de Miranda Neto, do N\u00facleo de Eletricidade e Automa\u00e7\u00e3o (DEG\/UFLA),\u00a0apresentou as a\u00e7\u00f5es que vem desenvolvendo na tem\u00e1tica ve\u00edculos\u00a0inteligentes\u00a0e el\u00e9tricos, por meio de atividades do Laborat\u00f3rio de Mobilidade Terrestre (LMT), que tem a parceria do \u00a0<a href=\"http:\/\/vedecom.fr\/en\/\"><strong>Instituto Vedecom<\/strong><\/a>\u00a0(<em>V\u00e9hicule D\u00e9carbon\u00e9 Communicant et sa Mobilit\u00e9<\/em>) e com o Laborat\u00f3rio Heudiasyc, da <a href=\"http:\/\/www.utc.fr\/\"><strong>Universidade de Tecnologia de Compi\u00e8gne\u00a0<\/strong><\/a>(UTC), ambos na Fran\u00e7a.<\/p>\n<p>O professor Roberto Braga J\u00fanior (DEG\/UFLA), coordenador do <a href=\"http:\/\/www.prpg.ufla.br\/esistemas\/\">Programa de P\u00f3s-Gradua\u00e7\u00e3o em Engenharia de Sistemas e Automa\u00e7\u00e3o<\/a> e coordenador do programa Brafitec na UFLA \u2013 parceria entre a Capes e a ag\u00eancia francesa\u00a0<em>Conf\u00e9rence des Directeurs des Ecoles Fran\u00e7aises d\u2019Ing\u00e9nieurs\u00a0<\/em>(CDEFI), tamb\u00e9m apresentou considera\u00e7\u00f5es sobre a parceria em andamento. Atualmente, nove estudantes de gradua\u00e7\u00e3o da UFLA j\u00e1 est\u00e3o na Fran\u00e7a participando do programa.<\/p>\n<p>A reuni\u00e3o tamb\u00e9m contou com a apresenta\u00e7\u00e3o de <a href=\"http:\/\/www.prpg.ufla.br\/esistemas\/\">programas<\/a> de p\u00f3s-gradua\u00e7\u00e3o interessadas em promover ou fortalecer parcerias j\u00e1 existentes, como <a href=\"http:\/\/www.prpg.ufla.br\/ct-madeira\/\"><strong>P\u00f3s-Gradua\u00e7\u00e3o em Ci\u00eancia e Tecnologia da Madeira<\/strong><\/a> (prof. Jos\u00e9 Tarc\u00edsio Lima &#8211; DCF); <a href=\"http:\/\/www.prpg.ufla.br\/computacao\/\"><strong>Programa de P\u00f3s-Gradua\u00e7\u00e3o em Ci\u00eancia da Computa\u00e7\u00e3o<\/strong><\/a> (prof. Denilson Alves Pereira &#8211; DCC); <a href=\"http:\/\/www.prpg.ufla.br\/zootecnia\/\"><strong>Programa de P\u00f3s-Gradua\u00e7\u00e3o em Zootecnia<\/strong><\/a> (M\u00e1rcio Machado Ladeira\u00a0\u2013 DZO); <a href=\"http:\/\/www.prpg.ufla.br\/fitotecnia\/\"><strong>Programa de P\u00f3s-Gradua\u00e7\u00e3o em Agronomia\/Fitotecnia<\/strong><\/a> (professoras Maria Laene Moreira de Carvalho e Patr\u00edcia Duarte de Oliveira Paiva \u2013 DAG); <a href=\"http:\/\/www.prpg.ufla.br\/solos\/\"><strong>Programa de P\u00f3s-Gradua\u00e7\u00e3o em Ci\u00eancia do Solo<\/strong><\/a> (Luiz Roberto Guimar\u00e3es Guilherme e F\u00e1tima Moreira\u00a0&#8211; DCS); <a href=\"http:\/\/www.prpg.ufla.br\/biotecnologia\/\"><strong>Programa de P\u00f3s-Gradua\u00e7\u00e3o em Biotecnologia Vegetal<\/strong><\/a> (Luciano Vilela Paiva \u2013 DQI)<\/p>\n<p>&nbsp;<\/p>\n<p>&nbsp;<\/p>\n<p>&nbsp;<\/p>\n","protected":false},"excerpt":{"rendered":"<p>O Programa de Internacionaliza\u00e7\u00e3o da Universidade Federal de Lavras (UFLA) tem entre seus eixos priorit\u00e1rios a amplia\u00e7\u00e3o da coopera\u00e7\u00e3o com institui\u00e7\u00f5es de refer\u00eancia. Nessa ter\u00e7a-feira (25\/8), a Universidade recebeu a visita de representantes da Embaixada da Fran\u00e7a para conhecer os programas da Institui\u00e7\u00e3o e apresentar oportunidades para ampliar e fortalecer a colabora\u00e7\u00e3o com institui\u00e7\u00f5es francesas. &hellip; <a href=\"https:\/\/www.ufla.br\/dcom\/2015\/08\/27\/representantes-da-embaixada-da-franca-visitam-a-ufla-para-ampliar-e-fortalecer-cooperacao\/\" class=\"more-link\">Continue lendo <span class=\"screen-reader-text\">Representantes da Embaixada da Fran\u00e7a visitam a UFLA para ampliar e fortalecer coopera\u00e7\u00e3o<\/span> <span class=\"meta-nav\">&rarr;<\/span><\/a><\/p>\n","protected":false},"author":6,"featured_media":0,"comment_status":"closed","ping_status":"closed","sticky":false,"template":"","format":"standard","meta":{"ngg_post_thumbnail":0,"footnotes":""},"categories":[1,10],"tags":[287,432],"class_list":["post-93633","post","type-post","status-publish","format-standard","hentry","category-noticias","category-menores","tag-franca","tag-internacionalizacao"],"_links":{"self":[{"href":"https:\/\/www.ufla.br\/dcom\/wp-json\/wp\/v2\/posts\/93633","targetHints":{"allow":["GET"]}}],"collection":[{"href":"https:\/\/www.ufla.br\/dcom\/wp-json\/wp\/v2\/posts"}],"about":[{"href":"https:\/\/www.ufla.br\/dcom\/wp-json\/wp\/v2\/types\/post"}],"author":[{"embeddable":true,"href":"https:\/\/www.ufla.br\/dcom\/wp-json\/wp\/v2\/users\/6"}],"replies":[{"embeddable":true,"href":"https:\/\/www.ufla.br\/dcom\/wp-json\/wp\/v2\/comments?post=93633"}],"version-history":[{"count":2,"href":"https:\/\/www.ufla.br\/dcom\/wp-json\/wp\/v2\/posts\/93633\/revisions"}],"predecessor-version":[{"id":93664,"href":"https:\/\/www.ufla.br\/dcom\/wp-json\/wp\/v2\/posts\/93633\/revisions\/93664"}],"wp:attachment":[{"href":"https:\/\/www.ufla.br\/dcom\/wp-json\/wp\/v2\/media?parent=93633"}],"wp:term":[{"taxonomy":"category","embeddable":true,"href":"https:\/\/www.ufla.br\/dcom\/wp-json\/wp\/v2\/categories?post=93633"},{"taxonomy":"post_tag","embeddable":true,"href":"https:\/\/www.ufla.br\/dcom\/wp-json\/wp\/v2\/tags?post=93633"}],"curies":[{"name":"wp","href":"https:\/\/api.w.org\/{rel}","templated":true}]}}