{"id":93604,"date":"2015-08-26T17:26:59","date_gmt":"2015-08-26T20:26:59","guid":{"rendered":"http:\/\/www.ufla.br\/ascom\/?p=93604"},"modified":"2015-08-31T09:39:04","modified_gmt":"2015-08-31T12:39:04","slug":"semana-de-ciencia-cultura-e-arte-tera-inicio-nesta-sexta-feira-288","status":"publish","type":"post","link":"https:\/\/www.ufla.br\/dcom\/2015\/08\/26\/semana-de-ciencia-cultura-e-arte-tera-inicio-nesta-sexta-feira-288\/","title":{"rendered":"Semana de Ci\u00eancia, Cultura e Arte ter\u00e1 in\u00edcio nesta sexta-feira (28\/8)"},"content":{"rendered":"<h2><em>Abertura oficial, culto ecum\u00eanico, teatro e show do Teatro M\u00e1gico <\/em><\/h2>\n<p><a href=\"http:\/\/www.ufla.br\/ascom\/wp-content\/uploads\/2015\/08\/teatro-semana.jpg\"><img loading=\"lazy\" decoding=\"async\" class=\"alignright size-medium wp-image-93606\" src=\"http:\/\/www.ufla.br\/ascom\/wp-content\/uploads\/2015\/08\/teatro-semana-249x172.jpg\" alt=\"teatro-semana\" width=\"249\" height=\"172\" srcset=\"https:\/\/www.ufla.br\/dcom\/wp-content\/uploads\/2015\/08\/teatro-semana-249x172.jpg 249w, https:\/\/www.ufla.br\/dcom\/wp-content\/uploads\/2015\/08\/teatro-semana-612x422.jpg 612w, https:\/\/www.ufla.br\/dcom\/wp-content\/uploads\/2015\/08\/teatro-semana.jpg 658w\" sizes=\"auto, (max-width: 249px) 100vw, 249px\" \/><\/a>Para celebrar os 107 anos de atua\u00e7\u00e3o e consolida\u00e7\u00e3o como uma das mais importantes institui\u00e7\u00f5es de ensino do Pa\u00eds, a Universidade Federal de Lavras (UFLA) convida toda a sociedade para a programa\u00e7\u00e3o da Semana de Ci\u00eancia, Cultura e Arte, de 28 de agosto a 5 de setembro.<\/p>\n<p>Al\u00e9m dos shows que ser\u00e3o realizados no Est\u00e1dio da UFLA, a programa\u00e7\u00e3o da Semana de Anivers\u00e1rio inclui atividades para diferentes p\u00fablicos e dever\u00e1 agradar tanto a comunidade acad\u00eamica quanto a sociedade de Lavras. Na sexta-feira (28\/8), haver\u00e1 a abertura oficial, no P\u00e1tio da Reitoria, seguida por culto ecum\u00eanico (Capela), em a\u00e7\u00e3o de gra\u00e7as por mais um ano de realiza\u00e7\u00f5es.<\/p>\n<p><strong>Cultura no c\u00e2mpus<\/strong><\/p>\n<p>A programa\u00e7\u00e3o cultural tamb\u00e9m ter\u00e1 in\u00edcio nesta sexta-feira, com a apresenta\u00e7\u00e3o da pe\u00e7a teatral <strong>A Flor de Manac\u00e1, da Cia Teatral Manic\u00f4micos, <\/strong>de S\u00e3o Jo\u00e3o del-Rei. O grupo mant\u00e9m uma investiga\u00e7\u00e3o e uma produ\u00e7\u00e3o teatral ininterrupta desde 1998, sendo respons\u00e1vel pela cria\u00e7\u00e3o de quatorze espet\u00e1culos que alcan\u00e7aram milhares de pessoas em ruas, pra\u00e7as, escolas, centros comunit\u00e1rios e teatros do pa\u00eds\u00a0e do exterior. Na UFLA, em 2013, a Cia Teatral Manic\u00f4micos encenou o espet\u00e1culo Domdeandar, encantando o p\u00fablico na Cantina Central .<\/p>\n<p>A Flor de Manac\u00e1 \u00e9 uma hist\u00f3ria de amor nascida em solo rude, embalada por can\u00e7\u00f5es de Luiz Gonzaga e Gonzaguinha, contada com humor e poesia em cima de uma lona de circo por sete atores e dois m\u00fasicos. \u00c9 uma adapta\u00e7\u00e3o livre da obra hom\u00f4nima inserida na Cole\u00e7\u00e3o Textos de Dramaturgia \u2013 Circo Teatro \u2013 Cena Minas &#8211; Org. J. Silva. O espet\u00e1culo \u00e9 uma cria\u00e7\u00e3o de Cria\u00e7\u00e3o: Juliano Pereira e Orlando Talarico, concep\u00e7\u00e3o do N\u00facleo de Estudos em Artes Pl\u00e1sticas da Cia Teatral ManiC\u00f4micos e atores do espet\u00e1culo e dire\u00e7\u00e3o de Juliano Pereira.<\/p>\n<p><strong>Teatro M\u00e1gico<\/strong><\/p>\n<p><a href=\"http:\/\/www.ufla.br\/ascom\/wp-content\/uploads\/2015\/08\/\u00b4Teatro-Magico.jpg\"><img loading=\"lazy\" decoding=\"async\" class=\"alignright size-medium wp-image-93605\" src=\"http:\/\/www.ufla.br\/ascom\/wp-content\/uploads\/2015\/08\/\u00b4Teatro-Magico-249x249.jpg\" alt=\"\u00b4Teatro-Magico\" width=\"249\" height=\"249\" srcset=\"https:\/\/www.ufla.br\/dcom\/wp-content\/uploads\/2015\/08\/\u00b4Teatro-Magico-249x249.jpg 249w, https:\/\/www.ufla.br\/dcom\/wp-content\/uploads\/2015\/08\/\u00b4Teatro-Magico-150x150.jpg 150w, https:\/\/www.ufla.br\/dcom\/wp-content\/uploads\/2015\/08\/\u00b4Teatro-Magico-612x612.jpg 612w, https:\/\/www.ufla.br\/dcom\/wp-content\/uploads\/2015\/08\/\u00b4Teatro-Magico.jpg 1328w\" sizes=\"auto, (max-width: 249px) 100vw, 249px\" \/><\/a>A Trupe Teatro M\u00e1gico promete mais uma noite de poesia na abertura dos shows da Semana de Ci\u00eancia, Cultura e Arte, na sexta-feira (28\/8). Neste ano, traz a Lavras o espet\u00e1culo \u201cO TUDO NUMA COISA S\u00d3\u201d, turn\u00ea que comemora mais de uma d\u00e9cada de atividades. Com um repert\u00f3rio que inclui m\u00fasicas de toda a sua trajet\u00f3ria, al\u00e9m de seus grandes sucessos como \u201cO Sol e a Peneira\u201d, \u201cO Anjo Mais Velho\u201d e \u201cAmanh\u00e3&#8230; Ser\u00e1\u201d, entre outros.<\/p>\n<p>Durante esses anos, o TM lan\u00e7ou quatro CDs de est\u00fadio, tr\u00eas DVDs e um \u00e1lbum ao vivo. Atuando na m\u00fasica de forma totalmente independente, tanto na produ\u00e7\u00e3o como na venda e mesmo disponibilizando todo seu conte\u00fado para download gratuito, o grupo j\u00e1 vendeu mais de tr\u00eas milh\u00f5es de CDs e mais de 450 mil DVDs na chamada \u201cLojinha\u201d, um stand de vendas montado durante suas apresenta\u00e7\u00f5es, al\u00e9m da Lojinha virtual (http:\/\/<a href=\"http:\/\/lojinhaoteatromagico.com.br\/\">lojinhaoteatromagico.com.br<\/a>)<\/p>\n<p>Os n\u00fameros da internet tamb\u00e9m s\u00e3o surpreendentes: mais de 20 milh\u00f5es de views no Youtube, 151 mil seguidores do Twitter, quase 19 mil no Instagram, mais de 1.071,000 milh\u00f5es de likes na p\u00e1gina oficial no Facebook e 158 mil seguidores no Google Plus.<\/p>\n<p>O grupo \u00e9 formado por Fernando Anitelli (voz, viol\u00e3o, guitarra), Daniel Santiago (guitarra e dire\u00e7\u00e3o musical), Serginho Carvalho (contra-baixo), Rafael dos Santos (bateria), Ricardo Braga (percuss\u00e3o), Guilherme Ribeiro (teclados), e com as artistas perform\u00e1ticas Andrea Barbour e K\u00e1tia Tortorella.<\/p>\n<p>A banda hoje tem a dire\u00e7\u00e3o musical de Daniel Santiago, m\u00fasico que j\u00e1 trabalhou ao lado de Jo\u00e3o Bosco, Hamilton de Holanda, Hermeto Pascoal, Milton Nascimento, entre outros. O \u00faltimo \u00e1lbum, <em>Gr\u00e3o do Corpo<\/em>, lan\u00e7ado em maio de 2014, evidencia uma fase de amadurecimento musical e a inclus\u00e3o de sonoridades in\u00e9ditas na trajet\u00f3ria do grupo. Nesse trabalho, a banda tece o seu universo l\u00fadico com ares de transgress\u00e3o, transitando entre o rock in roll, a disco club e influ\u00eancias assumidamente urbanas.<\/p>\n<p>A programa\u00e7\u00e3o cultural tem o apoio do Crea MG, Fibria,\u00a0 Cooxup\u00e9, Laveli Fiat e Viva Ve\u00edculos, Supermercados Rex, Ticle Im\u00f3veis,\u00a0 Associa\u00e7\u00e3o Brasileira de Odontologia (ABO), Santa Casa de Miseric\u00f3rdia, Unimed e JP M\u00f3veis.<\/p>\n","protected":false},"excerpt":{"rendered":"<p>Para celebrar os 107 anos de atua\u00e7\u00e3o e consolida\u00e7\u00e3o como uma das mais importantes institui\u00e7\u00f5es de ensino do Pa\u00eds, a Universidade Federal de Lavras (UFLA) convida (&#8230;)<\/p>\n","protected":false},"author":6,"featured_media":0,"comment_status":"closed","ping_status":"closed","sticky":false,"template":"","format":"standard","meta":{"ngg_post_thumbnail":0,"footnotes":""},"categories":[1],"tags":[1582,474],"class_list":["post-93604","post","type-post","status-publish","format-standard","hentry","category-noticias","tag-107-anos","tag-aniversario"],"_links":{"self":[{"href":"https:\/\/www.ufla.br\/dcom\/wp-json\/wp\/v2\/posts\/93604","targetHints":{"allow":["GET"]}}],"collection":[{"href":"https:\/\/www.ufla.br\/dcom\/wp-json\/wp\/v2\/posts"}],"about":[{"href":"https:\/\/www.ufla.br\/dcom\/wp-json\/wp\/v2\/types\/post"}],"author":[{"embeddable":true,"href":"https:\/\/www.ufla.br\/dcom\/wp-json\/wp\/v2\/users\/6"}],"replies":[{"embeddable":true,"href":"https:\/\/www.ufla.br\/dcom\/wp-json\/wp\/v2\/comments?post=93604"}],"version-history":[{"count":4,"href":"https:\/\/www.ufla.br\/dcom\/wp-json\/wp\/v2\/posts\/93604\/revisions"}],"predecessor-version":[{"id":93612,"href":"https:\/\/www.ufla.br\/dcom\/wp-json\/wp\/v2\/posts\/93604\/revisions\/93612"}],"wp:attachment":[{"href":"https:\/\/www.ufla.br\/dcom\/wp-json\/wp\/v2\/media?parent=93604"}],"wp:term":[{"taxonomy":"category","embeddable":true,"href":"https:\/\/www.ufla.br\/dcom\/wp-json\/wp\/v2\/categories?post=93604"},{"taxonomy":"post_tag","embeddable":true,"href":"https:\/\/www.ufla.br\/dcom\/wp-json\/wp\/v2\/tags?post=93604"}],"curies":[{"name":"wp","href":"https:\/\/api.w.org\/{rel}","templated":true}]}}