{"id":93327,"date":"2015-08-20T17:55:24","date_gmt":"2015-08-20T20:55:24","guid":{"rendered":"http:\/\/www.ufla.br\/ascom\/?p=93327"},"modified":"2015-08-25T13:16:50","modified_gmt":"2015-08-25T16:16:50","slug":"professora-do-curso-de-letras-da-ufla-e-autora-de-obras-aprovadas-no-programa-nacional-do-livro-didatico","status":"publish","type":"post","link":"https:\/\/www.ufla.br\/dcom\/2015\/08\/20\/professora-do-curso-de-letras-da-ufla-e-autora-de-obras-aprovadas-no-programa-nacional-do-livro-didatico\/","title":{"rendered":"Professora do curso de Letras da UFLA \u00e9 autora de obras aprovadas no Programa Nacional do Livro Did\u00e1tico"},"content":{"rendered":"<figure id=\"attachment_93329\" aria-describedby=\"caption-attachment-93329\" style=\"width: 612px\" class=\"wp-caption aligncenter\"><a href=\"http:\/\/www.ufla.br\/ascom\/wp-content\/uploads\/2015\/08\/livros-raquel-dch.jpg\"><img loading=\"lazy\" decoding=\"async\" class=\"wp-image-93329 size-large\" src=\"http:\/\/www.ufla.br\/ascom\/wp-content\/uploads\/2015\/08\/livros-raquel-dch-612x306.jpg\" alt=\"livros-raquel-dch\" width=\"612\" height=\"306\" srcset=\"https:\/\/www.ufla.br\/dcom\/wp-content\/uploads\/2015\/08\/livros-raquel-dch-612x306.jpg 612w, https:\/\/www.ufla.br\/dcom\/wp-content\/uploads\/2015\/08\/livros-raquel-dch-249x125.jpg 249w, https:\/\/www.ufla.br\/dcom\/wp-content\/uploads\/2015\/08\/livros-raquel-dch.jpg 800w\" sizes=\"auto, (max-width: 612px) 100vw, 612px\" \/><\/a><figcaption id=\"caption-attachment-93329\" class=\"wp-caption-text\">Imagem extra\u00edda do site da Editora Dimens\u00e3o.<\/figcaption><\/figure>\n<p>Pela segunda vez, a professora do Departamento de Ci\u00eancias Humanas da Universidade Federal de Lavras (DCH\/UFLA) Raquel M\u00e1rcia Fontes Martins tem seu trabalho reconhecido na avalia\u00e7\u00e3o do Programa Nacional do Livro Did\u00e1tico (PNLD), do Minist\u00e9rio da Educa\u00e7\u00e3o (MEC). Ela \u00e9 uma das autoras da cole\u00e7\u00e3o \u201cQuatro Cantos \u2013 Letramento e Alfabetiza\u00e7\u00e3o\u201d, que acaba de ser aprovada no Programa e ir\u00e1 integrar o Guia do Livro Did\u00e1tico.<\/p>\n<p>Raquel Martins escreveu a cole\u00e7\u00e3o em coautoria com a professora do Departamento de M\u00e9todos e T\u00e9cnicas de Ensino da Faculdade de Educa\u00e7\u00e3o da Universidade Federal de Minas Gerais (UFMG) Gladys Rocha, e com a professora alfabetizadora das redes de ensino de Belo Horizonte e do Estado de Minas Gerais Ana de F\u00e1tima Assun\u00e7\u00e3o.\u00a0Os livros produzidos por elas\u00a0foram publicados pela Editora Dimens\u00e3o.<\/p>\n<p>As autoras j\u00e1 haviam conseguido aprova\u00e7\u00e3o de outra cole\u00e7\u00e3o destinada ao mesmo p\u00fablico na edi\u00e7\u00e3o anterior da avalia\u00e7\u00e3o do PNLD. Elas relatam estar muito satisfeitas com o reconhecimento desse novo trabalho. \u201cS\u00e3o anos de estudo e pesquisa para a realiza\u00e7\u00e3o desse tipo de projeto. Estou envolvida nessa atividade desde 2007. Minhas colegas, coautoras, est\u00e3o h\u00e1 mais tempo do que eu. Sem d\u00favida, conseguir aprova\u00e7\u00e3o na criteriosa avalia\u00e7\u00e3o do PNLD \u00e9 uma alegria enorme para qualquer autor de livro did\u00e1tico\u201d, afirma a professora Raquel.<\/p>\n<p>O Programa Nacional do Livro Did\u00e1tico visa dar apoio ao trabalho dos professores em sala de aula, por meio da avalia\u00e7\u00e3o e distribui\u00e7\u00e3o de cole\u00e7\u00f5es de livros did\u00e1ticos destinados a alunos da educa\u00e7\u00e3o b\u00e1sica.\u00a0 A avalia\u00e7\u00e3o, realizada a cada tr\u00eas anos, \u00e9 feita principalmente por docentes das institui\u00e7\u00f5es p\u00fablicas de ensino superior e por professores de redes p\u00fablicas da educa\u00e7\u00e3o b\u00e1sica. Ap\u00f3s a avalia\u00e7\u00e3o, o MEC publica o <em>Guia de Livros Did\u00e1ticos<\/em> (<a href=\"http:\/\/www.fnde.gov.br\/programas\/livro-didatico\/guias-do-pnld\">http:\/\/www.fnde.gov.br\/programas\/livro-didatico\/guias-do-pnld<\/a>) com resenhas das cole\u00e7\u00f5es aprovadas. O guia tem por objetivo auxiliar as escolas a escolherem os t\u00edtulos que melhor atendem ao seu projeto pol\u00edtico-pedag\u00f3gico.<\/p>\n<p>Na UFLA, a professora Raquel, al\u00e9m de ministrar disciplina de aquisi\u00e7\u00e3o da linguagem no curso de Letras, desenvolve pesquisa nessa \u00e1rea, tendo bolsistas em projetos financiados. O principal deles \u00e9 o Projeto Alfaboxe, que apresenta um corpus de escrita infantil, um banco de textos (em torno de tr\u00eas milh\u00f5es) de crian\u00e7as do 1<sup>o<\/sup> ao 3<sup>o<\/sup> ano do ensino fundamental, para diversos estudos sobre a aprendizagem da l\u00edngua escrita.<\/p>\n<p>Para outras informa\u00e7\u00f5es sobre projetos de pesquisa da professora, acesse <a href=\"http:\/\/alfaboxe.com.br\/\">www.alfaboxe.com.br<\/a>.<\/p>\n<p>Para saber mais sobre a cole\u00e7\u00e3o de livros aprovada, consulte informa\u00e7\u00f5es da <a href=\"http:\/\/www.editoradimensao.com.br\/detalhes-produto\/colecao-quatro-cantos--letramento-e-alfabetizacao\/472\">Editora Dimens\u00e3o<\/a>.<\/p>\n<p>Para saber mais sobre o PNLD, consulte informa\u00e7\u00f5es no <a href=\"http:\/\/portal.mec.gov.br\/index.php?Itemid=668id=12391option=com_contentview=article\">site do MEC<\/a>.<\/p>\n<h5>Colabora\u00e7\u00e3o direta no texto: professora Raquel M\u00e1rcia Fontes Martins.<\/h5>\n<p>&nbsp;<\/p>\n<p>&nbsp;<\/p>\n","protected":false},"excerpt":{"rendered":"<p>Pela segunda vez, a professora do Departamento de Ci\u00eancias Humanas da Universidade Federal de Lavras (DCH\/UFLA) Raquel M\u00e1rcia Fontes Martins tem seu trabalho reconhecido na avalia\u00e7\u00e3o do Programa Nacional do Livro Did\u00e1tico (PNLD), do Minist\u00e9rio da Educa\u00e7\u00e3o (MEC). Ela \u00e9 uma das autoras da cole\u00e7\u00e3o \u201cQuatro Cantos \u2013 Letramento e Alfabetiza\u00e7\u00e3o\u201d, que acaba de ser &hellip; <a href=\"https:\/\/www.ufla.br\/dcom\/2015\/08\/20\/professora-do-curso-de-letras-da-ufla-e-autora-de-obras-aprovadas-no-programa-nacional-do-livro-didatico\/\" class=\"more-link\">Continue lendo <span class=\"screen-reader-text\">Professora do curso de Letras da UFLA \u00e9 autora de obras aprovadas no Programa Nacional do Livro Did\u00e1tico<\/span> <span class=\"meta-nav\">&rarr;<\/span><\/a><\/p>\n","protected":false},"author":13,"featured_media":0,"comment_status":"closed","ping_status":"closed","sticky":false,"template":"","format":"standard","meta":{"ngg_post_thumbnail":0,"footnotes":""},"categories":[1,10],"tags":[1005,584],"class_list":["post-93327","post","type-post","status-publish","format-standard","hentry","category-noticias","category-menores","tag-curso-de-letras","tag-dch"],"_links":{"self":[{"href":"https:\/\/www.ufla.br\/dcom\/wp-json\/wp\/v2\/posts\/93327","targetHints":{"allow":["GET"]}}],"collection":[{"href":"https:\/\/www.ufla.br\/dcom\/wp-json\/wp\/v2\/posts"}],"about":[{"href":"https:\/\/www.ufla.br\/dcom\/wp-json\/wp\/v2\/types\/post"}],"author":[{"embeddable":true,"href":"https:\/\/www.ufla.br\/dcom\/wp-json\/wp\/v2\/users\/13"}],"replies":[{"embeddable":true,"href":"https:\/\/www.ufla.br\/dcom\/wp-json\/wp\/v2\/comments?post=93327"}],"version-history":[{"count":6,"href":"https:\/\/www.ufla.br\/dcom\/wp-json\/wp\/v2\/posts\/93327\/revisions"}],"predecessor-version":[{"id":93334,"href":"https:\/\/www.ufla.br\/dcom\/wp-json\/wp\/v2\/posts\/93327\/revisions\/93334"}],"wp:attachment":[{"href":"https:\/\/www.ufla.br\/dcom\/wp-json\/wp\/v2\/media?parent=93327"}],"wp:term":[{"taxonomy":"category","embeddable":true,"href":"https:\/\/www.ufla.br\/dcom\/wp-json\/wp\/v2\/categories?post=93327"},{"taxonomy":"post_tag","embeddable":true,"href":"https:\/\/www.ufla.br\/dcom\/wp-json\/wp\/v2\/tags?post=93327"}],"curies":[{"name":"wp","href":"https:\/\/api.w.org\/{rel}","templated":true}]}}