{"id":90614,"date":"2015-07-28T15:00:10","date_gmt":"2015-07-28T18:00:10","guid":{"rendered":"http:\/\/www.ufla.br\/ascom\/?p=90614"},"modified":"2015-08-07T16:55:31","modified_gmt":"2015-08-07T19:55:31","slug":"ex-aluno-da-ufla-e-contemplado-com-premio-fundacao-bunge-2015","status":"publish","type":"post","link":"https:\/\/www.ufla.br\/dcom\/2015\/07\/28\/ex-aluno-da-ufla-e-contemplado-com-premio-fundacao-bunge-2015\/","title":{"rendered":"Ex-aluno da UFLA \u00e9 contemplado com Pr\u00eamio Funda\u00e7\u00e3o Bunge 2015"},"content":{"rendered":"<p><strong><a href=\"http:\/\/www.ufla.br\/ascom\/wp-content\/uploads\/2015\/07\/professor-Diego-Fran\u00e7a.jpg\"><img loading=\"lazy\" decoding=\"async\" class=\"alignleft size-medium wp-image-90615\" src=\"http:\/\/www.ufla.br\/ascom\/wp-content\/uploads\/2015\/07\/professor-Diego-Fran\u00e7a-249x154.jpg\" alt=\"professor Diego Fran\u00e7a\" width=\"249\" height=\"154\" srcset=\"https:\/\/www.ufla.br\/dcom\/wp-content\/uploads\/2015\/07\/professor-Diego-Fran\u00e7a-249x154.jpg 249w, https:\/\/www.ufla.br\/dcom\/wp-content\/uploads\/2015\/07\/professor-Diego-Fran\u00e7a-612x377.jpg 612w, https:\/\/www.ufla.br\/dcom\/wp-content\/uploads\/2015\/07\/professor-Diego-Fran\u00e7a.jpg 960w\" sizes=\"auto, (max-width: 249px) 100vw, 249px\" \/><\/a>Diego Antonio Fran\u00e7a de Freitas<\/strong>, ex-aluno da Universidade Federal de Lavras (UFLA) e coordenador de tutoria do curso de P\u00f3s-gradua\u00e7\u00e3o em Educa\u00e7\u00e3o Ambiental (CEAD-UAB) desta Institui\u00e7\u00e3o, foi agraciado com o <strong>Pr\u00eamio Funda\u00e7\u00e3o Bunge 2015<\/strong>\u00a0na categoria Juventude, em que participaram diversos jovens que se destacam em seus campos de atua\u00e7\u00e3o.<\/p>\n<p>\u201cA UFLA foi a principal respons\u00e1vel por minha forma\u00e7\u00e3o acad\u00eamica, sendo que cursei a gradua\u00e7\u00e3o em agronomia (2008), mestrado (2010) e doutorado (2013), no Programa de P\u00f3s-gradua\u00e7\u00e3o em Ci\u00eancia do Solo\u201d, ressalta Diego.<\/p>\n<p>O Pr\u00eamio \u00e9 caracterizado como um dos principais do Brasil. Completando 60 anos, j\u00e1 homenageou diversas personalidades e pesquisadores relevantes para o progresso da Ci\u00eancia e da Cultura do Pa\u00eds, como Di Cavalcante, Carlos Chagas Filho, Oscar Niemeyer, Paulo Freire, Miguel Reale, Alexandre Fadigas de Souza, \u00c9rico Ver\u00edssimo, Jorge Amado e Rachel de Queiroz.<\/p>\n<p>Neste ano, teve como tem\u00e1tica a <strong>r<strong>ecupera\u00e7\u00e3o de solos degradados para a agricultura<\/strong><\/strong>. \u201cFiquei muito contente com o pr\u00eamio, principalmente eu por ter sido indicado pela UFLA\u201d, complementa Diego.<\/p>\n<p>A \u00e1rea de atua\u00e7\u00e3o de Diego Fran\u00e7a \u00e9 com rela\u00e7\u00e3o \u00e0 conserva\u00e7\u00e3o do solo e da \u00e1gua. O ex-aluno da UFLA conta que participou de diversos grupos de pesquisa na sua vida acad\u00eamica: \u201cA UFLA abriu todas as portas para a minha forma\u00e7\u00e3o. Como reflexo dessas pesquisas, foram publicados diversos trabalhos cient\u00edficos, artigos e cap\u00edtulos de livros no Brasil e no exterior\u201d.<\/p>\n<p>Diego tamb\u00e9m ressalta o incentivo que teve do professor <strong>Marx Leandro Naves Silva, do Departamento de Ci\u00eancia do Solo da UFLA (<a href=\"http:\/\/www.dcs.ufla.br\">DCS<\/a>). <\/strong>\u201cO Departamento possui um ambiente de intera\u00e7\u00e3o entre os pesquisadores, uma facilidade de acesso \u00e0 pesquisa e principalmente, est\u00e1 voltado para a real forma\u00e7\u00e3o de pessoas. O professor Marx, meu orientador durante todas as etapas, possui elevada import\u00e2ncia neste Premio, pois sempre garantiu as condi\u00e7\u00f5es para a realiza\u00e7\u00e3o das pesquisas e sempre apoiou as novas ideias\u201d.<\/p>\n<p>O resultado da premia\u00e7\u00e3o foi anunciado na \u00faltima sexta-feira, 24 de julho, ap\u00f3s reuni\u00e3o do j\u00fari formado por reitores de universidades e presidentes de entidades cient\u00edficas e culturais. A cerim\u00f4nia oficial de premia\u00e7\u00e3o ser\u00e1 realizada no dia 30 de setembro, no Pal\u00e1cio dos Bandeirantes, em S\u00e3o Paulo.<\/p>\n<p><strong>O Pr\u00eamio Funda\u00e7\u00e3o Bunge<\/strong><\/p>\n<p>Criado para incentivar as ci\u00eancias, letras e artes, para homenagear o poder transformador dos indiv\u00edduos na sociedade e estimular novos talentos.<\/p>\n<p>Neste ano, recebeu 167 indica\u00e7\u00f5es de 70 entidades acad\u00eamicas e cient\u00edficas brasileiras. Dois profissionais de cada \u00e1rea, com trabalhos relevantes relacionados aos temas \u201cRecupera\u00e7\u00e3o de solos degradados para a agricultura\u201d e \u201cSaneamento b\u00e1sico e manejo de \u00e1gua\u201d foram contemplados nas categorias Vida e Obra e Juventude.<\/p>\n<h5><strong>Texto: Camila Caetano \u2013 jornalista, bolsista\/UFLA<\/strong><\/h5>\n<p>&nbsp;<\/p>\n<p>&nbsp;<\/p>\n","protected":false},"excerpt":{"rendered":"<p>Diego Antonio Fran\u00e7a de Freitas, ex-aluno da Universidade Federal de Lavras (UFLA), e coordenador de tutoria do curso de P\u00f3s-gradua\u00e7\u00e3o em Educa\u00e7\u00e3o Ambiental (CEAD-UAB) desta Institui\u00e7\u00e3o, foi agraciado com o Pr\u00eamio Funda\u00e7\u00e3o Bunge 2015 (&#8230;)<\/p>\n","protected":false},"author":11,"featured_media":0,"comment_status":"closed","ping_status":"closed","sticky":false,"template":"","format":"standard","meta":{"ngg_post_thumbnail":0,"footnotes":""},"categories":[1],"tags":[],"class_list":["post-90614","post","type-post","status-publish","format-standard","hentry","category-noticias"],"_links":{"self":[{"href":"https:\/\/www.ufla.br\/dcom\/wp-json\/wp\/v2\/posts\/90614","targetHints":{"allow":["GET"]}}],"collection":[{"href":"https:\/\/www.ufla.br\/dcom\/wp-json\/wp\/v2\/posts"}],"about":[{"href":"https:\/\/www.ufla.br\/dcom\/wp-json\/wp\/v2\/types\/post"}],"author":[{"embeddable":true,"href":"https:\/\/www.ufla.br\/dcom\/wp-json\/wp\/v2\/users\/11"}],"replies":[{"embeddable":true,"href":"https:\/\/www.ufla.br\/dcom\/wp-json\/wp\/v2\/comments?post=90614"}],"version-history":[{"count":1,"href":"https:\/\/www.ufla.br\/dcom\/wp-json\/wp\/v2\/posts\/90614\/revisions"}],"predecessor-version":[{"id":90616,"href":"https:\/\/www.ufla.br\/dcom\/wp-json\/wp\/v2\/posts\/90614\/revisions\/90616"}],"wp:attachment":[{"href":"https:\/\/www.ufla.br\/dcom\/wp-json\/wp\/v2\/media?parent=90614"}],"wp:term":[{"taxonomy":"category","embeddable":true,"href":"https:\/\/www.ufla.br\/dcom\/wp-json\/wp\/v2\/categories?post=90614"},{"taxonomy":"post_tag","embeddable":true,"href":"https:\/\/www.ufla.br\/dcom\/wp-json\/wp\/v2\/tags?post=90614"}],"curies":[{"name":"wp","href":"https:\/\/api.w.org\/{rel}","templated":true}]}}