{"id":90474,"date":"2015-07-15T11:57:43","date_gmt":"2015-07-15T14:57:43","guid":{"rendered":"http:\/\/www.ufla.br\/ascom\/?p=90474"},"modified":"2015-07-20T12:19:48","modified_gmt":"2015-07-20T15:19:48","slug":"curso-de-medicina-recebeu-nova-visita-de-comissao-do-mec-que-acompanha-implantacao","status":"publish","type":"post","link":"https:\/\/www.ufla.br\/dcom\/2015\/07\/15\/curso-de-medicina-recebeu-nova-visita-de-comissao-do-mec-que-acompanha-implantacao\/","title":{"rendered":"Curso de Medicina recebeu nova visita de comiss\u00e3o do MEC que acompanha implanta\u00e7\u00e3o"},"content":{"rendered":"<p><a href=\"http:\/\/www.ufla.br\/ascom\/wp-content\/uploads\/2015\/07\/reuniao-ceaem-medicina-ufla.jpg\"><img loading=\"lazy\" decoding=\"async\" class=\"alignleft size-medium wp-image-90475\" src=\"http:\/\/www.ufla.br\/ascom\/wp-content\/uploads\/2015\/07\/reuniao-ceaem-medicina-ufla-249x166.jpg\" alt=\"reuniao-ceaem-medicina-ufla\" width=\"249\" height=\"166\" srcset=\"https:\/\/www.ufla.br\/dcom\/wp-content\/uploads\/2015\/07\/reuniao-ceaem-medicina-ufla-249x166.jpg 249w, https:\/\/www.ufla.br\/dcom\/wp-content\/uploads\/2015\/07\/reuniao-ceaem-medicina-ufla-612x408.jpg 612w, https:\/\/www.ufla.br\/dcom\/wp-content\/uploads\/2015\/07\/reuniao-ceaem-medicina-ufla.jpg 1000w\" sizes=\"auto, (max-width: 249px) 100vw, 249px\" \/><\/a>Nos dias 8 e 9 de julho, a UFLA recebeu a visita da professora Oscarina da Silva Ezequiel, presidente da Comiss\u00e3o Especial de Avalia\u00e7\u00e3o de Escolas M\u00e9dicas do Minist\u00e9rio da Educa\u00e7\u00e3o (Ceaem-MEC). Integrando a Pol\u00edtica Nacional de Expans\u00e3o das Escolas M\u00e9dicas das Institui\u00e7\u00f5es Federais de Educa\u00e7\u00e3o Superior, a visita teve o objetivo de acompanhar e avaliar o processo de implanta\u00e7\u00e3o do curso de <strong>Medicina<\/strong> da UFLA, oferecendo colabora\u00e7\u00f5es e compartilhamento de experi\u00eancias.<\/p>\n<p>A presidente da Ceaem conheceu mais detalhes sobre a proposta pedag\u00f3gica e a infraestrutura do curso. Na UFLA, ela reuniu-se com membros da Dire\u00e7\u00e3o Executiva, todos os docentes que ministram aulas no curso e tamb\u00e9m com os estudantes.<\/p>\n<p>A professora Oscarina Ezequiel, que \u00e9 docente da Faculdade de Medicina da Universidade Federal de Juiz de Fora\u00a0(UFJF), ressaltou, durante as reuni\u00f5es, que o curso est\u00e1 alinhado com as diretrizes curriculares do MEC para os cursos de Medicina, focadas no atendimento \u00e0 comunidade, aten\u00e7\u00e3o b\u00e1sica e alinhamento com o Sistema \u00danico de Sa\u00fade (SUS).<\/p>\n<p>A visita foi considerada bastante satisfat\u00f3ria pela coordenadora do curso, professora Joziana Bar\u00e7ante. \u201cA implanta\u00e7\u00e3o de Medicina foi um trabalho \u00e1rduo, inclusive por estar em uma \u00e1rea nova na Universidade. Por\u00e9m tem sido muito recompensador\u201d, afirmou.<\/p>\n<p>Nos dias 23 e 24 de setembro, haver\u00e1 uma nova visita da Ceaem \u00e0 UFLA. Em <a href=\"http:\/\/www.ufla.br\/ascom\/2014\/08\/15\/comissao-de-mec-visita-ufla-e-sistema-de-saude-de-lavras-para-acompanhar-implantacao-do-curso-de-medicina\/\">agosto de 2014, havia ocorrido uma visita dessa comiss\u00e3o<\/a>.<\/p>\n<h5><strong>Com informa\u00e7\u00f5es de Loren Andrade \u2013 bolsista Ascom\/DSA<\/strong><\/h5>\n<p>&nbsp;<\/p>\n","protected":false},"excerpt":{"rendered":"<p>Nos dias 8 e 9 de julho, a UFLA recebeu a visita da professora Oscarina da Silva Ezequiel, presidente da Comiss\u00e3o Especial de Avalia\u00e7\u00e3o de Escolas M\u00e9dicas do Minist\u00e9rio da Educa\u00e7\u00e3o (Ceaem-MEC). Integrando a Pol\u00edtica Nacional de Expans\u00e3o das Escolas M\u00e9dicas das Institui\u00e7\u00f5es Federais de Educa\u00e7\u00e3o Superior, a visita teve o objetivo de acompanhar e &hellip; <a href=\"https:\/\/www.ufla.br\/dcom\/2015\/07\/15\/curso-de-medicina-recebeu-nova-visita-de-comissao-do-mec-que-acompanha-implantacao\/\" class=\"more-link\">Continue lendo <span class=\"screen-reader-text\">Curso de Medicina recebeu nova visita de comiss\u00e3o do MEC que acompanha implanta\u00e7\u00e3o<\/span> <span class=\"meta-nav\">&rarr;<\/span><\/a><\/p>\n","protected":false},"author":8,"featured_media":0,"comment_status":"closed","ping_status":"closed","sticky":false,"template":"","format":"standard","meta":{"ngg_post_thumbnail":0,"footnotes":""},"categories":[1,10],"tags":[941],"class_list":["post-90474","post","type-post","status-publish","format-standard","hentry","category-noticias","category-menores","tag-medicina"],"_links":{"self":[{"href":"https:\/\/www.ufla.br\/dcom\/wp-json\/wp\/v2\/posts\/90474","targetHints":{"allow":["GET"]}}],"collection":[{"href":"https:\/\/www.ufla.br\/dcom\/wp-json\/wp\/v2\/posts"}],"about":[{"href":"https:\/\/www.ufla.br\/dcom\/wp-json\/wp\/v2\/types\/post"}],"author":[{"embeddable":true,"href":"https:\/\/www.ufla.br\/dcom\/wp-json\/wp\/v2\/users\/8"}],"replies":[{"embeddable":true,"href":"https:\/\/www.ufla.br\/dcom\/wp-json\/wp\/v2\/comments?post=90474"}],"version-history":[{"count":1,"href":"https:\/\/www.ufla.br\/dcom\/wp-json\/wp\/v2\/posts\/90474\/revisions"}],"predecessor-version":[{"id":90476,"href":"https:\/\/www.ufla.br\/dcom\/wp-json\/wp\/v2\/posts\/90474\/revisions\/90476"}],"wp:attachment":[{"href":"https:\/\/www.ufla.br\/dcom\/wp-json\/wp\/v2\/media?parent=90474"}],"wp:term":[{"taxonomy":"category","embeddable":true,"href":"https:\/\/www.ufla.br\/dcom\/wp-json\/wp\/v2\/categories?post=90474"},{"taxonomy":"post_tag","embeddable":true,"href":"https:\/\/www.ufla.br\/dcom\/wp-json\/wp\/v2\/tags?post=90474"}],"curies":[{"name":"wp","href":"https:\/\/api.w.org\/{rel}","templated":true}]}}