{"id":90348,"date":"2015-07-09T18:02:56","date_gmt":"2015-07-09T21:02:56","guid":{"rendered":"http:\/\/www.ufla.br\/ascom\/?p=90348"},"modified":"2015-07-13T15:58:07","modified_gmt":"2015-07-13T18:58:07","slug":"festival-viva-volei-sera-realizado-nessa-sexta-feira-em-lavras","status":"publish","type":"post","link":"https:\/\/www.ufla.br\/dcom\/2015\/07\/09\/festival-viva-volei-sera-realizado-nessa-sexta-feira-em-lavras\/","title":{"rendered":"Festival Viva V\u00f4lei ser\u00e1 realizado nesta sexta-feira em Lavras"},"content":{"rendered":"<p><a href=\"http:\/\/www.ufla.br\/ascom\/wp-content\/uploads\/2015\/07\/viva-volei.jpg\"><img loading=\"lazy\" decoding=\"async\" class=\"aligncenter size-large wp-image-90352\" src=\"http:\/\/www.ufla.br\/ascom\/wp-content\/uploads\/2015\/07\/viva-volei-612x457.jpg\" alt=\"viva-volei\" width=\"612\" height=\"457\" srcset=\"https:\/\/www.ufla.br\/dcom\/wp-content\/uploads\/2015\/07\/viva-volei-612x457.jpg 612w, https:\/\/www.ufla.br\/dcom\/wp-content\/uploads\/2015\/07\/viva-volei-249x186.jpg 249w, https:\/\/www.ufla.br\/dcom\/wp-content\/uploads\/2015\/07\/viva-volei.jpg 748w\" sizes=\"auto, (max-width: 612px) 100vw, 612px\" \/><\/a><\/p>\n<p>Nesta sexta-feira (10\/7) ser\u00e1 realizada mais uma edi\u00e7\u00e3o do Festival Viva V\u00f4lei em Lavras. O evento \u00e9 organizado por estudantes e professores do curso de Educa\u00e7\u00e3o F\u00edsica da Universidade Federal de Lavras (UFLA).<\/p>\n<p>O Festival comemorar\u00e1 o anivers\u00e1rio da Escola Professor Jos\u00e9 Luiz de Mesquita, no bairro Cidade Nova, e ser\u00e1 realizado das 9h \u00e0s 11h e das 15h \u00e0s 17h, com a participa\u00e7\u00e3o de crian\u00e7as entre sete e 15 anos. Al\u00e9m das partidas de v\u00f4lei, a programa\u00e7\u00e3o compreende outras atividades de recrea\u00e7\u00e3o.<\/p>\n<p>O festival realizado por estudantes da disciplina Organiza\u00e7\u00e3o, Gest\u00e3o e Marketing, orientados pelo professor de Educa\u00e7\u00e3o F\u00edsica da UFLA Marcelo de Castro Teixeira, tem o objetivo de oferecer recrea\u00e7\u00e3o e incentivo \u00e0 pr\u00e1tica do v\u00f4lei, enquanto divulga essa modalidade esportiva.<\/p>\n<p>O projeto foi criado em 1999 pela Confedera\u00e7\u00e3o Brasileira de Voleibol (CBV), que em 2003 fundou o Instituto Viva-V\u00f4lei com uma chancela da UNESCO. Em Lavras, o projeto teve in\u00edcio em 2010, tendo como padrinhos a ex-levantadora da sele\u00e7\u00e3o brasileira Marcelle Mendes e o campe\u00e3o mundial Andr\u00e9 Heller. O objetivo \u00e9 oferecer aos participantes uma oportunidade de recrea\u00e7\u00e3o tendo como apelo a divulga\u00e7\u00e3o do esporte.<\/p>\n<h5><strong>Texto: Camila Caetano \u2013 jornalista, bolsista\/UFLA <\/strong><\/h5>\n","protected":false},"excerpt":{"rendered":"<p>Nesta sexta-feira (10\/7) ser\u00e1 realizada mais uma edi\u00e7\u00e3o do Festival Viva V\u00f4lei em Lavras. O evento \u00e9 organizado por estudantes e professores do curso de Educa\u00e7\u00e3o F\u00edsica da Universidade Federal de Lavras (UFLA). O Festival comemorar\u00e1 o anivers\u00e1rio da Escola Professor Jos\u00e9 Luiz de Mesquita, no bairro Cidade Nova, e ser\u00e1 realizado das 9h \u00e0s &hellip; <a href=\"https:\/\/www.ufla.br\/dcom\/2015\/07\/09\/festival-viva-volei-sera-realizado-nessa-sexta-feira-em-lavras\/\" class=\"more-link\">Continue lendo <span class=\"screen-reader-text\">Festival Viva V\u00f4lei ser\u00e1 realizado nesta sexta-feira em Lavras<\/span> <span class=\"meta-nav\">&rarr;<\/span><\/a><\/p>\n","protected":false},"author":9,"featured_media":0,"comment_status":"closed","ping_status":"closed","sticky":false,"template":"","format":"standard","meta":{"ngg_post_thumbnail":0,"footnotes":""},"categories":[1],"tags":[210],"class_list":["post-90348","post","type-post","status-publish","format-standard","hentry","category-noticias","tag-esporte-2"],"_links":{"self":[{"href":"https:\/\/www.ufla.br\/dcom\/wp-json\/wp\/v2\/posts\/90348","targetHints":{"allow":["GET"]}}],"collection":[{"href":"https:\/\/www.ufla.br\/dcom\/wp-json\/wp\/v2\/posts"}],"about":[{"href":"https:\/\/www.ufla.br\/dcom\/wp-json\/wp\/v2\/types\/post"}],"author":[{"embeddable":true,"href":"https:\/\/www.ufla.br\/dcom\/wp-json\/wp\/v2\/users\/9"}],"replies":[{"embeddable":true,"href":"https:\/\/www.ufla.br\/dcom\/wp-json\/wp\/v2\/comments?post=90348"}],"version-history":[{"count":2,"href":"https:\/\/www.ufla.br\/dcom\/wp-json\/wp\/v2\/posts\/90348\/revisions"}],"predecessor-version":[{"id":90362,"href":"https:\/\/www.ufla.br\/dcom\/wp-json\/wp\/v2\/posts\/90348\/revisions\/90362"}],"wp:attachment":[{"href":"https:\/\/www.ufla.br\/dcom\/wp-json\/wp\/v2\/media?parent=90348"}],"wp:term":[{"taxonomy":"category","embeddable":true,"href":"https:\/\/www.ufla.br\/dcom\/wp-json\/wp\/v2\/categories?post=90348"},{"taxonomy":"post_tag","embeddable":true,"href":"https:\/\/www.ufla.br\/dcom\/wp-json\/wp\/v2\/tags?post=90348"}],"curies":[{"name":"wp","href":"https:\/\/api.w.org\/{rel}","templated":true}]}}