{"id":90323,"date":"2015-07-09T11:11:25","date_gmt":"2015-07-09T14:11:25","guid":{"rendered":"http:\/\/www.ufla.br\/ascom\/?p=90323"},"modified":"2015-07-10T13:48:38","modified_gmt":"2015-07-10T16:48:38","slug":"professor-da-ufla-foi-convidado-especial-da-international-silage-conference-mudancas-climaticas-e-erros-de-manejo-foram-o-foco-da-apresentacao","status":"publish","type":"post","link":"https:\/\/www.ufla.br\/dcom\/2015\/07\/09\/professor-da-ufla-foi-convidado-especial-da-international-silage-conference-mudancas-climaticas-e-erros-de-manejo-foram-o-foco-da-apresentacao\/","title":{"rendered":"Professor da UFLA foi convidado especial da International Silage Conference \u2013 mudan\u00e7as clim\u00e1ticas e erros de manejo foram o foco da apresenta\u00e7\u00e3o"},"content":{"rendered":"<figure id=\"attachment_90324\" aria-describedby=\"caption-attachment-90324\" style=\"width: 249px\" class=\"wp-caption alignleft\"><a href=\"http:\/\/www.ufla.br\/ascom\/wp-content\/uploads\/2015\/07\/thiago-bernades.jpg\"><img loading=\"lazy\" decoding=\"async\" class=\"size-medium wp-image-90324\" src=\"http:\/\/www.ufla.br\/ascom\/wp-content\/uploads\/2015\/07\/thiago-bernades-249x187.jpg\" alt=\"professor Thiago Bernardes apresenta resultados de pesquisa durante a 17\u00aa International Silage Conference\" width=\"249\" height=\"187\" srcset=\"https:\/\/www.ufla.br\/dcom\/wp-content\/uploads\/2015\/07\/thiago-bernades-249x187.jpg 249w, https:\/\/www.ufla.br\/dcom\/wp-content\/uploads\/2015\/07\/thiago-bernades-612x459.jpg 612w\" sizes=\"auto, (max-width: 249px) 100vw, 249px\" \/><\/a><figcaption id=\"caption-attachment-90324\" class=\"wp-caption-text\">professor Thiago Bernardes apresenta resultados de pesquisa durante a 17\u00aa International Silage Conference<\/figcaption><\/figure>\n<p>No per\u00edodo de 1 a 3 de julho, o Brasil sediou pela primeira vez a <em>International Silage Conference, <\/em>considerada a mais importante para os pesquisadores que trabalham com silagem no mundo. O evento foi realizado em piracicaba, tendo como institui\u00e7\u00e3o anfitri\u00e3 a Escola Superior de Agricultura &#8220;Luiz de Queiroz\u201d<strong> &#8211; <\/strong>Universidade de S\u00e3o (Esalq\/USP). Apenas doze pesquisadores foram convidados como prelecionistas especiais, entre eles, o \u00fanico brasileiro foi o professor Thiago Bernardes, do departamento de Zootecnia da Universidade Federal de Lavras (DZO\/UFLA).<\/p>\n<p>Durante a apresenta\u00e7\u00e3o, com a presen\u00e7a de pesquisadores de diferentes partes do mundo, o professor ressaltou as pr\u00e1ticas mais comuns no Brasil para a produ\u00e7\u00e3o de silagem, incluindo os desafios e avan\u00e7os nos \u00faltimos anos. De acordo com o professor, o convite \u00e9 resultado do impacto de um artigo recentemente publicado pelo grupo de pesquisa da UFLA no <em>Journal of Dairy Science<\/em>, um dos peri\u00f3dicos mais importantes da \u00e1rea de Zootecnia.<\/p>\n<p>O artigo traz um levantamento realizado com cerca de 300 produtores de 25 estados brasileiros, sobre as pr\u00e1ticas de confec\u00e7\u00e3o e uso de silagens em fazendas leiteiras. No estudo, ficou evidenciada a exist\u00eancia de dois grandes grupos de produtores, aqueles que possuem recursos financeiros e que adotam tecnologias e o outro grupo, geralmente caracterizado pelos pequenos que ainda sofrem com falta de equipamentos e insumos. Este segundo grupo geralmente confecciona silagem de pior qualidade, pois n\u00e3o possuem m\u00e1quinas para se realizar a colheita na \u00e9poca correta, os quais dependem de empr\u00e9stimo de equipamentos. Os grandes produtores, de forma geral, confeccionam silagens de qualidade satisfat\u00f3ria, mas enfrentam falta de m\u00e3o de obra.<\/p>\n<p>Por meio dos resultados desta pesquisa foi poss\u00edvel concluir que os produtores brasileiros necessitam de mais linhas de cr\u00e9dito para adquirir equipamentos e de uma extens\u00e3o rural mais eficiente, de forma que haja uma conex\u00e3o segura entre as pesquisas que s\u00e3o desenvolvidas e as pr\u00e1ticas que s\u00e3o aplicadas.<\/p>\n<p>\u201cAmbos os grupos t\u00eam sofrido com as mudan\u00e7as clim\u00e1ticas, principalmente a seca, que afeta a produtividade das culturas, al\u00e9m de erros de manejo, que s\u00e3o considerados b\u00e1sicos para quem est\u00e1 na atividade\u201d, enfatizou.<\/p>\n<p>Al\u00e9m do professor Thiago Bernardes, sete integrantes do N\u00facleo de Estudos sobre Forragicultura (Nefor) participaram da confer\u00eancia para apresenta\u00e7\u00e3o de trabalhos na forma de p\u00f4steres.<\/p>\n","protected":false},"excerpt":{"rendered":"<p>No per\u00edodo de 1 a 3 de julho, o Brasil sediou pela primeira vez a International Silage Conference, considerada a mais importante para os pesquisadores que trabalham com silagem no mundo. O evento foi realizado em piracicaba, tendo como institui\u00e7\u00e3o anfitri\u00e3 a Escola Superior de Agricultura &#8220;Luiz de Queiroz\u201d &#8211; Universidade de S\u00e3o (Esalq\/USP). Apenas &hellip; <a href=\"https:\/\/www.ufla.br\/dcom\/2015\/07\/09\/professor-da-ufla-foi-convidado-especial-da-international-silage-conference-mudancas-climaticas-e-erros-de-manejo-foram-o-foco-da-apresentacao\/\" class=\"more-link\">Continue lendo <span class=\"screen-reader-text\">Professor da UFLA foi convidado especial da International Silage Conference \u2013 mudan\u00e7as clim\u00e1ticas e erros de manejo foram o foco da apresenta\u00e7\u00e3o<\/span> <span class=\"meta-nav\">&rarr;<\/span><\/a><\/p>\n","protected":false},"author":6,"featured_media":0,"comment_status":"closed","ping_status":"closed","sticky":false,"template":"","format":"standard","meta":{"ngg_post_thumbnail":0,"footnotes":""},"categories":[1,10],"tags":[432],"class_list":["post-90323","post","type-post","status-publish","format-standard","hentry","category-noticias","category-menores","tag-internacionalizacao"],"_links":{"self":[{"href":"https:\/\/www.ufla.br\/dcom\/wp-json\/wp\/v2\/posts\/90323","targetHints":{"allow":["GET"]}}],"collection":[{"href":"https:\/\/www.ufla.br\/dcom\/wp-json\/wp\/v2\/posts"}],"about":[{"href":"https:\/\/www.ufla.br\/dcom\/wp-json\/wp\/v2\/types\/post"}],"author":[{"embeddable":true,"href":"https:\/\/www.ufla.br\/dcom\/wp-json\/wp\/v2\/users\/6"}],"replies":[{"embeddable":true,"href":"https:\/\/www.ufla.br\/dcom\/wp-json\/wp\/v2\/comments?post=90323"}],"version-history":[{"count":1,"href":"https:\/\/www.ufla.br\/dcom\/wp-json\/wp\/v2\/posts\/90323\/revisions"}],"predecessor-version":[{"id":90325,"href":"https:\/\/www.ufla.br\/dcom\/wp-json\/wp\/v2\/posts\/90323\/revisions\/90325"}],"wp:attachment":[{"href":"https:\/\/www.ufla.br\/dcom\/wp-json\/wp\/v2\/media?parent=90323"}],"wp:term":[{"taxonomy":"category","embeddable":true,"href":"https:\/\/www.ufla.br\/dcom\/wp-json\/wp\/v2\/categories?post=90323"},{"taxonomy":"post_tag","embeddable":true,"href":"https:\/\/www.ufla.br\/dcom\/wp-json\/wp\/v2\/tags?post=90323"}],"curies":[{"name":"wp","href":"https:\/\/api.w.org\/{rel}","templated":true}]}}