{"id":90286,"date":"2015-07-08T18:03:07","date_gmt":"2015-07-08T21:03:07","guid":{"rendered":"http:\/\/www.ufla.br\/ascom\/?p=90286"},"modified":"2015-07-09T17:26:09","modified_gmt":"2015-07-09T20:26:09","slug":"associacao-comunitaria-dos-bairros-jardim-gloria-e-campestres-i-ii-e-iii-tem-o-suporte-da-incubacoop","status":"publish","type":"post","link":"https:\/\/www.ufla.br\/dcom\/2015\/07\/08\/associacao-comunitaria-dos-bairros-jardim-gloria-e-campestres-i-ii-e-iii-tem-o-suporte-da-incubacoop\/","title":{"rendered":"Associa\u00e7\u00e3o Comunit\u00e1ria dos Bairros Jardim Gl\u00f3ria e Campestres I, II e III tem o suporte da Incubacoop"},"content":{"rendered":"<figure id=\"attachment_90287\" aria-describedby=\"caption-attachment-90287\" style=\"width: 249px\" class=\"wp-caption alignleft\"><a href=\"http:\/\/www.ufla.br\/ascom\/wp-content\/uploads\/2015\/07\/incubacoop-associacao.jpg\"><img loading=\"lazy\" decoding=\"async\" class=\"wp-image-90287 size-medium\" src=\"http:\/\/www.ufla.br\/ascom\/wp-content\/uploads\/2015\/07\/incubacoop-associacao-249x196.jpg\" alt=\"incubacoop-associacao\" width=\"249\" height=\"196\" srcset=\"https:\/\/www.ufla.br\/dcom\/wp-content\/uploads\/2015\/07\/incubacoop-associacao-249x196.jpg 249w, https:\/\/www.ufla.br\/dcom\/wp-content\/uploads\/2015\/07\/incubacoop-associacao-612x481.jpg 612w, https:\/\/www.ufla.br\/dcom\/wp-content\/uploads\/2015\/07\/incubacoop-associacao.jpg 800w\" sizes=\"auto, (max-width: 249px) 100vw, 249px\" \/><\/a><figcaption id=\"caption-attachment-90287\" class=\"wp-caption-text\">Reuni\u00e3o realizada no PSF &#8211; Jardim Gl\u00f3ria com coordenadores da ACBJGC. Foto: divulga\u00e7\u00e3o.<\/figcaption><\/figure>\n<p>Membros da Incubadora Tecnol\u00f3gica de Cooperativas Populares (Incubacoop\/UFLA) estiveram no Programa Sa\u00fade da Fam\u00edlia do bairro Jardim Gloria (PSF-12) para o desenvolvimento de um trabalho com os coordenadores da Associa\u00e7\u00e3o Comunit\u00e1ria dos Bairros Jardim Gl\u00f3ria e Campestres I, II e III (ACBJGC). A Associa\u00e7\u00e3o procurou a Incubacoop h\u00e1 cerca de dois meses, buscando suporte e orienta\u00e7\u00e3o para colocar em pr\u00e1tica diferentes projetos.<\/p>\n<p>Uma das fases do trabalho desenvolvido pela Incubacoop envolve a realiza\u00e7\u00e3o do Diagn\u00f3stico R\u00e1pido Participativo e Emancipador (DRPE), m\u00e9todo pelo qual os pr\u00f3prios membros da Associa\u00e7\u00e3o s\u00e3o\u00a0incentivados a refletir sobre suas demandas e sobre poss\u00edveis necessidades de transforma\u00e7\u00e3o.\u00a0 O DRPE foi aplicado em 26\/6, com a presen\u00e7a de seis membros da Incubacoop e de oito integrantes da ACBJGC. Para a gestora da Incubadora, \u00c9rica Alves Marques, os objetivos foram atingidos. \u201cConseguimos estimular o di\u00e1logo de modo que o pr\u00f3prio grupo definisse o que deve ser feito. Agora, nosso papel ser\u00e1 auxili\u00e1-los na busca de seus objetivos\u201d.<\/p>\n<p>De acordo com o coordenador de Meio Ambiente da ACBJGC Eduardo Aparecido Pereira, o suporte da Incubacoop poder\u00e1 ajuda-los e transformar projetos em realidade, como a implanta\u00e7\u00e3o do Parque Municipal do Campestre, a conquista de uma sede pr\u00f3pria e o investimento na reciclagem de lixo. Antes do trabalho realizado em 26\/6, membros da Incubadora e da Associa\u00e7\u00e3o j\u00e1 haviam se reunido em outros dois momentos, nos quais foram trocadas informa\u00e7\u00f5es necess\u00e1rias ao estabelecimento da parceria.<\/p>\n<p><strong>Sobre a Incubacoop<\/strong><\/p>\n<p>A Incubadora \u00e9 um projeto de extens\u00e3o da UFLA em curso desde 2005. Seu prop\u00f3sito \u00e9 auxiliar grupos que desejam se organizar em cooperativas. O trabalho tamb\u00e9m se estende a associa\u00e7\u00f5es. Atualmente, seis empreendimentos recebem o atendimento da Incubacoop. <em>Trabalhadores que se encontram em situa\u00e7\u00e3o de trabalho precarizado<\/em> e <em>desempregados que buscam uma recoloca\u00e7\u00e3o no mercado formal<\/em> s\u00e3o p\u00fablicos beneficiados pelo apoio ao cooperativismo.<\/p>\n<p>A coordena\u00e7\u00e3o das atividades da Incubadora \u00e9 feita pelo professor do Departamento de Administra\u00e7\u00e3o e Economia (DAE) Jos\u00e9 Roberto Pereira. Uma equipe de 16 pessoas, que envolve estudantes de gradua\u00e7\u00e3o e p\u00f3s-gradua\u00e7\u00e3o, \u00e9 respons\u00e1vel pelo desenvolvimento dos projetos.<\/p>\n","protected":false},"excerpt":{"rendered":"<p>Membros da Incubadora Tecnol\u00f3gica de Cooperativas Populares (Incubacoop\/UFLA) estiveram no Programa Sa\u00fade da Fam\u00edlia do bairro Jardim Gloria (PSF-12) para o desenvolvimento de um trabalho com os coordenadores da Associa\u00e7\u00e3o Comunit\u00e1ria dos Bairros Jardim Gl\u00f3ria e Campestres I, II e III (ACBJGC). A Associa\u00e7\u00e3o procurou a Incubacoop h\u00e1 cerca de dois meses, buscando suporte e &hellip; <a href=\"https:\/\/www.ufla.br\/dcom\/2015\/07\/08\/associacao-comunitaria-dos-bairros-jardim-gloria-e-campestres-i-ii-e-iii-tem-o-suporte-da-incubacoop\/\" class=\"more-link\">Continue lendo <span class=\"screen-reader-text\">Associa\u00e7\u00e3o Comunit\u00e1ria dos Bairros Jardim Gl\u00f3ria e Campestres I, II e III tem o suporte da Incubacoop<\/span> <span class=\"meta-nav\">&rarr;<\/span><\/a><\/p>\n","protected":false},"author":13,"featured_media":0,"comment_status":"closed","ping_status":"closed","sticky":false,"template":"","format":"standard","meta":{"ngg_post_thumbnail":0,"footnotes":""},"categories":[1,10],"tags":[398,92,740],"class_list":["post-90286","post","type-post","status-publish","format-standard","hentry","category-noticias","category-menores","tag-dae","tag-extensao","tag-incubacoop"],"_links":{"self":[{"href":"https:\/\/www.ufla.br\/dcom\/wp-json\/wp\/v2\/posts\/90286","targetHints":{"allow":["GET"]}}],"collection":[{"href":"https:\/\/www.ufla.br\/dcom\/wp-json\/wp\/v2\/posts"}],"about":[{"href":"https:\/\/www.ufla.br\/dcom\/wp-json\/wp\/v2\/types\/post"}],"author":[{"embeddable":true,"href":"https:\/\/www.ufla.br\/dcom\/wp-json\/wp\/v2\/users\/13"}],"replies":[{"embeddable":true,"href":"https:\/\/www.ufla.br\/dcom\/wp-json\/wp\/v2\/comments?post=90286"}],"version-history":[{"count":1,"href":"https:\/\/www.ufla.br\/dcom\/wp-json\/wp\/v2\/posts\/90286\/revisions"}],"predecessor-version":[{"id":90288,"href":"https:\/\/www.ufla.br\/dcom\/wp-json\/wp\/v2\/posts\/90286\/revisions\/90288"}],"wp:attachment":[{"href":"https:\/\/www.ufla.br\/dcom\/wp-json\/wp\/v2\/media?parent=90286"}],"wp:term":[{"taxonomy":"category","embeddable":true,"href":"https:\/\/www.ufla.br\/dcom\/wp-json\/wp\/v2\/categories?post=90286"},{"taxonomy":"post_tag","embeddable":true,"href":"https:\/\/www.ufla.br\/dcom\/wp-json\/wp\/v2\/tags?post=90286"}],"curies":[{"name":"wp","href":"https:\/\/api.w.org\/{rel}","templated":true}]}}