{"id":89941,"date":"2015-07-02T11:10:41","date_gmt":"2015-07-02T14:10:41","guid":{"rendered":"http:\/\/www.ufla.br\/ascom\/?p=89941"},"modified":"2015-07-03T17:06:41","modified_gmt":"2015-07-03T20:06:41","slug":"estudantes-e-professores-da-ufla-apresentam-resultados-de-pesquisas-no-simposio-de-pesquisas-do-cafe-do-brasil","status":"publish","type":"post","link":"https:\/\/www.ufla.br\/dcom\/2015\/07\/02\/estudantes-e-professores-da-ufla-apresentam-resultados-de-pesquisas-no-simposio-de-pesquisas-do-cafe-do-brasil\/","title":{"rendered":"Estudantes e professores da UFLA apresentam resultados de pesquisas no Simp\u00f3sio de Pesquisas do Caf\u00e9 do Brasil"},"content":{"rendered":"<figure id=\"attachment_89942\" aria-describedby=\"caption-attachment-89942\" style=\"width: 612px\" class=\"wp-caption aligncenter\"><a href=\"http:\/\/www.ufla.br\/ascom\/wp-content\/uploads\/2015\/07\/necafe-simposio.jpg\"><img loading=\"lazy\" decoding=\"async\" class=\"size-large wp-image-89942\" src=\"http:\/\/www.ufla.br\/ascom\/wp-content\/uploads\/2015\/07\/necafe-simposio-612x408.jpg\" alt=\"Parte da delega\u00e7\u00e3o da UFLA durante o IX Simp\u00f3sio de Pesquisa Caf\u00e9s do Brasil, em Curitiba\" width=\"612\" height=\"408\" srcset=\"https:\/\/www.ufla.br\/dcom\/wp-content\/uploads\/2015\/07\/necafe-simposio-612x408.jpg 612w, https:\/\/www.ufla.br\/dcom\/wp-content\/uploads\/2015\/07\/necafe-simposio-249x166.jpg 249w, https:\/\/www.ufla.br\/dcom\/wp-content\/uploads\/2015\/07\/necafe-simposio.jpg 1024w\" sizes=\"auto, (max-width: 612px) 100vw, 612px\" \/><\/a><figcaption id=\"caption-attachment-89942\" class=\"wp-caption-text\">Parte da delega\u00e7\u00e3o da UFLA durante o IX Simp\u00f3sio de Pesquisa Caf\u00e9s do Brasil, em Curitiba. Na foto, a presen\u00e7a do gerente-geral da Embrapa Caf\u00e9, Gabriel Bartholo, do gerente-adjunto de Pesquisa e Desenvolvimento, Ant\u00f4nio Fernando Guerra e do professor Rubens Jos\u00e9 Guimar\u00e3es, tutor do Necaf<\/figcaption><\/figure>\n<p>&nbsp;<\/p>\n<p>O IX Simp\u00f3sio de Pesquisa dos Caf\u00e9s do Brasil, que aconteceu entre os dias 24 e 26 de junho, contou com a participa\u00e7\u00e3o de professores e estudantes da \u00a0Universidade Federal de Lavras (UFLA). O N\u00facleo de Estudos em Cafeicultura (Necaf) foi representado por 20 membros, al\u00e9m de representantes do N\u00facleo de Estudos em Qualidade, Industrializa\u00e7\u00e3o e Consumo de Caf\u00e9 (QICaf\u00e9), N\u00facleo de Estudo em P\u00f3s-Colheita de Caf\u00e9 (P\u00f3s-Caf\u00e9) e Setor de Anatomia e Fisiologia Vegetal da UFLA.<\/p>\n<p>Os professores Rubens Jos\u00e9 Guimar\u00e3es, Luiz Gonzaga de Castro J\u00fanior, Fabio Moreira da Silva e Rosemary Gualberto Pereira marcaram presen\u00e7a no evento.<\/p>\n<p>Para o coordenador-geral do N\u00facleo de Estudos em Cafeicultura (<strong>Necaf<\/strong>),\u00a0Leonardo\u00a0Luiz de Oliveira, a participa\u00e7\u00e3o em eventos desse g\u00eanero \u00e9 de extrema import\u00e2ncia para a forma\u00e7\u00e3o complementar dos estudantes. Al\u00e9m de terem acesso a informa\u00e7\u00f5es atualizadas sobre as pesquisas em desenvolvimento em todas as institui\u00e7\u00f5es que t\u00eam o caf\u00e9 como foco de estudos, os estudantes t\u00eam a oportunidade de conhecer novas linhas de pesquisa relacionadas a cultura do caf\u00e9, as tecnologias geradas e as demandas do mercado.<\/p>\n<p>Para o professor Rubens Guimar\u00e3es, tutor do Necaf, o IX Simp\u00f3sio Pesquisa Caf\u00e9s do Brasil foi mais uma oportunidade para a troca de experi\u00eancias, apresenta\u00e7\u00e3o de resultados e intera\u00e7\u00e3o entre os participantes. Apesar das dificuldades enfrentadas na Institui\u00e7\u00e3o para o repasse de recursos do Cons\u00f3rcio Pesquisa Caf\u00e9, o professor refor\u00e7a sua import\u00e2ncia na condu\u00e7\u00e3o do Programa Nacional de Pesquisa, confiando no processo de sua revitaliza\u00e7\u00e3o e in\u00edcio de uma nova fase, para manuten\u00e7\u00e3o e fortalecimento das pesquisas que tanto contribuem para a evolu\u00e7\u00e3o da cafeicultura no Pa\u00eds.<\/p>\n<h5>Texto da jornalista Marina Botelho \u2013 \u00a0bolsista Rede Social do Caf\u00e9\/Cons\u00f3rcio Pesquisa Caf\u00e9.<\/h5>\n","protected":false},"excerpt":{"rendered":"<p>&nbsp; O IX Simp\u00f3sio de Pesquisa dos Caf\u00e9s do Brasil, que aconteceu entre os dias 24 e 26 de junho, contou com a participa\u00e7\u00e3o de professores e estudantes da \u00a0Universidade Federal de Lavras (UFLA). O N\u00facleo de Estudos em Cafeicultura (Necaf) foi representado por 20 membros, al\u00e9m de representantes do N\u00facleo de Estudos em Qualidade, &hellip; <a href=\"https:\/\/www.ufla.br\/dcom\/2015\/07\/02\/estudantes-e-professores-da-ufla-apresentam-resultados-de-pesquisas-no-simposio-de-pesquisas-do-cafe-do-brasil\/\" class=\"more-link\">Continue lendo <span class=\"screen-reader-text\">Estudantes e professores da UFLA apresentam resultados de pesquisas no Simp\u00f3sio de Pesquisas do Caf\u00e9 do Brasil<\/span> <span class=\"meta-nav\">&rarr;<\/span><\/a><\/p>\n","protected":false},"author":6,"featured_media":0,"comment_status":"closed","ping_status":"closed","sticky":false,"template":"","format":"standard","meta":{"ngg_post_thumbnail":0,"footnotes":""},"categories":[1,10],"tags":[168,270],"class_list":["post-89941","post","type-post","status-publish","format-standard","hentry","category-noticias","category-menores","tag-cafe","tag-cafeicultura"],"_links":{"self":[{"href":"https:\/\/www.ufla.br\/dcom\/wp-json\/wp\/v2\/posts\/89941","targetHints":{"allow":["GET"]}}],"collection":[{"href":"https:\/\/www.ufla.br\/dcom\/wp-json\/wp\/v2\/posts"}],"about":[{"href":"https:\/\/www.ufla.br\/dcom\/wp-json\/wp\/v2\/types\/post"}],"author":[{"embeddable":true,"href":"https:\/\/www.ufla.br\/dcom\/wp-json\/wp\/v2\/users\/6"}],"replies":[{"embeddable":true,"href":"https:\/\/www.ufla.br\/dcom\/wp-json\/wp\/v2\/comments?post=89941"}],"version-history":[{"count":3,"href":"https:\/\/www.ufla.br\/dcom\/wp-json\/wp\/v2\/posts\/89941\/revisions"}],"predecessor-version":[{"id":89945,"href":"https:\/\/www.ufla.br\/dcom\/wp-json\/wp\/v2\/posts\/89941\/revisions\/89945"}],"wp:attachment":[{"href":"https:\/\/www.ufla.br\/dcom\/wp-json\/wp\/v2\/media?parent=89941"}],"wp:term":[{"taxonomy":"category","embeddable":true,"href":"https:\/\/www.ufla.br\/dcom\/wp-json\/wp\/v2\/categories?post=89941"},{"taxonomy":"post_tag","embeddable":true,"href":"https:\/\/www.ufla.br\/dcom\/wp-json\/wp\/v2\/tags?post=89941"}],"curies":[{"name":"wp","href":"https:\/\/api.w.org\/{rel}","templated":true}]}}