{"id":89313,"date":"2015-07-08T08:10:51","date_gmt":"2015-07-08T11:10:51","guid":{"rendered":"http:\/\/www.ufla.br\/ascom\/?p=89313"},"modified":"2015-07-09T16:33:31","modified_gmt":"2015-07-09T19:33:31","slug":"proec-lancara-catalogo-de-cursos-de-extensao-20152-entidades-podem-submeter-propostas","status":"publish","type":"post","link":"https:\/\/www.ufla.br\/dcom\/2015\/07\/08\/proec-lancara-catalogo-de-cursos-de-extensao-20152-entidades-podem-submeter-propostas\/","title":{"rendered":"Proec lan\u00e7ar\u00e1 cat\u00e1logo de cursos de extens\u00e3o 2015\/2 \u2013 entidades podem submeter propostas"},"content":{"rendered":"<p><a href=\"http:\/\/www.ufla.br\/ascom\/wp-content\/uploads\/2014\/03\/extensao.jpg\"><img loading=\"lazy\" decoding=\"async\" class=\"alignright size-medium wp-image-30930\" src=\"http:\/\/www.ufla.br\/ascom\/wp-content\/uploads\/2014\/03\/extensao-249x155.jpg\" alt=\"extensao\" width=\"249\" height=\"155\" srcset=\"https:\/\/www.ufla.br\/dcom\/wp-content\/uploads\/2014\/03\/extensao-249x155.jpg 249w, https:\/\/www.ufla.br\/dcom\/wp-content\/uploads\/2014\/03\/extensao.jpg 278w\" sizes=\"auto, (max-width: 249px) 100vw, 249px\" \/><\/a>A\u00a0Pr\u00f3-Reitoria de Extens\u00e3o e Cultura da UFLA (<a href=\"http:\/\/www.proec.ufla.br\/\">Proec<\/a>) lan\u00e7ar\u00e1, no segundo semestre de 2015, um cat\u00e1logo de cursos de extens\u00e3o para este per\u00edodo. O cat\u00e1logo ser\u00e1 composto por cursos promovidos por entidades da UFLA; por isso, a Proec orienta que empresas juniores, n\u00facleos de estudo, grupos PET e PETI\u00a0e Incubadora Tecnol\u00f3gica de Cooperativas Populares (Incubacoop) enviem propostas de <strong>cursos de extens\u00e3o<\/strong> que pretendam oferecer no segundo semestre deste ano.<\/p>\n<p>As propostas dever\u00e3o ser submetidas at\u00e9 as 18 horas do dia 17\/7\/2015. Para isso, os proponentes dever\u00e3o preencher os anexos 1 e 2 do <a href=\"http:\/\/www.proec.ufla.br\/site\/wp-content\/uploads\/2015\/06\/Edital-de-cursos-de-extensao-2015-2.pdf\">Edital<\/a>\u00a0 e submeter as informa\u00e7\u00f5es \u00e0 Proec, nos formatos impresso (assinado pelo coordenador) e digital (endere\u00e7o eletr\u00f4nico: <a href=\"mailto:certificado.proec@proec.ufla.br\">certificado.proec@proec.ufla.br<\/a>).<\/p>\n<p>Essas propostas dever\u00e3o: contemplar uma das \u00e1reas tem\u00e1ticas definidas no Plano Nacional de Extens\u00e3o (consulte o Edital para conhec\u00ea-las); conte\u00fado, carga hor\u00e1ria, objetivos, resultados esperados e forma de avalia\u00e7\u00e3o; justificativa; metodologia; fundamenta\u00e7\u00e3o te\u00f3rica; e cronograma de atividades. O per\u00edodo de execu\u00e7\u00e3o da proposta deve estar entre 8\/9 e 12\/12\/2015.<\/p>\n<p>O julgamento das propostas levar\u00e1 em conta seu impacto social, cultural, pol\u00edtico, econ\u00f4mico e ambiental; a contribui\u00e7\u00e3o para a forma\u00e7\u00e3o do estudante e para a gera\u00e7\u00e3o de novos conhecimentos; a indissociabilidade entre ensino, pesquisa e extens\u00e3o; entre outros aspectos.<\/p>\n<p>O resultado preliminar das propostas selecionadas ser\u00e1 divulgado em 31\/7 e o resultado final, em 12\/8\/2015. A publica\u00e7\u00e3o resultante ser\u00e1 distribu\u00edda \u00e0 comunidade acad\u00eamica e lavrense. Entre os objetivos do cat\u00e1logo, est\u00e3o o de ampliar a integra\u00e7\u00e3o entre a Universidade e a sociedade e o de integrar o ensino e a pesquisa \u00e0 extens\u00e3o.<\/p>\n<p>Saiba mais:\u00a0<a href=\"http:\/\/www.proec.ufla.br\/site\/wp-content\/uploads\/2015\/06\/Edital-de-cursos-de-extensao-2015-2.pdf\">Edital de Submiss\u00e3o de Propostas de Cursos de Extens\u00e3o \u2013 2015\/2<\/a><\/p>\n<p><strong>\u00a0<\/strong><\/p>\n","protected":false},"excerpt":{"rendered":"<p>A\u00a0Pr\u00f3-Reitoria de Extens\u00e3o e Cultura da UFLA (Proec) lan\u00e7ar\u00e1, no segundo semestre de 2015, um cat\u00e1logo de cursos de extens\u00e3o para este per\u00edodo. O cat\u00e1logo ser\u00e1 composto por cursos promovidos por entidades da UFLA; por isso, a Proec orienta que empresas juniores, n\u00facleos de estudo, grupos PET e PETI\u00a0e Incubadora Tecnol\u00f3gica de Cooperativas Populares (Incubacoop) &hellip; <a href=\"https:\/\/www.ufla.br\/dcom\/2015\/07\/08\/proec-lancara-catalogo-de-cursos-de-extensao-20152-entidades-podem-submeter-propostas\/\" class=\"more-link\">Continue lendo <span class=\"screen-reader-text\">Proec lan\u00e7ar\u00e1 cat\u00e1logo de cursos de extens\u00e3o 2015\/2 \u2013 entidades podem submeter propostas<\/span> <span class=\"meta-nav\">&rarr;<\/span><\/a><\/p>\n","protected":false},"author":8,"featured_media":0,"comment_status":"closed","ping_status":"closed","sticky":false,"template":"","format":"standard","meta":{"ngg_post_thumbnail":0,"footnotes":""},"categories":[1,10],"tags":[1457,92,307],"class_list":["post-89313","post","type-post","status-publish","format-standard","hentry","category-noticias","category-menores","tag-catalogo-cursos-de-extensao","tag-extensao","tag-proec"],"_links":{"self":[{"href":"https:\/\/www.ufla.br\/dcom\/wp-json\/wp\/v2\/posts\/89313","targetHints":{"allow":["GET"]}}],"collection":[{"href":"https:\/\/www.ufla.br\/dcom\/wp-json\/wp\/v2\/posts"}],"about":[{"href":"https:\/\/www.ufla.br\/dcom\/wp-json\/wp\/v2\/types\/post"}],"author":[{"embeddable":true,"href":"https:\/\/www.ufla.br\/dcom\/wp-json\/wp\/v2\/users\/8"}],"replies":[{"embeddable":true,"href":"https:\/\/www.ufla.br\/dcom\/wp-json\/wp\/v2\/comments?post=89313"}],"version-history":[{"count":3,"href":"https:\/\/www.ufla.br\/dcom\/wp-json\/wp\/v2\/posts\/89313\/revisions"}],"predecessor-version":[{"id":89316,"href":"https:\/\/www.ufla.br\/dcom\/wp-json\/wp\/v2\/posts\/89313\/revisions\/89316"}],"wp:attachment":[{"href":"https:\/\/www.ufla.br\/dcom\/wp-json\/wp\/v2\/media?parent=89313"}],"wp:term":[{"taxonomy":"category","embeddable":true,"href":"https:\/\/www.ufla.br\/dcom\/wp-json\/wp\/v2\/categories?post=89313"},{"taxonomy":"post_tag","embeddable":true,"href":"https:\/\/www.ufla.br\/dcom\/wp-json\/wp\/v2\/tags?post=89313"}],"curies":[{"name":"wp","href":"https:\/\/api.w.org\/{rel}","templated":true}]}}