{"id":8884,"date":"2012-01-30T13:15:38","date_gmt":"2012-01-30T15:15:38","guid":{"rendered":"http:\/\/www.ufla.br\/ascom\/?p=8884"},"modified":"2015-02-25T10:33:41","modified_gmt":"2015-02-25T12:33:41","slug":"deputado-carlos-arantes-elogia-dinamismo-da-universidade","status":"publish","type":"post","link":"https:\/\/www.ufla.br\/dcom\/2012\/01\/30\/deputado-carlos-arantes-elogia-dinamismo-da-universidade\/","title":{"rendered":"Deputado Carlos Arantes elogia dinamismo da Universidade"},"content":{"rendered":"<h6>Cibele Aguiar<\/h6>\n<figure id=\"attachment_8886\" aria-describedby=\"caption-attachment-8886\" style=\"width: 300px\" class=\"wp-caption alignleft\"><a href=\"http:\/\/www.ufla.br\/ascom\/wp-content\/uploads\/2012\/01\/31.01-deputado.jpg\"><img loading=\"lazy\" decoding=\"async\" class=\"size-medium wp-image-8886\" title=\"31.01 deputado\" src=\"http:\/\/www.ufla.br\/ascom\/wp-content\/uploads\/2012\/01\/31.01-deputado-300x225.jpg\" alt=\"\" width=\"300\" height=\"225\" srcset=\"https:\/\/www.ufla.br\/dcom\/wp-content\/uploads\/2012\/01\/31.01-deputado-300x225.jpg 300w, https:\/\/www.ufla.br\/dcom\/wp-content\/uploads\/2012\/01\/31.01-deputado.jpg 1024w\" sizes=\"auto, (max-width: 300px) 100vw, 300px\" \/><\/a><figcaption id=\"caption-attachment-8886\" class=\"wp-caption-text\">Porfessor Carlos Pimenta, professora Soraya Botelho, deputado Arantes e o reitor da UFLA, professor Ant\u00f4nio Nazareno, durante cerim\u00f4nia de Cola\u00e7\u00e3o de Grau<\/figcaption><\/figure>\n<p>Na sexta-feira (27), a cerim\u00f4nia de Cola\u00e7\u00e3o de Grau dos formandos 2011\/2 contou com a presen\u00e7a do deputado estadual Ant\u00f4nio Carlos Arantes, paraninfo das turmas de Administra\u00e7\u00e3o, Ci\u00eancia da Computa\u00e7\u00e3o, Ci\u00eancias Biol\u00f3gicas, Educa\u00e7\u00e3o F\u00edsica, Engenharia de Alimentos, Matem\u00e1tica (Licenciatura), Qu\u00edmica (Licenciatura) e Sistemas de Informa\u00e7\u00e3o.<\/p>\n<p>Em seu pronunciamento, teceu elogios \u00e0 Universidade e aos avan\u00e7os conquistados nos \u00faltimos anos. \u201cHoje vejo a UFLA maior, mais fortalecida, respeitada e reconhecida como uma das mais importantes institui\u00e7\u00f5es do pa\u00eds\u201d.<\/p>\n<p>Para o deputado, que preside a Comiss\u00e3o de Pol\u00edtica Agropecu\u00e1ria e Agroindustrial da Assembleia Legislativa de Minas Gerais (ALMG), a rela\u00e7\u00e3o entre o governo e a universidade vem de longa data e \u00e9 cada vez mais desejada na sociedade do conhecimento.<\/p>\n<p>\u201cA UFLA \u00e9 a nossa refer\u00eancia. Sua import\u00e2ncia \u00e9 t\u00e3o grande que sedia o Polo de Excel\u00eancia do Caf\u00e9, \u00f3rg\u00e3o ligado \u00e0 Secretaria de Ci\u00eancia e Tecnologia para incentivar a inova\u00e7\u00e3o no setor cafeeiro. A Universidade \u00e9 o ambiente em que est\u00e3o reunidos profissionais com diferentes compet\u00eancias para gerar o conhecimento e as tecnologias demandadas pelo mercado, al\u00e9m de formar profissionais e cidad\u00e3os respons\u00e1veis por apoiar o desenvolvimento da sociedade\u201d, enfatizou o deputado Arantes, sentindo-se honrado por ser paraninfo de jovens profissionais formados na UFLA.<\/p>\n<p>&nbsp;<\/p>\n","protected":false},"excerpt":{"rendered":"<p>Na sexta-feira (27), a cerim\u00f4nia de Cola\u00e7\u00e3o de Grau dos formandos 2011\/2 contou com a presen\u00e7a do deputado estadual Ant\u00f4nio Carlos Arantes, paraninfo das turmas de Administra\u00e7\u00e3o, Ci\u00eancia da Computa\u00e7\u00e3o (&#8230;)<\/p>\n","protected":false},"author":6,"featured_media":0,"comment_status":"closed","ping_status":"closed","sticky":false,"template":"","format":"standard","meta":{"ngg_post_thumbnail":0,"footnotes":""},"categories":[1],"tags":[],"class_list":["post-8884","post","type-post","status-publish","format-standard","hentry","category-noticias"],"_links":{"self":[{"href":"https:\/\/www.ufla.br\/dcom\/wp-json\/wp\/v2\/posts\/8884","targetHints":{"allow":["GET"]}}],"collection":[{"href":"https:\/\/www.ufla.br\/dcom\/wp-json\/wp\/v2\/posts"}],"about":[{"href":"https:\/\/www.ufla.br\/dcom\/wp-json\/wp\/v2\/types\/post"}],"author":[{"embeddable":true,"href":"https:\/\/www.ufla.br\/dcom\/wp-json\/wp\/v2\/users\/6"}],"replies":[{"embeddable":true,"href":"https:\/\/www.ufla.br\/dcom\/wp-json\/wp\/v2\/comments?post=8884"}],"version-history":[{"count":6,"href":"https:\/\/www.ufla.br\/dcom\/wp-json\/wp\/v2\/posts\/8884\/revisions"}],"predecessor-version":[{"id":8899,"href":"https:\/\/www.ufla.br\/dcom\/wp-json\/wp\/v2\/posts\/8884\/revisions\/8899"}],"wp:attachment":[{"href":"https:\/\/www.ufla.br\/dcom\/wp-json\/wp\/v2\/media?parent=8884"}],"wp:term":[{"taxonomy":"category","embeddable":true,"href":"https:\/\/www.ufla.br\/dcom\/wp-json\/wp\/v2\/categories?post=8884"},{"taxonomy":"post_tag","embeddable":true,"href":"https:\/\/www.ufla.br\/dcom\/wp-json\/wp\/v2\/tags?post=8884"}],"curies":[{"name":"wp","href":"https:\/\/api.w.org\/{rel}","templated":true}]}}