{"id":8840,"date":"2012-01-30T12:50:14","date_gmt":"2012-01-30T15:50:14","guid":{"rendered":"http:\/\/www.ufla.br\/ascom\/?p=8840"},"modified":"2012-02-06T13:46:11","modified_gmt":"2012-02-06T16:46:11","slug":"prorrogado-periodo-de-inscricoes-para-mestrado-em-fisica-na-ufla","status":"publish","type":"post","link":"https:\/\/www.ufla.br\/dcom\/2012\/01\/30\/prorrogado-periodo-de-inscricoes-para-mestrado-em-fisica-na-ufla\/","title":{"rendered":"Prorrogado per\u00edodo de inscri\u00e7\u00f5es para Mestrado em F\u00edsica"},"content":{"rendered":"<p><a href=\"http:\/\/www.ufla.br\/ascom\/wp-content\/uploads\/2012\/01\/30.01-fisica-300x183.jpg\"><img loading=\"lazy\" decoding=\"async\" class=\"alignleft size-full wp-image-8843\" title=\"30.01 fisica-300x183\" src=\"http:\/\/www.ufla.br\/ascom\/wp-content\/uploads\/2012\/01\/30.01-fisica-300x183.jpg\" alt=\"\" width=\"300\" height=\"183\" \/><\/a>A Pr\u00f3-Reitoria de P\u00f3s-Gradua\u00e7\u00e3o (PRPG) informa que foi prorrogado o per\u00edodo de inscri\u00e7\u00e3o para o processo seletivo para o Mestrado em F\u00edsica na Universidade Federal de Lavras (UFLA), com in\u00edcio no primeiro semestre letivo de 2012. As inscri\u00e7\u00f5es poder\u00e3o ser realizadas at\u00e9 a meia-noite (24 horas) do dia 3 de fevereiro, via internet, no site: <a href=\"http:\/\/www.prpg.ufla.br\/\">www.prpg.ufla.br<\/a>.<\/p>\n<p>O Programa de P\u00f3s-Gradua\u00e7\u00e3o\u00a0Stricto sensu\u00a0em F\u00edsica (PPGFI) foi concebido no contexto do Cons\u00f3rcio das Universidades Federais do Sul-Sudeste de Minas Gerais, tendo sido aprovado pela Capes\u00a0em 2011. O programa \u00e9 resultado da associa\u00e7\u00e3o ampla entre a UFLA, Universidade Federal de Alfenas (UNIFAL) e Universidade Federal de S\u00e3o Jo\u00e3o Del Rei (UFSJ).<\/p>\n<p>Para a UFLA, ser\u00e3o disponibilizadas seis vagas, n\u00famero que poder\u00e1 ser ampliado conforme disponibilidade de orientadores, bolsas ou compromisso de aprovados suplentes em realizar o curso sem bolsa. O processo seletivo ser\u00e1 constitu\u00eddo pela an\u00e1lise do curr\u00edculo do candidato e por uma prova escrita, que ser\u00e1 realizada no dia 8 de fevereiro. O programa da prova escrita j\u00e1 foi disponibilizado na p\u00e1gina do programa de P\u00f3s-Gradua\u00e7\u00e3o em F\u00edsica (<a href=\"http:\/\/www.prpg.ufla.br\/ppg\/fisica\" target=\"_blank\">www.prpg.ufla.br\/ppg\/fisica<\/a>).<\/p>\n<p><strong>Inscri\u00e7\u00f5es<\/strong><\/p>\n<p>A taxa de inscri\u00e7\u00e3o \u00e9 de R$ 80,00 (oitenta reais), devendo ser recolhida no Banco do Brasil por meio de GRU, dispon\u00edvel no site\u00a0<a href=\"http:\/\/www.ufla.br\/gru-simples\/\" target=\"_blank\">www.ufla.br\/gru-simples\/<\/a>.\u00a0Para o preenchimento da GRU dever\u00e1 ser indicado o nome e CPF do candidato e com os dados a seguir: c\u00f3digo da unidade favorecida: 153032; n\u00ba\u00a0de refer\u00eancia: 306; gest\u00e3o: 15251; compet\u00eancia: Janeiro de 2012; c\u00f3digo de recolhimento: 28832-2; vencimento: 31\/01\/2012. As inscri\u00e7\u00f5es homologadas estar\u00e3o dispon\u00edveis nas p\u00e1ginas dos programas a partir do dia 30 de janeiro.<\/p>\n<p><strong>Resultados<\/strong><\/p>\n<p>O resultado do Processo Seletivo ser\u00e1 divulgado pelo Programa em sua p\u00e1gina da internet at\u00e9 o dia 14 de fevereiro, sendo o resultado final homologado pela PRPG e divulgado no dia 27 de fevereiro no endere\u00e7o: <a href=\"http:\/\/www.prpg.ufla.br\/\">http:\/\/www.prpg.ufla.br\/<\/a>.<\/p>\n<p><a href=\"http:\/\/www.ufla.br\/ascom\/wp-content\/uploads\/2012\/01\/Aditivo_edital_010_201111.pdf\">Acesse o aditivo ao Edital. <\/a><\/p>\n<p>Para mais informa\u00e7\u00f5es, acesse a p\u00e1gina do programa: <a href=\"http:\/\/www.prpg.ufla.br\/ppg\/fisica\">www.prpg.ufla.br\/ppg\/fisica<\/a>.<\/p>\n<p>&nbsp;<\/p>\n","protected":false},"excerpt":{"rendered":"<p>A Pr\u00f3-Reitoria de P\u00f3s-Gradua\u00e7\u00e3o (PRPG) informa que foi prorrogado o per\u00edodo de inscri\u00e7\u00e3o para o processo seletivo para o Mestrado em F\u00edsica na Universidade Federal de Lavras (UFLA), com in\u00edcio no primeiro semestre letivo de 2012 (&#8230;)<\/p>\n","protected":false},"author":6,"featured_media":0,"comment_status":"closed","ping_status":"closed","sticky":false,"template":"","format":"standard","meta":{"ngg_post_thumbnail":0,"footnotes":""},"categories":[1],"tags":[],"class_list":["post-8840","post","type-post","status-publish","format-standard","hentry","category-noticias"],"_links":{"self":[{"href":"https:\/\/www.ufla.br\/dcom\/wp-json\/wp\/v2\/posts\/8840","targetHints":{"allow":["GET"]}}],"collection":[{"href":"https:\/\/www.ufla.br\/dcom\/wp-json\/wp\/v2\/posts"}],"about":[{"href":"https:\/\/www.ufla.br\/dcom\/wp-json\/wp\/v2\/types\/post"}],"author":[{"embeddable":true,"href":"https:\/\/www.ufla.br\/dcom\/wp-json\/wp\/v2\/users\/6"}],"replies":[{"embeddable":true,"href":"https:\/\/www.ufla.br\/dcom\/wp-json\/wp\/v2\/comments?post=8840"}],"version-history":[{"count":6,"href":"https:\/\/www.ufla.br\/dcom\/wp-json\/wp\/v2\/posts\/8840\/revisions"}],"predecessor-version":[{"id":8932,"href":"https:\/\/www.ufla.br\/dcom\/wp-json\/wp\/v2\/posts\/8840\/revisions\/8932"}],"wp:attachment":[{"href":"https:\/\/www.ufla.br\/dcom\/wp-json\/wp\/v2\/media?parent=8840"}],"wp:term":[{"taxonomy":"category","embeddable":true,"href":"https:\/\/www.ufla.br\/dcom\/wp-json\/wp\/v2\/categories?post=8840"},{"taxonomy":"post_tag","embeddable":true,"href":"https:\/\/www.ufla.br\/dcom\/wp-json\/wp\/v2\/tags?post=8840"}],"curies":[{"name":"wp","href":"https:\/\/api.w.org\/{rel}","templated":true}]}}