{"id":88113,"date":"2015-06-25T10:44:30","date_gmt":"2015-06-25T13:44:30","guid":{"rendered":"http:\/\/www.ufla.br\/ascom\/?p=88113"},"modified":"2015-08-10T18:04:10","modified_gmt":"2015-08-10T21:04:10","slug":"desafio-ufla-ultrapassa-2600-ideias-e-inicia-fase-de-avaliacao-das-propostas-participe-e-concorra-a-premios","status":"publish","type":"post","link":"https:\/\/www.ufla.br\/dcom\/2015\/06\/25\/desafio-ufla-ultrapassa-2600-ideias-e-inicia-fase-de-avaliacao-das-propostas-participe-e-concorra-a-premios\/","title":{"rendered":"Desafio UFLA+ ultrapassa 2600 ideias e inicia fase de avalia\u00e7\u00e3o das propostas \u2013 participe e concorra a pr\u00eamios"},"content":{"rendered":"<p>&nbsp;<\/p>\n<p><a href=\"http:\/\/www.ufla.br\/ascom\/wp-content\/uploads\/2015\/06\/desafio-chamada.jpg\"><img loading=\"lazy\" decoding=\"async\" class=\"alignleft wp-image-88118 size-medium\" src=\"http:\/\/www.ufla.br\/ascom\/wp-content\/uploads\/2015\/06\/desafio-chamada-249x197.jpg\" alt=\"desafio-chamada\" width=\"249\" height=\"197\" srcset=\"https:\/\/www.ufla.br\/dcom\/wp-content\/uploads\/2015\/06\/desafio-chamada-249x197.jpg 249w, https:\/\/www.ufla.br\/dcom\/wp-content\/uploads\/2015\/06\/desafio-chamada.jpg 410w\" sizes=\"auto, (max-width: 249px) 100vw, 249px\" \/><\/a><\/p>\n<p>O Desafio <strong>UFLA+\u00a0Solu\u00e7\u00f5es Inovadoras <\/strong>teve a primeira etapa lan\u00e7ada h\u00e1 menos de um m\u00eas e onze temas j\u00e1 mobilizam a comunidade acad\u00eamica e a sociedade em geral. At\u00e9 o momento (25\/6), o desafio registra o envolvimento de1674 pessoas, com 2636\u00a0ideias postadas, 121083 curtidas e 41097 coment\u00e1rios.<\/p>\n<p>Entre voc\u00ea tamb\u00e9m nesta consulta p\u00fablica: qualquer pessoa, da comunidade acad\u00eamica \u2013 ou da comunidade externa \u2013 poder\u00e1 acessar o endere\u00e7o\u00a0<a href=\"http:\/\/www.uflamais.ufla.br\/\"><strong>www.uflamais.ufla.br<\/strong><\/a>, fazer o cadastro, participar do desafio e disputar pr\u00eamios.<\/p>\n<p>Na quinta-feira (18\/6), o comit\u00ea t\u00e9cnico composto para acompanhar o desafio esteve reunido no Sal\u00e3o dos Conselhos da UFLA para avaliar o status do concurso e dar in\u00edcio a uma nova fase: o de avalia\u00e7\u00e3o t\u00e9cnica das propostas. Cada Pr\u00f3-Reitoria e setor envolvido nos desafios v\u00e3o avaliar as ideias sugeridas seguindo a um conjunto de crit\u00e9rios que tem como base a aplicabilidade e o impacto na Universidade.<\/p>\n<p>Cada ideia postada vai ganhar uma indica\u00e7\u00e3o de estrelas, em seu status, que vai sinalizar a pertin\u00eancia de sua aplica\u00e7\u00e3o e tamb\u00e9m os benef\u00edcios para a Institui\u00e7\u00e3o. As ideais, com cinco estrelas, representam sugest\u00f5es com alto impacto e, ainda, alta contribui\u00e7\u00e3o financeira, por exemplo, na redu\u00e7\u00e3o de custos para o custeio da Universidade. De acordo com o coordenador\u00a0da comiss\u00e3o especial designada para acompanhar o desafio, professor Jo\u00e3o Chrysostomo de Resende J\u00fanior, todas as ideias postadas passar\u00e3o por uma avalia\u00e7\u00e3o administrativa, para que se verifique a viabilidade de implanta\u00e7\u00e3o.<\/p>\n<p><strong>Mobiliza\u00e7\u00e3o<\/strong><\/p>\n<p>Organizado na modalidade concurso, o desfio UFLA + tem o objetivo de incentivar a participa\u00e7\u00e3o social e identificar propostas inovadoras que possibilitem melhorias acad\u00eamicas e administrativas na Universidade. Trata-se \u00a0de mais um espa\u00e7o coletivo para a proposi\u00e7\u00e3o de solu\u00e7\u00f5es que contribuam para decis\u00f5es de uma gest\u00e3o compartilhada, ancoradas no trip\u00e9 ensino, pesquisa e extens\u00e3o. Uma forma simples para dar oportunidade a todos da comunidade acad\u00eamica e externa de contribuir com ideias para a Universidade e ainda concorrer a pr\u00eamios.<\/p>\n<p>At\u00e9 o fechamento desta mat\u00e9ria, \u00e0s 11\u00a0horas do dia 25 de junho, o Departamento de Direito (DIR) estava na primeira classifica\u00e7\u00e3o no ranking das pr\u00f3-reitorias, departamentos, setores para concorrer ao pr\u00eamio de 100 mil reais em cr\u00e9ditos para investimento. Para o chefe do DIR, professor Gustavo Pereira Leite Ribeiro, a maior contribui\u00e7\u00e3o do desafio pode ser sintetizada no fortalecimento das rela\u00e7\u00f5es humanas, aspecto central de um curso de Direito que pretende ser diferenciado.<\/p>\n<p>Ele explica que o grande envolvimento do Departamento no desafio \u00e9 resultado do esfor\u00e7o coletivo de estudantes, professores e t\u00e9cnicos administrativos, comprometidos com os ideais da universidade. \u201cSomos um departamento novo e a nossa participa\u00e7\u00e3o contribui para que as pessoas da comunidade acad\u00eamica conhe\u00e7am o curso e as nossas proposi\u00e7\u00f5es. O desafio possibilita o estabelecimento de novos contatos e o fortalecimento das rela\u00e7\u00f5es\u201d, considerou o professor.<\/p>\n<p>Entre as representa\u00e7\u00f5es estudantis, a Nutre Empresa Junior est\u00e1 na frente, em busca da premia\u00e7\u00e3o de 20 mil reais. Para a coordenadora do grupo, a professora Maysa Toloni, o Desafio Ufla + al\u00e9m de incentivar a proposi\u00e7\u00e3o de ideias e solu\u00e7\u00f5es inovadoras para a melhoria da Universidade em v\u00e1rias \u00e1reas, tanto acad\u00eamicas quanto administrativas, estimula o entrosamento\/engajamento entre alunos, professores e comunidade acad\u00eamica.<\/p>\n<p>\u201cAs premia\u00e7\u00f5es estimulam a competi\u00e7\u00e3o entre as entidades estudantis, o que intensifica ainda mais a mobiliza\u00e7\u00e3o dos alunos em busca de melhorias para a Universidade, bem como do pr\u00eamio\u201d. A professora ressalta que os membros da Empresa Nutre Junior est\u00e3o todos envolvidos e empenhados na busca deste pr\u00eamio, com o intuito, principalmente, de conseguir melhorias para a Empresa, criada em 2012, e para a sua consolida\u00e7\u00e3o na institui\u00e7\u00e3o.<\/p>\n<p><strong>Participe<\/strong><\/p>\n<p>A primeira etapa do desafio UFLA+ Solu\u00e7\u00f5es Inovadoras segue at\u00e9 o dia 31 de julho. Os tr\u00eas participantes que at\u00e9 essa data conseguirem mobilizar um apoio maior \u00e0s suas ideias (obtendo maior n\u00famero de curtidas e coment\u00e1rios), ser\u00e3o os vencedores e receber\u00e3o pr\u00eamios. O primeiro colocado ganhar\u00e1 4 mil reais; o segundo, 2 mil e quinhentos reais e o terceiro lugar, mil reais.<\/p>\n<p>Al\u00e9m das premia\u00e7\u00f5es individuais, pr\u00f3-reitorias, departamentos, setores da UFLA e organiza\u00e7\u00f5es estudantis tamb\u00e9m ser\u00e3o premiados, a partir da atua\u00e7\u00e3o dos participantes que se declarem ligados a eles. A\u00a0<strong>pr\u00f3-reitoria, departamento ou setor\u00a0<\/strong>classificada (o) em primeira coloca\u00e7\u00e3o receber\u00e1 o pr\u00eamio de R$100.000,00 (cem mil reais) e a\u00a0<strong>organiza\u00e7\u00e3o estudantil<\/strong>\u00a0classificada em primeira coloca\u00e7\u00e3o receber\u00e1 o pr\u00eamio de R$20.000,00 (Vinte mil reais), em cr\u00e9ditos para empenho, conforme legisla\u00e7\u00e3o vigente e normas operacionais previstas no Edital.<\/p>\n<figure id=\"attachment_88518\" aria-describedby=\"caption-attachment-88518\" style=\"width: 612px\" class=\"wp-caption aligncenter\"><a href=\"http:\/\/www.ufla.br\/ascom\/wp-content\/uploads\/2015\/06\/desafio-status1.jpg\"><img loading=\"lazy\" decoding=\"async\" class=\"wp-image-88518 size-large\" src=\"http:\/\/www.ufla.br\/ascom\/wp-content\/uploads\/2015\/06\/desafio-status1-612x207.jpg\" alt=\"desafio-status\" width=\"612\" height=\"207\" srcset=\"https:\/\/www.ufla.br\/dcom\/wp-content\/uploads\/2015\/06\/desafio-status1-612x207.jpg 612w, https:\/\/www.ufla.br\/dcom\/wp-content\/uploads\/2015\/06\/desafio-status1-249x84.jpg 249w, https:\/\/www.ufla.br\/dcom\/wp-content\/uploads\/2015\/06\/desafio-status1.jpg 1330w\" sizes=\"auto, (max-width: 612px) 100vw, 612px\" \/><\/a><figcaption id=\"caption-attachment-88518\" class=\"wp-caption-text\">Status do desafio \u00e0s 11 horas, do dia 25 de junho de 2015. A cada hora, novas ideias s\u00e3o postadas, curtidas e comentadas.<\/figcaption><\/figure>\n<p>&nbsp;<\/p>\n","protected":false},"excerpt":{"rendered":"<p>O Desafio UFLA+ Solu\u00e7\u00f5es Inovadoras teve a primeira etapa lan\u00e7ada h\u00e1 menos de um m\u00eas e onze temas j\u00e1 mobilizam a comunidade acad\u00eamica e a sociedade em geral. (&#8230;)<\/p>\n","protected":false},"author":6,"featured_media":0,"comment_status":"closed","ping_status":"closed","sticky":false,"template":"","format":"standard","meta":{"ngg_post_thumbnail":0,"footnotes":""},"categories":[1],"tags":[1527,13],"class_list":["post-88113","post","type-post","status-publish","format-standard","hentry","category-noticias","tag-desafio","tag-ufla"],"_links":{"self":[{"href":"https:\/\/www.ufla.br\/dcom\/wp-json\/wp\/v2\/posts\/88113","targetHints":{"allow":["GET"]}}],"collection":[{"href":"https:\/\/www.ufla.br\/dcom\/wp-json\/wp\/v2\/posts"}],"about":[{"href":"https:\/\/www.ufla.br\/dcom\/wp-json\/wp\/v2\/types\/post"}],"author":[{"embeddable":true,"href":"https:\/\/www.ufla.br\/dcom\/wp-json\/wp\/v2\/users\/6"}],"replies":[{"embeddable":true,"href":"https:\/\/www.ufla.br\/dcom\/wp-json\/wp\/v2\/comments?post=88113"}],"version-history":[{"count":7,"href":"https:\/\/www.ufla.br\/dcom\/wp-json\/wp\/v2\/posts\/88113\/revisions"}],"predecessor-version":[{"id":93044,"href":"https:\/\/www.ufla.br\/dcom\/wp-json\/wp\/v2\/posts\/88113\/revisions\/93044"}],"wp:attachment":[{"href":"https:\/\/www.ufla.br\/dcom\/wp-json\/wp\/v2\/media?parent=88113"}],"wp:term":[{"taxonomy":"category","embeddable":true,"href":"https:\/\/www.ufla.br\/dcom\/wp-json\/wp\/v2\/categories?post=88113"},{"taxonomy":"post_tag","embeddable":true,"href":"https:\/\/www.ufla.br\/dcom\/wp-json\/wp\/v2\/tags?post=88113"}],"curies":[{"name":"wp","href":"https:\/\/api.w.org\/{rel}","templated":true}]}}