{"id":87387,"date":"2015-06-09T08:52:40","date_gmt":"2015-06-09T11:52:40","guid":{"rendered":"http:\/\/www.ufla.br\/ascom\/?p=87387"},"modified":"2015-06-11T17:21:57","modified_gmt":"2015-06-11T20:21:57","slug":"biblioteca-universitaria-realiza-levantamento-de-demandas-para-aquisicao-de-livros-em-2015","status":"publish","type":"post","link":"https:\/\/www.ufla.br\/dcom\/2015\/06\/09\/biblioteca-universitaria-realiza-levantamento-de-demandas-para-aquisicao-de-livros-em-2015\/","title":{"rendered":"Biblioteca Universit\u00e1ria realiza levantamento de demandas para aquisi\u00e7\u00e3o de livros em 2015"},"content":{"rendered":"<p><a href=\"http:\/\/www.ufla.br\/ascom\/wp-content\/uploads\/2015\/06\/biblioteca.jpg\"><img loading=\"lazy\" decoding=\"async\" class=\"alignright size-medium wp-image-87388\" src=\"http:\/\/www.ufla.br\/ascom\/wp-content\/uploads\/2015\/06\/biblioteca-249x166.jpg\" alt=\"biblioteca\" width=\"249\" height=\"166\" srcset=\"https:\/\/www.ufla.br\/dcom\/wp-content\/uploads\/2015\/06\/biblioteca-249x166.jpg 249w, https:\/\/www.ufla.br\/dcom\/wp-content\/uploads\/2015\/06\/biblioteca-612x408.jpg 612w, https:\/\/www.ufla.br\/dcom\/wp-content\/uploads\/2015\/06\/biblioteca.jpg 720w\" sizes=\"auto, (max-width: 249px) 100vw, 249px\" \/><\/a>At\u00e9 o dia 10 de junho, quarta-feira, os professores da Universidade Federal de Lavras (UFLA) respons\u00e1veis por disciplinas dever\u00e3o indicar, por meio do Pergamum (Sistema de Gerenciamento de Informa\u00e7\u00e3o da Biblioteca), os t\u00edtulos das bibliografias a serem adquiridos em 2015. As aquisi\u00e7\u00f5es t\u00eam como premissas b\u00e1sicas atender \u00e0s necessidades das disciplinas e \u00e0s exig\u00eancias do Instrumento de Avalia\u00e7\u00e3o do INEP\/MEC, de mar\u00e7o de 2015, no que tange a qualidade dos cursos de gradua\u00e7\u00e3o.<\/p>\n<p>O n\u00famero de t\u00edtulos e exemplares seguir\u00e1 o disposto no Instrumento de Avalia\u00e7\u00e3o de Cursos do MEC, publicado em mar\u00e7o de 2015, <a href=\"http:\/\/www.biblioteca.ufla.br\/wordpress\/wp-content\/uploads\/Instrumento-MEC.pdf\">dispon\u00edvel neste link,<\/a>\u00a0no que se refere a avalia\u00e7\u00e3o nota 5.<\/p>\n<p>Consulte o <a href=\"http:\/\/www.biblioteca.ufla.br\/wordpress\/wp-content\/uploads\/Requisi%C3%A7%C3%A3o-de-livros-na-Biblioteca-01.05.pdf\"><strong>manual de indica\u00e7\u00e3o de t\u00edtulos no Pergamum.<\/strong><\/a><\/p>\n<p><strong><a href=\"http:\/\/www.biblioteca.ufla.br:8080\/pergamumweb\/home_geral\/login.jsp\">Para requisi\u00e7\u00f5es, clique aqui.\u00a0<\/a><\/strong><\/p>\n<p><strong>Recomenda\u00e7\u00f5es<\/strong>:<\/p>\n<p>&#8211; Bibliografia b\u00e1sica: indicar tr\u00eas t\u00edtulos<br \/>\nQuantidade de exemplar: um exemplar para cada \u201cmenos de 5 vagas ofertadas\u201d;<br \/>\n&#8211; Bibliografia complementar: \u00a0indicar cinco t\u00edtulos<br \/>\nQuantidade de exemplar: dois exemplares para cada t\u00edtulo sugerido.<br \/>\n&#8211; Todos os t\u00edtulos indicados devem ser atualizados na ementas das disciplinas no SIG.<\/p>\n<p>Mais informa\u00e7\u00f5es podem ser obtidas na Coordenadoria de Desenvolvimento do Acervo ou pelo link: <a href=\"http:\/\/www.biblioteca.ufla.br\/?page_id=2021\">http:\/\/www.biblioteca.ufla.br\/?page_id=2021<\/a><\/p>\n<p>Ramais: 1175\/1069\/1173<br \/>\n<a href=\"https:\/\/mail.google.com\/mail\/?view=cm&amp;fs=1&amp;tf=1&amp;to=livrosbc@biblioteca.ufla.br\">acervo@biblioteca.ufla.br<\/a><\/p>\n<p>&nbsp;<\/p>\n","protected":false},"excerpt":{"rendered":"<p>At\u00e9 o dia 10 de junho, quarta-feira, os professores da Universidade Federal de Lavras (UFLA) respons\u00e1veis por disciplinas dever\u00e3o indicar, por meio do Pergamum (Sistema de Gerenciamento de Informa\u00e7\u00e3o da Biblioteca), os t\u00edtulos das bibliografias a serem adquiridos em 2015. As aquisi\u00e7\u00f5es t\u00eam como premissas b\u00e1sicas atender \u00e0s necessidades das disciplinas e \u00e0s exig\u00eancias do &hellip; <a href=\"https:\/\/www.ufla.br\/dcom\/2015\/06\/09\/biblioteca-universitaria-realiza-levantamento-de-demandas-para-aquisicao-de-livros-em-2015\/\" class=\"more-link\">Continue lendo <span class=\"screen-reader-text\">Biblioteca Universit\u00e1ria realiza levantamento de demandas para aquisi\u00e7\u00e3o de livros em 2015<\/span> <span class=\"meta-nav\">&rarr;<\/span><\/a><\/p>\n","protected":false},"author":6,"featured_media":0,"comment_status":"closed","ping_status":"closed","sticky":false,"template":"","format":"standard","meta":{"ngg_post_thumbnail":0,"footnotes":""},"categories":[10],"tags":[418],"class_list":["post-87387","post","type-post","status-publish","format-standard","hentry","category-menores","tag-biblioteca"],"_links":{"self":[{"href":"https:\/\/www.ufla.br\/dcom\/wp-json\/wp\/v2\/posts\/87387","targetHints":{"allow":["GET"]}}],"collection":[{"href":"https:\/\/www.ufla.br\/dcom\/wp-json\/wp\/v2\/posts"}],"about":[{"href":"https:\/\/www.ufla.br\/dcom\/wp-json\/wp\/v2\/types\/post"}],"author":[{"embeddable":true,"href":"https:\/\/www.ufla.br\/dcom\/wp-json\/wp\/v2\/users\/6"}],"replies":[{"embeddable":true,"href":"https:\/\/www.ufla.br\/dcom\/wp-json\/wp\/v2\/comments?post=87387"}],"version-history":[{"count":1,"href":"https:\/\/www.ufla.br\/dcom\/wp-json\/wp\/v2\/posts\/87387\/revisions"}],"predecessor-version":[{"id":87389,"href":"https:\/\/www.ufla.br\/dcom\/wp-json\/wp\/v2\/posts\/87387\/revisions\/87389"}],"wp:attachment":[{"href":"https:\/\/www.ufla.br\/dcom\/wp-json\/wp\/v2\/media?parent=87387"}],"wp:term":[{"taxonomy":"category","embeddable":true,"href":"https:\/\/www.ufla.br\/dcom\/wp-json\/wp\/v2\/categories?post=87387"},{"taxonomy":"post_tag","embeddable":true,"href":"https:\/\/www.ufla.br\/dcom\/wp-json\/wp\/v2\/tags?post=87387"}],"curies":[{"name":"wp","href":"https:\/\/api.w.org\/{rel}","templated":true}]}}