{"id":86768,"date":"2015-05-28T11:49:54","date_gmt":"2015-05-28T14:49:54","guid":{"rendered":"http:\/\/www.ufla.br\/ascom\/?p=86768"},"modified":"2015-05-29T16:38:33","modified_gmt":"2015-05-29T19:38:33","slug":"pet-na-praca-estudantes-de-medicina-veterinaria-levam-conhecimentos-a-comunidade-de-lavras","status":"publish","type":"post","link":"https:\/\/www.ufla.br\/dcom\/2015\/05\/28\/pet-na-praca-estudantes-de-medicina-veterinaria-levam-conhecimentos-a-comunidade-de-lavras\/","title":{"rendered":"PET na Pra\u00e7a: estudantes de Medicina Veterin\u00e1ria levam conhecimentos \u00e0 comunidade de Lavras neste domingo"},"content":{"rendered":"<figure id=\"attachment_86769\" aria-describedby=\"caption-attachment-86769\" style=\"width: 249px\" class=\"wp-caption alignleft\"><a href=\"http:\/\/www.ufla.br\/ascom\/wp-content\/uploads\/2015\/05\/Pet-na-Pra\u00e7a.jpg\"><img loading=\"lazy\" decoding=\"async\" class=\"wp-image-86769 size-medium\" src=\"http:\/\/www.ufla.br\/ascom\/wp-content\/uploads\/2015\/05\/Pet-na-Pra\u00e7a-249x166.jpg\" alt=\"A\u00e7\u00e3o realizada no dia 26\/4, pelo PET Veterin\u00e1ria, sobre guarda respons\u00e1vel de c\u00e3es\" width=\"249\" height=\"166\" srcset=\"https:\/\/www.ufla.br\/dcom\/wp-content\/uploads\/2015\/05\/Pet-na-Pra\u00e7a-249x166.jpg 249w, https:\/\/www.ufla.br\/dcom\/wp-content\/uploads\/2015\/05\/Pet-na-Pra\u00e7a-612x408.jpg 612w\" sizes=\"auto, (max-width: 249px) 100vw, 249px\" \/><\/a><figcaption id=\"caption-attachment-86769\" class=\"wp-caption-text\">A\u00e7\u00e3o realizada no dia 26\/4, pelo PET Veterin\u00e1ria, sobre guarda respons\u00e1vel de c\u00e3es<\/figcaption><\/figure>\n<p>O Programa de Educa\u00e7\u00e3o Tutorial de Medicina Veterin\u00e1ria da Universidade Federal de Lavras (PET Veterin\u00e1ria\/UFLA) realiza neste domingo (31\/5) o \u201cPET na Pra\u00e7a\u201d. Os integrantes do grupo estar\u00e3o na pra\u00e7a Dr. Augusto Silva, em Lavras, levando informa\u00e7\u00f5es \u00e0 comunidade acerca dos mitos e verdades da produ\u00e7\u00e3o animal.<\/p>\n<p>As atividades na pra\u00e7a ter\u00e3o in\u00edcio \u00e0s 9 horas, com t\u00e9rmino previsto para as 13 horas. A integrante do PET Veterin\u00e1ria Izabela Cardoso relata que esse projeto tem a finalidade de desmistificar ideias j\u00e1 consolidadas e ainda levar novas informa\u00e7\u00f5es para a popula\u00e7\u00e3o.<\/p>\n<p>O evento ocorre mensalmente, em todos os \u00faltimos domingos e, em cada um, \u00e9 abordado um tema diferente.<\/p>\n<p>Para a integrante do PET Veterin\u00e1ria Beatriz Lago, essa a\u00e7\u00e3o \u00e9 importante para que se possa estreitar a rela\u00e7\u00e3o entre o conhecimento produzido\/adquirido na academia e a sociedade como um todo. \u201cEsperamos colaborar para o processo de conscientiza\u00e7\u00e3o da popula\u00e7\u00e3o, para que todos fa\u00e7am a sua parte\u201d, conclui Beatriz.<\/p>\n<p><a href=\"https:\/\/www.facebook.com\/pages\/PET-Veterin%C3%A1ria-UFLA\/140484036151475\"><strong>Curta a p\u00e1gina do PET Veterin\u00e1ria da UFLA<\/strong><\/a><\/p>\n<h5><strong>Texto: Camila Caetano \u2013 jornalista, bolsista\/UFLA<\/strong><\/h5>\n","protected":false},"excerpt":{"rendered":"<p>O Programa de Educa\u00e7\u00e3o Tutorial de Medicina Veterin\u00e1ria da Universidade Federal de Lavras (PET Veterin\u00e1ria\/UFLA) realiza neste domingo (31\/5) o \u201cPET na Pra\u00e7a\u201d. Os integrantes do grupo estar\u00e3o na pra\u00e7a Dr. Augusto Silva, em Lavras, levando informa\u00e7\u00f5es \u00e0 comunidade acerca dos mitos e verdades da produ\u00e7\u00e3o animal. As atividades na pra\u00e7a ter\u00e3o in\u00edcio \u00e0s 9 &hellip; <a href=\"https:\/\/www.ufla.br\/dcom\/2015\/05\/28\/pet-na-praca-estudantes-de-medicina-veterinaria-levam-conhecimentos-a-comunidade-de-lavras\/\" class=\"more-link\">Continue lendo <span class=\"screen-reader-text\">PET na Pra\u00e7a: estudantes de Medicina Veterin\u00e1ria levam conhecimentos \u00e0 comunidade de Lavras neste domingo<\/span> <span class=\"meta-nav\">&rarr;<\/span><\/a><\/p>\n","protected":false},"author":6,"featured_media":0,"comment_status":"closed","ping_status":"closed","sticky":false,"template":"","format":"standard","meta":{"ngg_post_thumbnail":0,"footnotes":""},"categories":[10],"tags":[596],"class_list":["post-86768","post","type-post","status-publish","format-standard","hentry","category-menores","tag-pet"],"_links":{"self":[{"href":"https:\/\/www.ufla.br\/dcom\/wp-json\/wp\/v2\/posts\/86768","targetHints":{"allow":["GET"]}}],"collection":[{"href":"https:\/\/www.ufla.br\/dcom\/wp-json\/wp\/v2\/posts"}],"about":[{"href":"https:\/\/www.ufla.br\/dcom\/wp-json\/wp\/v2\/types\/post"}],"author":[{"embeddable":true,"href":"https:\/\/www.ufla.br\/dcom\/wp-json\/wp\/v2\/users\/6"}],"replies":[{"embeddable":true,"href":"https:\/\/www.ufla.br\/dcom\/wp-json\/wp\/v2\/comments?post=86768"}],"version-history":[{"count":2,"href":"https:\/\/www.ufla.br\/dcom\/wp-json\/wp\/v2\/posts\/86768\/revisions"}],"predecessor-version":[{"id":86771,"href":"https:\/\/www.ufla.br\/dcom\/wp-json\/wp\/v2\/posts\/86768\/revisions\/86771"}],"wp:attachment":[{"href":"https:\/\/www.ufla.br\/dcom\/wp-json\/wp\/v2\/media?parent=86768"}],"wp:term":[{"taxonomy":"category","embeddable":true,"href":"https:\/\/www.ufla.br\/dcom\/wp-json\/wp\/v2\/categories?post=86768"},{"taxonomy":"post_tag","embeddable":true,"href":"https:\/\/www.ufla.br\/dcom\/wp-json\/wp\/v2\/tags?post=86768"}],"curies":[{"name":"wp","href":"https:\/\/api.w.org\/{rel}","templated":true}]}}