{"id":86760,"date":"2015-05-28T10:24:02","date_gmt":"2015-05-28T13:24:02","guid":{"rendered":"http:\/\/www.ufla.br\/ascom\/?p=86760"},"modified":"2015-06-15T17:11:48","modified_gmt":"2015-06-15T20:11:48","slug":"medicina-veterinaria-da-ufla-e-acreditado-pelo-sistema-arcu-sulmercosul","status":"publish","type":"post","link":"https:\/\/www.ufla.br\/dcom\/2015\/05\/28\/medicina-veterinaria-da-ufla-e-acreditado-pelo-sistema-arcu-sulmercosul\/","title":{"rendered":"Medicina Veterin\u00e1ria da UFLA \u00e9 acreditado pelo Sistema Arcu-Sul\/Mercosul"},"content":{"rendered":"<p><a href=\"http:\/\/www.ufla.br\/ascom\/wp-content\/uploads\/2015\/05\/logo_mercosur.png\"><img loading=\"lazy\" decoding=\"async\" class=\"alignleft wp-image-86761 size-medium\" src=\"http:\/\/www.ufla.br\/ascom\/wp-content\/uploads\/2015\/05\/logo_mercosur-249x179.png\" alt=\"logo_mercosur\" width=\"249\" height=\"179\" srcset=\"https:\/\/www.ufla.br\/dcom\/wp-content\/uploads\/2015\/05\/logo_mercosur-249x179.png 249w, https:\/\/www.ufla.br\/dcom\/wp-content\/uploads\/2015\/05\/logo_mercosur.png 322w\" sizes=\"auto, (max-width: 249px) 100vw, 249px\" \/><\/a>O curso de Medicina Veterin\u00e1ria da Universidade Federal de Lavras (UFLA) foi reconhecido com a<a href=\"http:\/\/edu.mercosur.int\/arcusur\/index.php\/es\/brasil\"> Acredita\u00e7\u00e3o de Qualidade Acad\u00eamica Mercosul de Cursos Universit\u00e1rios (Arcu-Sul)<\/a>, no \u00e2mbito do Setor Educacional do Mercosul. O Sistema executa a avalia\u00e7\u00e3o e acredita\u00e7\u00e3o de cursos universit\u00e1rios, sendo gerenciado pela Rede de Ag\u00eancias Nacionais de Acredita\u00e7\u00e3o (Rana), que no Brasil \u00e9 administrado pela Comiss\u00e3o Nacional de Avalia\u00e7\u00e3o da Educa\u00e7\u00e3o Superior \u2013 Conaes e pelo Instituto Nacional de Estudos e Pesquisas Educacionais An\u00edsio Teixeira \u2013 INEP.<\/p>\n<p>Na UFLA, a avalia\u00e7\u00e3o foi realizada em setembro de 2013, por uma equipe especialmente designada para atestar a qualidade do curso. A acredita\u00e7\u00e3o tem validade at\u00e9 18\/11\/2020.<\/p>\n<p>Trata-se de uma garantia p\u00fablica, entre os pa\u00edses do Mercosul, que o curso acreditado tem elevado n\u00edvel acad\u00eamico e cient\u00edfico, conforme crit\u00e9rios e perfis tanto ou mais exigentes que os aplicados pelos pa\u00edses em seus \u00e2mbitos nacionais. A acredita\u00e7\u00e3o \u00e9 o resultado do processo de avalia\u00e7\u00e3o por meio do qual \u00e9 certificada a qualidade acad\u00eamica dos cursos de gradua\u00e7\u00e3o, garantindo que satisfazem o perfil do graduado e os crit\u00e9rios de qualidade previamente aprovados no \u00e2mbito regional para cada diploma.<\/p>\n<figure id=\"attachment_86762\" aria-describedby=\"caption-attachment-86762\" style=\"width: 249px\" class=\"wp-caption alignright\"><a href=\"http:\/\/www.ufla.br\/ascom\/wp-content\/uploads\/2015\/05\/IMG_4164.jpg\"><img loading=\"lazy\" decoding=\"async\" class=\"wp-image-86762 size-medium\" src=\"http:\/\/www.ufla.br\/ascom\/wp-content\/uploads\/2015\/05\/IMG_4164-249x166.jpg\" alt=\"Medicina Veterin\u00e1ria da UFLA ganha reconhecimento com selo de qualidade acad\u00eamica\" width=\"249\" height=\"166\" srcset=\"https:\/\/www.ufla.br\/dcom\/wp-content\/uploads\/2015\/05\/IMG_4164-249x166.jpg 249w, https:\/\/www.ufla.br\/dcom\/wp-content\/uploads\/2015\/05\/IMG_4164-612x408.jpg 612w\" sizes=\"auto, (max-width: 249px) 100vw, 249px\" \/><\/a><figcaption id=\"caption-attachment-86762\" class=\"wp-caption-text\">Medicina Veterin\u00e1ria da UFLA ganha reconhecimento com selo de qualidade acad\u00eamica<\/figcaption><\/figure>\n<p>Para o chefe do Departamento de Medicina Veterin\u00e1ria, professor Raimundo Vicente de Sousa, o sistema de acredita\u00e7\u00e3o serve como um mecanismo de reconhecimento dos cursos de gradua\u00e7\u00e3o, um importante selo de qualidade. Esse selo facilita a mobilidade acad\u00eamica, estimulando processos de avalia\u00e7\u00e3o e favorecendo a compara\u00e7\u00e3o em termos de qualidade acad\u00eamica.<\/p>\n<p>A acredita\u00e7\u00e3o tamb\u00e9m facilita a participa\u00e7\u00e3o no programa Mobilidade Acad\u00eamica Regional para os Cursos Acreditados pelo Mecanismo de Acredita\u00e7\u00e3o de Cursos de Gradua\u00e7\u00e3o do Mercosul (Marca), com editais frequentes que chamam a aten\u00e7\u00e3o de estudantes da UFLA. Favorece ainda o Plano de Internacionaliza\u00e7\u00e3o da Universidade, que incentiva a intera\u00e7\u00e3o com institui\u00e7\u00f5es de refer\u00eancia em todos os pa\u00edses, em especial, na Am\u00e9rica Latina e \u00c1frica.<\/p>\n<p>Segundo o relat\u00f3rio &#8220;Arcu-Sul&#8221;, o curso de Medicina Veterin\u00e1ria da UFLA desenvolve-se com forma\u00e7\u00e3o e cria\u00e7\u00e3o intelectual din\u00e2mica, de forma abrangente e integrada das \u00e1reas fundamentais da atividade universit\u00e1ria apresentando coer\u00eancia com a miss\u00e3o da UFLA. \u201cExiste um mecanismo expl\u00edcito de acompanhamento e adequa\u00e7\u00e3o dos planos, o que \u00e9 verificado atrav\u00e9s da cria\u00e7\u00e3o e atua\u00e7\u00e3o do N\u00facleo Docente Estruturante (NDE), \u00f3rg\u00e3o consultivo do colegiado de curso, e da pr\u00f3-reitoria de gradua\u00e7\u00e3o respons\u00e1vel pela avalia\u00e7\u00e3o cr\u00edtica e atualiza\u00e7\u00e3o cont\u00ednua do Projeto Pedag\u00f3gico do Curso (PPC)&#8230; Os projetos de pesquisa, de desenvolvimento tecnol\u00f3gico e de extens\u00e3o possuem estreita rela\u00e7\u00e3o com o meio em que se inserem&#8230;\u201d.<\/p>\n<p>O curso de Medicina Veterin\u00e1ria da Universidade Federal de Lavras iniciou-se em 26 de agosto de 1993. Atualmente, oferece 100 vagas anuais, divididas igualmente em duas entradas semestrais.<\/p>\n<ul>\n<li><strong>Modalidade:<\/strong>Bacharelado<\/li>\n<li><strong>Titula\u00e7\u00e3o:<\/strong>Bacharel em Medicina Veterin\u00e1ria<\/li>\n<li><strong>Regime:<\/strong>Semestral<\/li>\n<li><strong>Per\u00edodo:<\/strong>Integral<\/li>\n<li><strong>Dura\u00e7\u00e3o:<\/strong>10 semestres<\/li>\n<li><strong>N\u00ba de vagas por semestre:<\/strong>50<\/li>\n<li><strong>Coordenadora:<\/strong>Prof\u00aa. Suely de F\u00e1tima Costa<\/li>\n<li><strong>Telefone:<\/strong>(35) 3829-1740<\/li>\n<li><strong>E-mail:<\/strong>sfcosta @ dmv.ufla.br<\/li>\n<li><strong><a href=\"https:\/\/www.sig.ufla.br\/modulos\/publico\/matrizes_curriculares\/index.php\">Curr\u00edculo Pleno<\/a><\/strong><\/li>\n<\/ul>\n<p><a href=\"http:\/\/www.prg.ufla.br\/site\/cursos\/medicina-veterinaria\/\">Consulte o site do curso de Medicina Veterin\u00e1ria<\/a><\/p>\n<h5>Com informa\u00e7\u00f5es de\u00a0Daniele Souza &#8211; Bolsista Ascom\/DMV-UFLA<\/h5>\n","protected":false},"excerpt":{"rendered":"<p>O curso de Medicina Veterin\u00e1ria da Universidade Federal de Lavras (UFLA) foi reconhecido com a Acredita\u00e7\u00e3o de Qualidade Acad\u00eamica Mercosul de Cursos Universit\u00e1rios (Arcu-Sul) (&#8230;)<\/p>\n","protected":false},"author":6,"featured_media":0,"comment_status":"closed","ping_status":"closed","sticky":false,"template":"","format":"standard","meta":{"ngg_post_thumbnail":0,"footnotes":""},"categories":[1],"tags":[432],"class_list":["post-86760","post","type-post","status-publish","format-standard","hentry","category-noticias","tag-internacionalizacao"],"_links":{"self":[{"href":"https:\/\/www.ufla.br\/dcom\/wp-json\/wp\/v2\/posts\/86760","targetHints":{"allow":["GET"]}}],"collection":[{"href":"https:\/\/www.ufla.br\/dcom\/wp-json\/wp\/v2\/posts"}],"about":[{"href":"https:\/\/www.ufla.br\/dcom\/wp-json\/wp\/v2\/types\/post"}],"author":[{"embeddable":true,"href":"https:\/\/www.ufla.br\/dcom\/wp-json\/wp\/v2\/users\/6"}],"replies":[{"embeddable":true,"href":"https:\/\/www.ufla.br\/dcom\/wp-json\/wp\/v2\/comments?post=86760"}],"version-history":[{"count":4,"href":"https:\/\/www.ufla.br\/dcom\/wp-json\/wp\/v2\/posts\/86760\/revisions"}],"predecessor-version":[{"id":86766,"href":"https:\/\/www.ufla.br\/dcom\/wp-json\/wp\/v2\/posts\/86760\/revisions\/86766"}],"wp:attachment":[{"href":"https:\/\/www.ufla.br\/dcom\/wp-json\/wp\/v2\/media?parent=86760"}],"wp:term":[{"taxonomy":"category","embeddable":true,"href":"https:\/\/www.ufla.br\/dcom\/wp-json\/wp\/v2\/categories?post=86760"},{"taxonomy":"post_tag","embeddable":true,"href":"https:\/\/www.ufla.br\/dcom\/wp-json\/wp\/v2\/tags?post=86760"}],"curies":[{"name":"wp","href":"https:\/\/api.w.org\/{rel}","templated":true}]}}