{"id":86733,"date":"2015-05-27T14:21:00","date_gmt":"2015-05-27T17:21:00","guid":{"rendered":"http:\/\/www.ufla.br\/ascom\/?p=86733"},"modified":"2015-05-29T12:06:39","modified_gmt":"2015-05-29T15:06:39","slug":"ciencia-e-cultura-marcaram-encerramento-da-semana-nacional-de-museus-veja-fotos","status":"publish","type":"post","link":"https:\/\/www.ufla.br\/dcom\/2015\/05\/27\/ciencia-e-cultura-marcaram-encerramento-da-semana-nacional-de-museus-veja-fotos\/","title":{"rendered":"Ci\u00eancia e cultura marcaram encerramento da Semana Nacional de Museus &#8211; veja fotos"},"content":{"rendered":"<figure id=\"attachment_86734\" aria-describedby=\"caption-attachment-86734\" style=\"width: 249px\" class=\"wp-caption alignright\"><a href=\"http:\/\/www.ufla.br\/ascom\/wp-content\/uploads\/2015\/05\/019.jpg\"><img loading=\"lazy\" decoding=\"async\" class=\"size-medium wp-image-86734\" src=\"http:\/\/www.ufla.br\/ascom\/wp-content\/uploads\/2015\/05\/019-249x166.jpg\" alt=\"Pra\u00e7a do C\u00e2mpus Hist\u00f3rico sediou o Festim Sustent\u00e1vel\" width=\"249\" height=\"166\" srcset=\"https:\/\/www.ufla.br\/dcom\/wp-content\/uploads\/2015\/05\/019-249x166.jpg 249w, https:\/\/www.ufla.br\/dcom\/wp-content\/uploads\/2015\/05\/019-612x408.jpg 612w, https:\/\/www.ufla.br\/dcom\/wp-content\/uploads\/2015\/05\/019.jpg 900w\" sizes=\"auto, (max-width: 249px) 100vw, 249px\" \/><\/a><figcaption id=\"caption-attachment-86734\" class=\"wp-caption-text\">Pra\u00e7a do C\u00e2mpus Hist\u00f3rico sediou o Festim Sustent\u00e1vel<\/figcaption><\/figure>\n<p>De 18 a 23\/5, a comunidade regional foi prestigiada por uma programa\u00e7\u00e3o especial promovida pelos museus da UFLA, durante a Semana Nacional de Museus. As visitas, exposi\u00e7\u00f5es, debates, a\u00e7\u00f5es educativas e oficinas chamaram a aten\u00e7\u00e3o para como as institui\u00e7\u00f5es museol\u00f3gicas podem agir de maneira sustent\u00e1vel e incentivar p\u00fablicos a adotarem medidas nesse sentido.<\/p>\n<p>No dia 23, a pra\u00e7a do C\u00e2mpus Hist\u00f3rico sediou o Festim Sustent\u00e1vel, um espa\u00e7o para incentivar o consumo consciente e o bem-estar. L\u00e1, houve troca de livros, oficinas de desenho livre e de constru\u00e7\u00e3o de pipas, bem como apresenta\u00e7\u00f5es art\u00edsticas da banda Sons das Vertentes e do projeto Shakespeare e as Crian\u00e7as \u2013 formado por crian\u00e7as de S\u00e3o Francisco de Paula (MG), que encenam trechos das obras shakespearianas. No Centro Cultural Casa das Pedras, foi realizado um sarau com o Coral Vozes do C\u00e2mpus e m\u00fasicos da Orquestra de C\u00e2mara e oficinas de m\u00fasica da UFLA.<\/p>\n<figure id=\"attachment_86735\" aria-describedby=\"caption-attachment-86735\" style=\"width: 249px\" class=\"wp-caption alignleft\"><a href=\"http:\/\/www.ufla.br\/ascom\/wp-content\/uploads\/2015\/05\/041.jpg\"><img loading=\"lazy\" decoding=\"async\" class=\"size-medium wp-image-86735\" src=\"http:\/\/www.ufla.br\/ascom\/wp-content\/uploads\/2015\/05\/041-249x166.jpg\" alt=\"Observa\u00e7\u00e3o do c\u00e9u com telesc\u00f3pios foi um dos atrativos\" width=\"249\" height=\"166\" srcset=\"https:\/\/www.ufla.br\/dcom\/wp-content\/uploads\/2015\/05\/041-249x166.jpg 249w, https:\/\/www.ufla.br\/dcom\/wp-content\/uploads\/2015\/05\/041-612x408.jpg 612w, https:\/\/www.ufla.br\/dcom\/wp-content\/uploads\/2015\/05\/041.jpg 900w\" sizes=\"auto, (max-width: 249px) 100vw, 249px\" \/><\/a><figcaption id=\"caption-attachment-86735\" class=\"wp-caption-text\">Observa\u00e7\u00e3o do c\u00e9u com telesc\u00f3pios foi um dos atrativos<\/figcaption><\/figure>\n<p>A Caravana Astron\u00f4mica n\u00e3o p\u00f4de vir a Lavras; por\u00e9m, o projeto A Magia da F\u00edsica e do Universo manteve a programa\u00e7\u00e3o, organizando a visita\u00e7\u00e3o a um planet\u00e1rio, observa\u00e7\u00f5es com telesc\u00f3pios e palestras na sexta-feira e s\u00e1bado, no Gin\u00e1sio Poliesportivo II. \u201cO projeto desenvolve atividades durante todo o ano, mas a participa\u00e7\u00e3o na Semana foi positiva: a visibilidade foi maior e v\u00e1rias pessoas demonstraram interesse em frequentar as atividades cotidianas\u201d, diz a coordenadora do projeto, professora Karen Luz Burgoa Rosso (DFI). Cerca de 700 pessoas, de todas as idades, assistiram \u00e0s atividades. A participa\u00e7\u00e3o trouxe novas ideias ao projeto, como a constru\u00e7\u00e3o de lunetas com materiais alternativos, voltadas ao manuseio por crian\u00e7as.<\/p>\n<p>Durante a semana, houve visitas guiadas aos Museus de Hist\u00f3ria Natural e Bi Moreira, no C\u00e2mpus Hist\u00f3rico. Al\u00e9m disso, foram realizadas palestras, debates e exibi\u00e7\u00f5es que abordaram a cultura e a sustentabilidade.<\/p>\n<p>A coordenadora de Museus e Patrim\u00f4nio Hist\u00f3rico da UFLA, professora \u00c2ngela Maria Soares, tamb\u00e9m ressaltou a visibilidade proporcionada pelo evento: \u201cParticularmente neste ano, houve um aumento no n\u00famero de agendamento de escolas. A Semana, assim como a Primavera dos Museus, s\u00e3o momentos para discutir tem\u00e1ticas e para trazer um p\u00fablico novo aos museus\u201d.<\/p>\n<p>Em sua 13\u00aa edi\u00e7\u00e3o, a Semana foi realizada em quase 1.400 institui\u00e7\u00f5es museol\u00f3gicas brasileiras. Elas promoveram mais de 4.500 atividades. Na UFLA, as a\u00e7\u00f5es foram promovidas pelas Coordenadorias de Museus e Patrim\u00f4nio Hist\u00f3rico e de Cultura, vinculadas \u00e0 Pr\u00f3-Reitoria de Extens\u00e3o e Cultura (<a href=\"http:\/\/www.proec.ufla.br\/\">Proec<\/a>).<\/p>\n<p><!-- default-view.php -->\n<div\n\tclass=\"ngg-galleryoverview default-view\n\t ngg-ajax-pagination-none\t\"\n\tid=\"ngg-gallery-48421412391376c9d14c7470bdec1a9c-1\">\n\n\t\t<!-- Thumbnails -->\n\t\t\t\t<div id=\"ngg-image-0\" class=\"ngg-gallery-thumbnail-box\n\t\t\t\t\t\t\t\tngg-5-columns\t\t\t\"\n\t\t\t>\n\t\t\t\t\t\t<div class=\"ngg-gallery-thumbnail\">\n\t\t\t<a href=\"https:\/\/www.ufla.br\/dcom\/wp-content\/gallery\/semana-nacional-dos-museus-2015-mateus\/001.jpg\"\n\t\t\t\ttitle=\"\"\n\t\t\t\tdata-src=\"https:\/\/www.ufla.br\/dcom\/wp-content\/gallery\/semana-nacional-dos-museus-2015-mateus\/001.jpg\"\n\t\t\t\tdata-thumbnail=\"https:\/\/www.ufla.br\/dcom\/wp-content\/gallery\/semana-nacional-dos-museus-2015-mateus\/thumbs\/thumbs_001.jpg\"\n\t\t\t\tdata-image-id=\"30205\"\n\t\t\t\tdata-title=\"001\"\n\t\t\t\tdata-description=\"\"\n\t\t\t\tdata-image-slug=\"001-10\"\n\t\t\t\tclass=\"shutterset_48421412391376c9d14c7470bdec1a9c\">\n\t\t\t\t<img\n\t\t\t\t\ttitle=\"001\"\n\t\t\t\t\talt=\"001\"\n\t\t\t\t\tsrc=\"https:\/\/www.ufla.br\/dcom\/nextgen-image\/30205\/100x75x100\/crop\/70c36e65db8abd4e26d279797aaf084a\"\n\t\t\t\t\twidth=\"100\"\n\t\t\t\t\theight=\"75\"\n\t\t\t\t\tstyle=\"max-width:100%;\"\n\t\t\t\t\/>\n\t\t\t<\/a>\n\t\t<\/div>\n\t\t\t\t\t\t\t<\/div>\n\t\t\t\n\t\t\t\t<div id=\"ngg-image-1\" class=\"ngg-gallery-thumbnail-box\n\t\t\t\t\t\t\t\tngg-5-columns\t\t\t\"\n\t\t\t>\n\t\t\t\t\t\t<div class=\"ngg-gallery-thumbnail\">\n\t\t\t<a href=\"https:\/\/www.ufla.br\/dcom\/wp-content\/gallery\/semana-nacional-dos-museus-2015-mateus\/002.jpg\"\n\t\t\t\ttitle=\"\"\n\t\t\t\tdata-src=\"https:\/\/www.ufla.br\/dcom\/wp-content\/gallery\/semana-nacional-dos-museus-2015-mateus\/002.jpg\"\n\t\t\t\tdata-thumbnail=\"https:\/\/www.ufla.br\/dcom\/wp-content\/gallery\/semana-nacional-dos-museus-2015-mateus\/thumbs\/thumbs_002.jpg\"\n\t\t\t\tdata-image-id=\"30206\"\n\t\t\t\tdata-title=\"002\"\n\t\t\t\tdata-description=\"\"\n\t\t\t\tdata-image-slug=\"002-10\"\n\t\t\t\tclass=\"shutterset_48421412391376c9d14c7470bdec1a9c\">\n\t\t\t\t<img\n\t\t\t\t\ttitle=\"002\"\n\t\t\t\t\talt=\"002\"\n\t\t\t\t\tsrc=\"https:\/\/www.ufla.br\/dcom\/nextgen-image\/30206\/100x75x100\/crop\/b23be59754172eac288800eafb41a71e\"\n\t\t\t\t\twidth=\"100\"\n\t\t\t\t\theight=\"75\"\n\t\t\t\t\tstyle=\"max-width:100%;\"\n\t\t\t\t\/>\n\t\t\t<\/a>\n\t\t<\/div>\n\t\t\t\t\t\t\t<\/div>\n\t\t\t\n\t\t\t\t<div id=\"ngg-image-2\" class=\"ngg-gallery-thumbnail-box\n\t\t\t\t\t\t\t\tngg-5-columns\t\t\t\"\n\t\t\t>\n\t\t\t\t\t\t<div class=\"ngg-gallery-thumbnail\">\n\t\t\t<a href=\"https:\/\/www.ufla.br\/dcom\/wp-content\/gallery\/semana-nacional-dos-museus-2015-mateus\/003.jpg\"\n\t\t\t\ttitle=\"\"\n\t\t\t\tdata-src=\"https:\/\/www.ufla.br\/dcom\/wp-content\/gallery\/semana-nacional-dos-museus-2015-mateus\/003.jpg\"\n\t\t\t\tdata-thumbnail=\"https:\/\/www.ufla.br\/dcom\/wp-content\/gallery\/semana-nacional-dos-museus-2015-mateus\/thumbs\/thumbs_003.jpg\"\n\t\t\t\tdata-image-id=\"30207\"\n\t\t\t\tdata-title=\"003\"\n\t\t\t\tdata-description=\"\"\n\t\t\t\tdata-image-slug=\"003-10\"\n\t\t\t\tclass=\"shutterset_48421412391376c9d14c7470bdec1a9c\">\n\t\t\t\t<img\n\t\t\t\t\ttitle=\"003\"\n\t\t\t\t\talt=\"003\"\n\t\t\t\t\tsrc=\"https:\/\/www.ufla.br\/dcom\/nextgen-image\/30207\/100x75x100\/crop\/9557cf892fe24f0df86af251dc462b88\"\n\t\t\t\t\twidth=\"100\"\n\t\t\t\t\theight=\"75\"\n\t\t\t\t\tstyle=\"max-width:100%;\"\n\t\t\t\t\/>\n\t\t\t<\/a>\n\t\t<\/div>\n\t\t\t\t\t\t\t<\/div>\n\t\t\t\n\t\t\t\t<div id=\"ngg-image-3\" class=\"ngg-gallery-thumbnail-box\n\t\t\t\t\t\t\t\tngg-5-columns\t\t\t\"\n\t\t\t>\n\t\t\t\t\t\t<div class=\"ngg-gallery-thumbnail\">\n\t\t\t<a href=\"https:\/\/www.ufla.br\/dcom\/wp-content\/gallery\/semana-nacional-dos-museus-2015-mateus\/004.jpg\"\n\t\t\t\ttitle=\"\"\n\t\t\t\tdata-src=\"https:\/\/www.ufla.br\/dcom\/wp-content\/gallery\/semana-nacional-dos-museus-2015-mateus\/004.jpg\"\n\t\t\t\tdata-thumbnail=\"https:\/\/www.ufla.br\/dcom\/wp-content\/gallery\/semana-nacional-dos-museus-2015-mateus\/thumbs\/thumbs_004.jpg\"\n\t\t\t\tdata-image-id=\"30208\"\n\t\t\t\tdata-title=\"004\"\n\t\t\t\tdata-description=\"\"\n\t\t\t\tdata-image-slug=\"004-10\"\n\t\t\t\tclass=\"shutterset_48421412391376c9d14c7470bdec1a9c\">\n\t\t\t\t<img\n\t\t\t\t\ttitle=\"004\"\n\t\t\t\t\talt=\"004\"\n\t\t\t\t\tsrc=\"https:\/\/www.ufla.br\/dcom\/nextgen-image\/30208\/100x75x100\/crop\/cdec83ca8a8a35b7fef87a49e8f372e5\"\n\t\t\t\t\twidth=\"100\"\n\t\t\t\t\theight=\"75\"\n\t\t\t\t\tstyle=\"max-width:100%;\"\n\t\t\t\t\/>\n\t\t\t<\/a>\n\t\t<\/div>\n\t\t\t\t\t\t\t<\/div>\n\t\t\t\n\t\t\t\t<div id=\"ngg-image-4\" class=\"ngg-gallery-thumbnail-box\n\t\t\t\t\t\t\t\tngg-5-columns\t\t\t\"\n\t\t\t>\n\t\t\t\t\t\t<div class=\"ngg-gallery-thumbnail\">\n\t\t\t<a href=\"https:\/\/www.ufla.br\/dcom\/wp-content\/gallery\/semana-nacional-dos-museus-2015-mateus\/005.jpg\"\n\t\t\t\ttitle=\"\"\n\t\t\t\tdata-src=\"https:\/\/www.ufla.br\/dcom\/wp-content\/gallery\/semana-nacional-dos-museus-2015-mateus\/005.jpg\"\n\t\t\t\tdata-thumbnail=\"https:\/\/www.ufla.br\/dcom\/wp-content\/gallery\/semana-nacional-dos-museus-2015-mateus\/thumbs\/thumbs_005.jpg\"\n\t\t\t\tdata-image-id=\"30209\"\n\t\t\t\tdata-title=\"005\"\n\t\t\t\tdata-description=\"\"\n\t\t\t\tdata-image-slug=\"005-10\"\n\t\t\t\tclass=\"shutterset_48421412391376c9d14c7470bdec1a9c\">\n\t\t\t\t<img\n\t\t\t\t\ttitle=\"005\"\n\t\t\t\t\talt=\"005\"\n\t\t\t\t\tsrc=\"https:\/\/www.ufla.br\/dcom\/nextgen-image\/30209\/100x75x100\/crop\/5a533d373bf810aef3a7f03bff6410ba\"\n\t\t\t\t\twidth=\"100\"\n\t\t\t\t\theight=\"75\"\n\t\t\t\t\tstyle=\"max-width:100%;\"\n\t\t\t\t\/>\n\t\t\t<\/a>\n\t\t<\/div>\n\t\t\t\t\t\t\t<\/div>\n\t\t\t\n\t\t\t\t<div id=\"ngg-image-5\" class=\"ngg-gallery-thumbnail-box\n\t\t\t\t\t\t\t\tngg-5-columns\t\t\t\"\n\t\t\t>\n\t\t\t\t\t\t<div class=\"ngg-gallery-thumbnail\">\n\t\t\t<a href=\"https:\/\/www.ufla.br\/dcom\/wp-content\/gallery\/semana-nacional-dos-museus-2015-mateus\/006.jpg\"\n\t\t\t\ttitle=\"\"\n\t\t\t\tdata-src=\"https:\/\/www.ufla.br\/dcom\/wp-content\/gallery\/semana-nacional-dos-museus-2015-mateus\/006.jpg\"\n\t\t\t\tdata-thumbnail=\"https:\/\/www.ufla.br\/dcom\/wp-content\/gallery\/semana-nacional-dos-museus-2015-mateus\/thumbs\/thumbs_006.jpg\"\n\t\t\t\tdata-image-id=\"30210\"\n\t\t\t\tdata-title=\"006\"\n\t\t\t\tdata-description=\"\"\n\t\t\t\tdata-image-slug=\"006-10\"\n\t\t\t\tclass=\"shutterset_48421412391376c9d14c7470bdec1a9c\">\n\t\t\t\t<img\n\t\t\t\t\ttitle=\"006\"\n\t\t\t\t\talt=\"006\"\n\t\t\t\t\tsrc=\"https:\/\/www.ufla.br\/dcom\/nextgen-image\/30210\/100x75x100\/crop\/b581315d0af7201edde9b84de8b7504f\"\n\t\t\t\t\twidth=\"100\"\n\t\t\t\t\theight=\"75\"\n\t\t\t\t\tstyle=\"max-width:100%;\"\n\t\t\t\t\/>\n\t\t\t<\/a>\n\t\t<\/div>\n\t\t\t\t\t\t\t<\/div>\n\t\t\t\n\t\t\t\t<div id=\"ngg-image-6\" class=\"ngg-gallery-thumbnail-box\n\t\t\t\t\t\t\t\tngg-5-columns\t\t\t\"\n\t\t\t>\n\t\t\t\t\t\t<div class=\"ngg-gallery-thumbnail\">\n\t\t\t<a href=\"https:\/\/www.ufla.br\/dcom\/wp-content\/gallery\/semana-nacional-dos-museus-2015-mateus\/007.jpg\"\n\t\t\t\ttitle=\"\"\n\t\t\t\tdata-src=\"https:\/\/www.ufla.br\/dcom\/wp-content\/gallery\/semana-nacional-dos-museus-2015-mateus\/007.jpg\"\n\t\t\t\tdata-thumbnail=\"https:\/\/www.ufla.br\/dcom\/wp-content\/gallery\/semana-nacional-dos-museus-2015-mateus\/thumbs\/thumbs_007.jpg\"\n\t\t\t\tdata-image-id=\"30211\"\n\t\t\t\tdata-title=\"007\"\n\t\t\t\tdata-description=\"\"\n\t\t\t\tdata-image-slug=\"007-10\"\n\t\t\t\tclass=\"shutterset_48421412391376c9d14c7470bdec1a9c\">\n\t\t\t\t<img\n\t\t\t\t\ttitle=\"007\"\n\t\t\t\t\talt=\"007\"\n\t\t\t\t\tsrc=\"https:\/\/www.ufla.br\/dcom\/nextgen-image\/30211\/100x75x100\/crop\/dedd042b2cc02a026bbe01b3282b7901\"\n\t\t\t\t\twidth=\"100\"\n\t\t\t\t\theight=\"75\"\n\t\t\t\t\tstyle=\"max-width:100%;\"\n\t\t\t\t\/>\n\t\t\t<\/a>\n\t\t<\/div>\n\t\t\t\t\t\t\t<\/div>\n\t\t\t\n\t\t\t\t<div id=\"ngg-image-7\" class=\"ngg-gallery-thumbnail-box\n\t\t\t\t\t\t\t\tngg-5-columns\t\t\t\"\n\t\t\t>\n\t\t\t\t\t\t<div class=\"ngg-gallery-thumbnail\">\n\t\t\t<a href=\"https:\/\/www.ufla.br\/dcom\/wp-content\/gallery\/semana-nacional-dos-museus-2015-mateus\/008.jpg\"\n\t\t\t\ttitle=\"\"\n\t\t\t\tdata-src=\"https:\/\/www.ufla.br\/dcom\/wp-content\/gallery\/semana-nacional-dos-museus-2015-mateus\/008.jpg\"\n\t\t\t\tdata-thumbnail=\"https:\/\/www.ufla.br\/dcom\/wp-content\/gallery\/semana-nacional-dos-museus-2015-mateus\/thumbs\/thumbs_008.jpg\"\n\t\t\t\tdata-image-id=\"30212\"\n\t\t\t\tdata-title=\"008\"\n\t\t\t\tdata-description=\"\"\n\t\t\t\tdata-image-slug=\"008-10\"\n\t\t\t\tclass=\"shutterset_48421412391376c9d14c7470bdec1a9c\">\n\t\t\t\t<img\n\t\t\t\t\ttitle=\"008\"\n\t\t\t\t\talt=\"008\"\n\t\t\t\t\tsrc=\"https:\/\/www.ufla.br\/dcom\/nextgen-image\/30212\/100x75x100\/crop\/1bff414dc82172c82fa8765208c8abaf\"\n\t\t\t\t\twidth=\"100\"\n\t\t\t\t\theight=\"75\"\n\t\t\t\t\tstyle=\"max-width:100%;\"\n\t\t\t\t\/>\n\t\t\t<\/a>\n\t\t<\/div>\n\t\t\t\t\t\t\t<\/div>\n\t\t\t\n\t\t\t\t<div id=\"ngg-image-8\" class=\"ngg-gallery-thumbnail-box\n\t\t\t\t\t\t\t\tngg-5-columns\t\t\t\"\n\t\t\t>\n\t\t\t\t\t\t<div class=\"ngg-gallery-thumbnail\">\n\t\t\t<a href=\"https:\/\/www.ufla.br\/dcom\/wp-content\/gallery\/semana-nacional-dos-museus-2015-mateus\/009.jpg\"\n\t\t\t\ttitle=\"\"\n\t\t\t\tdata-src=\"https:\/\/www.ufla.br\/dcom\/wp-content\/gallery\/semana-nacional-dos-museus-2015-mateus\/009.jpg\"\n\t\t\t\tdata-thumbnail=\"https:\/\/www.ufla.br\/dcom\/wp-content\/gallery\/semana-nacional-dos-museus-2015-mateus\/thumbs\/thumbs_009.jpg\"\n\t\t\t\tdata-image-id=\"30213\"\n\t\t\t\tdata-title=\"009\"\n\t\t\t\tdata-description=\"\"\n\t\t\t\tdata-image-slug=\"009-10\"\n\t\t\t\tclass=\"shutterset_48421412391376c9d14c7470bdec1a9c\">\n\t\t\t\t<img\n\t\t\t\t\ttitle=\"009\"\n\t\t\t\t\talt=\"009\"\n\t\t\t\t\tsrc=\"https:\/\/www.ufla.br\/dcom\/nextgen-image\/30213\/100x75x100\/crop\/7e1d6ef682df331419a1e74ef578f50c\"\n\t\t\t\t\twidth=\"100\"\n\t\t\t\t\theight=\"75\"\n\t\t\t\t\tstyle=\"max-width:100%;\"\n\t\t\t\t\/>\n\t\t\t<\/a>\n\t\t<\/div>\n\t\t\t\t\t\t\t<\/div>\n\t\t\t\n\t\t\t\t<div id=\"ngg-image-9\" class=\"ngg-gallery-thumbnail-box\n\t\t\t\t\t\t\t\tngg-5-columns\t\t\t\"\n\t\t\t>\n\t\t\t\t\t\t<div class=\"ngg-gallery-thumbnail\">\n\t\t\t<a href=\"https:\/\/www.ufla.br\/dcom\/wp-content\/gallery\/semana-nacional-dos-museus-2015-mateus\/010.jpg\"\n\t\t\t\ttitle=\"\"\n\t\t\t\tdata-src=\"https:\/\/www.ufla.br\/dcom\/wp-content\/gallery\/semana-nacional-dos-museus-2015-mateus\/010.jpg\"\n\t\t\t\tdata-thumbnail=\"https:\/\/www.ufla.br\/dcom\/wp-content\/gallery\/semana-nacional-dos-museus-2015-mateus\/thumbs\/thumbs_010.jpg\"\n\t\t\t\tdata-image-id=\"30214\"\n\t\t\t\tdata-title=\"010\"\n\t\t\t\tdata-description=\"\"\n\t\t\t\tdata-image-slug=\"010-10\"\n\t\t\t\tclass=\"shutterset_48421412391376c9d14c7470bdec1a9c\">\n\t\t\t\t<img\n\t\t\t\t\ttitle=\"010\"\n\t\t\t\t\talt=\"010\"\n\t\t\t\t\tsrc=\"https:\/\/www.ufla.br\/dcom\/nextgen-image\/30214\/100x75x100\/crop\/e05e786f114895d808ac867ddc1d3d15\"\n\t\t\t\t\twidth=\"100\"\n\t\t\t\t\theight=\"75\"\n\t\t\t\t\tstyle=\"max-width:100%;\"\n\t\t\t\t\/>\n\t\t\t<\/a>\n\t\t<\/div>\n\t\t\t\t\t\t\t<\/div>\n\t\t\t\n\t\t\t\t<div id=\"ngg-image-10\" class=\"ngg-gallery-thumbnail-box\n\t\t\t\t\t\t\t\tngg-5-columns\t\t\t\"\n\t\t\t>\n\t\t\t\t\t\t<div class=\"ngg-gallery-thumbnail\">\n\t\t\t<a href=\"https:\/\/www.ufla.br\/dcom\/wp-content\/gallery\/semana-nacional-dos-museus-2015-mateus\/011.jpg\"\n\t\t\t\ttitle=\"\"\n\t\t\t\tdata-src=\"https:\/\/www.ufla.br\/dcom\/wp-content\/gallery\/semana-nacional-dos-museus-2015-mateus\/011.jpg\"\n\t\t\t\tdata-thumbnail=\"https:\/\/www.ufla.br\/dcom\/wp-content\/gallery\/semana-nacional-dos-museus-2015-mateus\/thumbs\/thumbs_011.jpg\"\n\t\t\t\tdata-image-id=\"30215\"\n\t\t\t\tdata-title=\"011\"\n\t\t\t\tdata-description=\"\"\n\t\t\t\tdata-image-slug=\"011-10\"\n\t\t\t\tclass=\"shutterset_48421412391376c9d14c7470bdec1a9c\">\n\t\t\t\t<img\n\t\t\t\t\ttitle=\"011\"\n\t\t\t\t\talt=\"011\"\n\t\t\t\t\tsrc=\"https:\/\/www.ufla.br\/dcom\/nextgen-image\/30215\/100x75x100\/crop\/7278d5ef3961cf81850695746f69b93f\"\n\t\t\t\t\twidth=\"100\"\n\t\t\t\t\theight=\"75\"\n\t\t\t\t\tstyle=\"max-width:100%;\"\n\t\t\t\t\/>\n\t\t\t<\/a>\n\t\t<\/div>\n\t\t\t\t\t\t\t<\/div>\n\t\t\t\n\t\t\t\t<div id=\"ngg-image-11\" class=\"ngg-gallery-thumbnail-box\n\t\t\t\t\t\t\t\tngg-5-columns\t\t\t\"\n\t\t\t>\n\t\t\t\t\t\t<div class=\"ngg-gallery-thumbnail\">\n\t\t\t<a href=\"https:\/\/www.ufla.br\/dcom\/wp-content\/gallery\/semana-nacional-dos-museus-2015-mateus\/012.jpg\"\n\t\t\t\ttitle=\"\"\n\t\t\t\tdata-src=\"https:\/\/www.ufla.br\/dcom\/wp-content\/gallery\/semana-nacional-dos-museus-2015-mateus\/012.jpg\"\n\t\t\t\tdata-thumbnail=\"https:\/\/www.ufla.br\/dcom\/wp-content\/gallery\/semana-nacional-dos-museus-2015-mateus\/thumbs\/thumbs_012.jpg\"\n\t\t\t\tdata-image-id=\"30216\"\n\t\t\t\tdata-title=\"012\"\n\t\t\t\tdata-description=\"\"\n\t\t\t\tdata-image-slug=\"012-10\"\n\t\t\t\tclass=\"shutterset_48421412391376c9d14c7470bdec1a9c\">\n\t\t\t\t<img\n\t\t\t\t\ttitle=\"012\"\n\t\t\t\t\talt=\"012\"\n\t\t\t\t\tsrc=\"https:\/\/www.ufla.br\/dcom\/nextgen-image\/30216\/100x75x100\/crop\/3e3065893d72262caaa997a69ff5c84f\"\n\t\t\t\t\twidth=\"100\"\n\t\t\t\t\theight=\"75\"\n\t\t\t\t\tstyle=\"max-width:100%;\"\n\t\t\t\t\/>\n\t\t\t<\/a>\n\t\t<\/div>\n\t\t\t\t\t\t\t<\/div>\n\t\t\t\n\t\t\t\t<div id=\"ngg-image-12\" class=\"ngg-gallery-thumbnail-box\n\t\t\t\t\t\t\t\tngg-5-columns\t\t\t\"\n\t\t\t>\n\t\t\t\t\t\t<div class=\"ngg-gallery-thumbnail\">\n\t\t\t<a href=\"https:\/\/www.ufla.br\/dcom\/wp-content\/gallery\/semana-nacional-dos-museus-2015-mateus\/013.jpg\"\n\t\t\t\ttitle=\"\"\n\t\t\t\tdata-src=\"https:\/\/www.ufla.br\/dcom\/wp-content\/gallery\/semana-nacional-dos-museus-2015-mateus\/013.jpg\"\n\t\t\t\tdata-thumbnail=\"https:\/\/www.ufla.br\/dcom\/wp-content\/gallery\/semana-nacional-dos-museus-2015-mateus\/thumbs\/thumbs_013.jpg\"\n\t\t\t\tdata-image-id=\"30217\"\n\t\t\t\tdata-title=\"013\"\n\t\t\t\tdata-description=\"\"\n\t\t\t\tdata-image-slug=\"013-10\"\n\t\t\t\tclass=\"shutterset_48421412391376c9d14c7470bdec1a9c\">\n\t\t\t\t<img\n\t\t\t\t\ttitle=\"013\"\n\t\t\t\t\talt=\"013\"\n\t\t\t\t\tsrc=\"https:\/\/www.ufla.br\/dcom\/nextgen-image\/30217\/100x75x100\/crop\/c7b2f26beef8d86aa97f55ec39e081f4\"\n\t\t\t\t\twidth=\"100\"\n\t\t\t\t\theight=\"75\"\n\t\t\t\t\tstyle=\"max-width:100%;\"\n\t\t\t\t\/>\n\t\t\t<\/a>\n\t\t<\/div>\n\t\t\t\t\t\t\t<\/div>\n\t\t\t\n\t\t\t\t<div id=\"ngg-image-13\" class=\"ngg-gallery-thumbnail-box\n\t\t\t\t\t\t\t\tngg-5-columns\t\t\t\"\n\t\t\t>\n\t\t\t\t\t\t<div class=\"ngg-gallery-thumbnail\">\n\t\t\t<a href=\"https:\/\/www.ufla.br\/dcom\/wp-content\/gallery\/semana-nacional-dos-museus-2015-mateus\/014.jpg\"\n\t\t\t\ttitle=\"\"\n\t\t\t\tdata-src=\"https:\/\/www.ufla.br\/dcom\/wp-content\/gallery\/semana-nacional-dos-museus-2015-mateus\/014.jpg\"\n\t\t\t\tdata-thumbnail=\"https:\/\/www.ufla.br\/dcom\/wp-content\/gallery\/semana-nacional-dos-museus-2015-mateus\/thumbs\/thumbs_014.jpg\"\n\t\t\t\tdata-image-id=\"30218\"\n\t\t\t\tdata-title=\"014\"\n\t\t\t\tdata-description=\"\"\n\t\t\t\tdata-image-slug=\"014-10\"\n\t\t\t\tclass=\"shutterset_48421412391376c9d14c7470bdec1a9c\">\n\t\t\t\t<img\n\t\t\t\t\ttitle=\"014\"\n\t\t\t\t\talt=\"014\"\n\t\t\t\t\tsrc=\"https:\/\/www.ufla.br\/dcom\/nextgen-image\/30218\/100x75x100\/crop\/7d2ec60ff7e897ffd32873369c581d39\"\n\t\t\t\t\twidth=\"100\"\n\t\t\t\t\theight=\"75\"\n\t\t\t\t\tstyle=\"max-width:100%;\"\n\t\t\t\t\/>\n\t\t\t<\/a>\n\t\t<\/div>\n\t\t\t\t\t\t\t<\/div>\n\t\t\t\n\t\t\t\t<div id=\"ngg-image-14\" class=\"ngg-gallery-thumbnail-box\n\t\t\t\t\t\t\t\tngg-5-columns\t\t\t\"\n\t\t\t>\n\t\t\t\t\t\t<div class=\"ngg-gallery-thumbnail\">\n\t\t\t<a href=\"https:\/\/www.ufla.br\/dcom\/wp-content\/gallery\/semana-nacional-dos-museus-2015-mateus\/015.jpg\"\n\t\t\t\ttitle=\"\"\n\t\t\t\tdata-src=\"https:\/\/www.ufla.br\/dcom\/wp-content\/gallery\/semana-nacional-dos-museus-2015-mateus\/015.jpg\"\n\t\t\t\tdata-thumbnail=\"https:\/\/www.ufla.br\/dcom\/wp-content\/gallery\/semana-nacional-dos-museus-2015-mateus\/thumbs\/thumbs_015.jpg\"\n\t\t\t\tdata-image-id=\"30219\"\n\t\t\t\tdata-title=\"015\"\n\t\t\t\tdata-description=\"\"\n\t\t\t\tdata-image-slug=\"015-10\"\n\t\t\t\tclass=\"shutterset_48421412391376c9d14c7470bdec1a9c\">\n\t\t\t\t<img\n\t\t\t\t\ttitle=\"015\"\n\t\t\t\t\talt=\"015\"\n\t\t\t\t\tsrc=\"https:\/\/www.ufla.br\/dcom\/nextgen-image\/30219\/100x75x100\/crop\/461d7f28d5098774f5b9f4f9ef7ac1fd\"\n\t\t\t\t\twidth=\"100\"\n\t\t\t\t\theight=\"75\"\n\t\t\t\t\tstyle=\"max-width:100%;\"\n\t\t\t\t\/>\n\t\t\t<\/a>\n\t\t<\/div>\n\t\t\t\t\t\t\t<\/div>\n\t\t\t\n\t\t\t\t<div id=\"ngg-image-15\" class=\"ngg-gallery-thumbnail-box\n\t\t\t\t\t\t\t\tngg-5-columns\t\t\t\"\n\t\t\t>\n\t\t\t\t\t\t<div class=\"ngg-gallery-thumbnail\">\n\t\t\t<a href=\"https:\/\/www.ufla.br\/dcom\/wp-content\/gallery\/semana-nacional-dos-museus-2015-mateus\/016.jpg\"\n\t\t\t\ttitle=\"\"\n\t\t\t\tdata-src=\"https:\/\/www.ufla.br\/dcom\/wp-content\/gallery\/semana-nacional-dos-museus-2015-mateus\/016.jpg\"\n\t\t\t\tdata-thumbnail=\"https:\/\/www.ufla.br\/dcom\/wp-content\/gallery\/semana-nacional-dos-museus-2015-mateus\/thumbs\/thumbs_016.jpg\"\n\t\t\t\tdata-image-id=\"30220\"\n\t\t\t\tdata-title=\"016\"\n\t\t\t\tdata-description=\"\"\n\t\t\t\tdata-image-slug=\"016-10\"\n\t\t\t\tclass=\"shutterset_48421412391376c9d14c7470bdec1a9c\">\n\t\t\t\t<img\n\t\t\t\t\ttitle=\"016\"\n\t\t\t\t\talt=\"016\"\n\t\t\t\t\tsrc=\"https:\/\/www.ufla.br\/dcom\/nextgen-image\/30220\/100x75x100\/crop\/632b44a3952a5f97b6f3ba1463b951db\"\n\t\t\t\t\twidth=\"100\"\n\t\t\t\t\theight=\"75\"\n\t\t\t\t\tstyle=\"max-width:100%;\"\n\t\t\t\t\/>\n\t\t\t<\/a>\n\t\t<\/div>\n\t\t\t\t\t\t\t<\/div>\n\t\t\t\n\t\t\t\t<div id=\"ngg-image-16\" class=\"ngg-gallery-thumbnail-box\n\t\t\t\t\t\t\t\tngg-5-columns\t\t\t\"\n\t\t\t>\n\t\t\t\t\t\t<div class=\"ngg-gallery-thumbnail\">\n\t\t\t<a href=\"https:\/\/www.ufla.br\/dcom\/wp-content\/gallery\/semana-nacional-dos-museus-2015-mateus\/017.jpg\"\n\t\t\t\ttitle=\"\"\n\t\t\t\tdata-src=\"https:\/\/www.ufla.br\/dcom\/wp-content\/gallery\/semana-nacional-dos-museus-2015-mateus\/017.jpg\"\n\t\t\t\tdata-thumbnail=\"https:\/\/www.ufla.br\/dcom\/wp-content\/gallery\/semana-nacional-dos-museus-2015-mateus\/thumbs\/thumbs_017.jpg\"\n\t\t\t\tdata-image-id=\"30221\"\n\t\t\t\tdata-title=\"017\"\n\t\t\t\tdata-description=\"\"\n\t\t\t\tdata-image-slug=\"017-10\"\n\t\t\t\tclass=\"shutterset_48421412391376c9d14c7470bdec1a9c\">\n\t\t\t\t<img\n\t\t\t\t\ttitle=\"017\"\n\t\t\t\t\talt=\"017\"\n\t\t\t\t\tsrc=\"https:\/\/www.ufla.br\/dcom\/nextgen-image\/30221\/100x75x100\/crop\/fde28764494434107f771b33bb24e17f\"\n\t\t\t\t\twidth=\"100\"\n\t\t\t\t\theight=\"75\"\n\t\t\t\t\tstyle=\"max-width:100%;\"\n\t\t\t\t\/>\n\t\t\t<\/a>\n\t\t<\/div>\n\t\t\t\t\t\t\t<\/div>\n\t\t\t\n\t\t\t\t<div id=\"ngg-image-17\" class=\"ngg-gallery-thumbnail-box\n\t\t\t\t\t\t\t\tngg-5-columns\t\t\t\"\n\t\t\t>\n\t\t\t\t\t\t<div class=\"ngg-gallery-thumbnail\">\n\t\t\t<a href=\"https:\/\/www.ufla.br\/dcom\/wp-content\/gallery\/semana-nacional-dos-museus-2015-mateus\/019.jpg\"\n\t\t\t\ttitle=\"\"\n\t\t\t\tdata-src=\"https:\/\/www.ufla.br\/dcom\/wp-content\/gallery\/semana-nacional-dos-museus-2015-mateus\/019.jpg\"\n\t\t\t\tdata-thumbnail=\"https:\/\/www.ufla.br\/dcom\/wp-content\/gallery\/semana-nacional-dos-museus-2015-mateus\/thumbs\/thumbs_019.jpg\"\n\t\t\t\tdata-image-id=\"30223\"\n\t\t\t\tdata-title=\"019\"\n\t\t\t\tdata-description=\"\"\n\t\t\t\tdata-image-slug=\"019-10\"\n\t\t\t\tclass=\"shutterset_48421412391376c9d14c7470bdec1a9c\">\n\t\t\t\t<img\n\t\t\t\t\ttitle=\"019\"\n\t\t\t\t\talt=\"019\"\n\t\t\t\t\tsrc=\"https:\/\/www.ufla.br\/dcom\/nextgen-image\/30223\/100x75x100\/crop\/23cc3b8830816b24ead37dc036e5b232\"\n\t\t\t\t\twidth=\"100\"\n\t\t\t\t\theight=\"75\"\n\t\t\t\t\tstyle=\"max-width:100%;\"\n\t\t\t\t\/>\n\t\t\t<\/a>\n\t\t<\/div>\n\t\t\t\t\t\t\t<\/div>\n\t\t\t\n\t\t\t\t<div id=\"ngg-image-18\" class=\"ngg-gallery-thumbnail-box\n\t\t\t\t\t\t\t\tngg-5-columns\t\t\t\"\n\t\t\t>\n\t\t\t\t\t\t<div class=\"ngg-gallery-thumbnail\">\n\t\t\t<a href=\"https:\/\/www.ufla.br\/dcom\/wp-content\/gallery\/semana-nacional-dos-museus-2015-mateus\/020.jpg\"\n\t\t\t\ttitle=\"\"\n\t\t\t\tdata-src=\"https:\/\/www.ufla.br\/dcom\/wp-content\/gallery\/semana-nacional-dos-museus-2015-mateus\/020.jpg\"\n\t\t\t\tdata-thumbnail=\"https:\/\/www.ufla.br\/dcom\/wp-content\/gallery\/semana-nacional-dos-museus-2015-mateus\/thumbs\/thumbs_020.jpg\"\n\t\t\t\tdata-image-id=\"30224\"\n\t\t\t\tdata-title=\"020\"\n\t\t\t\tdata-description=\"\"\n\t\t\t\tdata-image-slug=\"020-10\"\n\t\t\t\tclass=\"shutterset_48421412391376c9d14c7470bdec1a9c\">\n\t\t\t\t<img\n\t\t\t\t\ttitle=\"020\"\n\t\t\t\t\talt=\"020\"\n\t\t\t\t\tsrc=\"https:\/\/www.ufla.br\/dcom\/nextgen-image\/30224\/100x75x100\/crop\/cfda70955f100318de278550039e2455\"\n\t\t\t\t\twidth=\"100\"\n\t\t\t\t\theight=\"75\"\n\t\t\t\t\tstyle=\"max-width:100%;\"\n\t\t\t\t\/>\n\t\t\t<\/a>\n\t\t<\/div>\n\t\t\t\t\t\t\t<\/div>\n\t\t\t\n\t\t\t\t<div id=\"ngg-image-19\" class=\"ngg-gallery-thumbnail-box\n\t\t\t\t\t\t\t\tngg-5-columns\t\t\t\"\n\t\t\t>\n\t\t\t\t\t\t<div class=\"ngg-gallery-thumbnail\">\n\t\t\t<a href=\"https:\/\/www.ufla.br\/dcom\/wp-content\/gallery\/semana-nacional-dos-museus-2015-mateus\/021.jpg\"\n\t\t\t\ttitle=\"\"\n\t\t\t\tdata-src=\"https:\/\/www.ufla.br\/dcom\/wp-content\/gallery\/semana-nacional-dos-museus-2015-mateus\/021.jpg\"\n\t\t\t\tdata-thumbnail=\"https:\/\/www.ufla.br\/dcom\/wp-content\/gallery\/semana-nacional-dos-museus-2015-mateus\/thumbs\/thumbs_021.jpg\"\n\t\t\t\tdata-image-id=\"30225\"\n\t\t\t\tdata-title=\"021\"\n\t\t\t\tdata-description=\"\"\n\t\t\t\tdata-image-slug=\"021-10\"\n\t\t\t\tclass=\"shutterset_48421412391376c9d14c7470bdec1a9c\">\n\t\t\t\t<img\n\t\t\t\t\ttitle=\"021\"\n\t\t\t\t\talt=\"021\"\n\t\t\t\t\tsrc=\"https:\/\/www.ufla.br\/dcom\/nextgen-image\/30225\/100x75x100\/crop\/4f87d5403ce4f8e35cd580ae0872a7fa\"\n\t\t\t\t\twidth=\"100\"\n\t\t\t\t\theight=\"75\"\n\t\t\t\t\tstyle=\"max-width:100%;\"\n\t\t\t\t\/>\n\t\t\t<\/a>\n\t\t<\/div>\n\t\t\t\t\t\t\t<\/div>\n\t\t\t\n\t\t\t\t<div id=\"ngg-image-20\" class=\"ngg-gallery-thumbnail-box\n\t\t\t\t\t\t\t\tngg-5-columns\t\t\t\"\n\t\t\t>\n\t\t\t\t\t\t<div class=\"ngg-gallery-thumbnail\">\n\t\t\t<a href=\"https:\/\/www.ufla.br\/dcom\/wp-content\/gallery\/semana-nacional-dos-museus-2015-mateus\/022.jpg\"\n\t\t\t\ttitle=\"\"\n\t\t\t\tdata-src=\"https:\/\/www.ufla.br\/dcom\/wp-content\/gallery\/semana-nacional-dos-museus-2015-mateus\/022.jpg\"\n\t\t\t\tdata-thumbnail=\"https:\/\/www.ufla.br\/dcom\/wp-content\/gallery\/semana-nacional-dos-museus-2015-mateus\/thumbs\/thumbs_022.jpg\"\n\t\t\t\tdata-image-id=\"30226\"\n\t\t\t\tdata-title=\"022\"\n\t\t\t\tdata-description=\"\"\n\t\t\t\tdata-image-slug=\"022-10\"\n\t\t\t\tclass=\"shutterset_48421412391376c9d14c7470bdec1a9c\">\n\t\t\t\t<img\n\t\t\t\t\ttitle=\"022\"\n\t\t\t\t\talt=\"022\"\n\t\t\t\t\tsrc=\"https:\/\/www.ufla.br\/dcom\/nextgen-image\/30226\/100x75x100\/crop\/3a0f29f85ee2ae05741fdb3b5000d297\"\n\t\t\t\t\twidth=\"100\"\n\t\t\t\t\theight=\"75\"\n\t\t\t\t\tstyle=\"max-width:100%;\"\n\t\t\t\t\/>\n\t\t\t<\/a>\n\t\t<\/div>\n\t\t\t\t\t\t\t<\/div>\n\t\t\t\n\t\t\t\t<div id=\"ngg-image-21\" class=\"ngg-gallery-thumbnail-box\n\t\t\t\t\t\t\t\tngg-5-columns\t\t\t\"\n\t\t\t>\n\t\t\t\t\t\t<div class=\"ngg-gallery-thumbnail\">\n\t\t\t<a href=\"https:\/\/www.ufla.br\/dcom\/wp-content\/gallery\/semana-nacional-dos-museus-2015-mateus\/023.jpg\"\n\t\t\t\ttitle=\"\"\n\t\t\t\tdata-src=\"https:\/\/www.ufla.br\/dcom\/wp-content\/gallery\/semana-nacional-dos-museus-2015-mateus\/023.jpg\"\n\t\t\t\tdata-thumbnail=\"https:\/\/www.ufla.br\/dcom\/wp-content\/gallery\/semana-nacional-dos-museus-2015-mateus\/thumbs\/thumbs_023.jpg\"\n\t\t\t\tdata-image-id=\"30227\"\n\t\t\t\tdata-title=\"023\"\n\t\t\t\tdata-description=\"\"\n\t\t\t\tdata-image-slug=\"023-10\"\n\t\t\t\tclass=\"shutterset_48421412391376c9d14c7470bdec1a9c\">\n\t\t\t\t<img\n\t\t\t\t\ttitle=\"023\"\n\t\t\t\t\talt=\"023\"\n\t\t\t\t\tsrc=\"https:\/\/www.ufla.br\/dcom\/nextgen-image\/30227\/100x75x100\/crop\/85e3da4dfc6d24bdcdda2e9e788989e1\"\n\t\t\t\t\twidth=\"100\"\n\t\t\t\t\theight=\"75\"\n\t\t\t\t\tstyle=\"max-width:100%;\"\n\t\t\t\t\/>\n\t\t\t<\/a>\n\t\t<\/div>\n\t\t\t\t\t\t\t<\/div>\n\t\t\t\n\t\t\t\t<div id=\"ngg-image-22\" class=\"ngg-gallery-thumbnail-box\n\t\t\t\t\t\t\t\tngg-5-columns\t\t\t\"\n\t\t\t>\n\t\t\t\t\t\t<div class=\"ngg-gallery-thumbnail\">\n\t\t\t<a href=\"https:\/\/www.ufla.br\/dcom\/wp-content\/gallery\/semana-nacional-dos-museus-2015-mateus\/024.jpg\"\n\t\t\t\ttitle=\"\"\n\t\t\t\tdata-src=\"https:\/\/www.ufla.br\/dcom\/wp-content\/gallery\/semana-nacional-dos-museus-2015-mateus\/024.jpg\"\n\t\t\t\tdata-thumbnail=\"https:\/\/www.ufla.br\/dcom\/wp-content\/gallery\/semana-nacional-dos-museus-2015-mateus\/thumbs\/thumbs_024.jpg\"\n\t\t\t\tdata-image-id=\"30228\"\n\t\t\t\tdata-title=\"024\"\n\t\t\t\tdata-description=\"\"\n\t\t\t\tdata-image-slug=\"024-10\"\n\t\t\t\tclass=\"shutterset_48421412391376c9d14c7470bdec1a9c\">\n\t\t\t\t<img\n\t\t\t\t\ttitle=\"024\"\n\t\t\t\t\talt=\"024\"\n\t\t\t\t\tsrc=\"https:\/\/www.ufla.br\/dcom\/nextgen-image\/30228\/100x75x100\/crop\/21403d1af90910f7e7fc3df74119ecc2\"\n\t\t\t\t\twidth=\"100\"\n\t\t\t\t\theight=\"75\"\n\t\t\t\t\tstyle=\"max-width:100%;\"\n\t\t\t\t\/>\n\t\t\t<\/a>\n\t\t<\/div>\n\t\t\t\t\t\t\t<\/div>\n\t\t\t\n\t\t\t\t<div id=\"ngg-image-23\" class=\"ngg-gallery-thumbnail-box\n\t\t\t\t\t\t\t\tngg-5-columns\t\t\t\"\n\t\t\t>\n\t\t\t\t\t\t<div class=\"ngg-gallery-thumbnail\">\n\t\t\t<a href=\"https:\/\/www.ufla.br\/dcom\/wp-content\/gallery\/semana-nacional-dos-museus-2015-mateus\/025.jpg\"\n\t\t\t\ttitle=\"\"\n\t\t\t\tdata-src=\"https:\/\/www.ufla.br\/dcom\/wp-content\/gallery\/semana-nacional-dos-museus-2015-mateus\/025.jpg\"\n\t\t\t\tdata-thumbnail=\"https:\/\/www.ufla.br\/dcom\/wp-content\/gallery\/semana-nacional-dos-museus-2015-mateus\/thumbs\/thumbs_025.jpg\"\n\t\t\t\tdata-image-id=\"30229\"\n\t\t\t\tdata-title=\"025\"\n\t\t\t\tdata-description=\"\"\n\t\t\t\tdata-image-slug=\"025-10\"\n\t\t\t\tclass=\"shutterset_48421412391376c9d14c7470bdec1a9c\">\n\t\t\t\t<img\n\t\t\t\t\ttitle=\"025\"\n\t\t\t\t\talt=\"025\"\n\t\t\t\t\tsrc=\"https:\/\/www.ufla.br\/dcom\/nextgen-image\/30229\/100x75x100\/crop\/037df39484aad12b91e38f4114e026a5\"\n\t\t\t\t\twidth=\"100\"\n\t\t\t\t\theight=\"75\"\n\t\t\t\t\tstyle=\"max-width:100%;\"\n\t\t\t\t\/>\n\t\t\t<\/a>\n\t\t<\/div>\n\t\t\t\t\t\t\t<\/div>\n\t\t\t\n\t\t\t\t<div id=\"ngg-image-24\" class=\"ngg-gallery-thumbnail-box\n\t\t\t\t\t\t\t\tngg-5-columns\t\t\t\"\n\t\t\t>\n\t\t\t\t\t\t<div class=\"ngg-gallery-thumbnail\">\n\t\t\t<a href=\"https:\/\/www.ufla.br\/dcom\/wp-content\/gallery\/semana-nacional-dos-museus-2015-mateus\/026.jpg\"\n\t\t\t\ttitle=\"\"\n\t\t\t\tdata-src=\"https:\/\/www.ufla.br\/dcom\/wp-content\/gallery\/semana-nacional-dos-museus-2015-mateus\/026.jpg\"\n\t\t\t\tdata-thumbnail=\"https:\/\/www.ufla.br\/dcom\/wp-content\/gallery\/semana-nacional-dos-museus-2015-mateus\/thumbs\/thumbs_026.jpg\"\n\t\t\t\tdata-image-id=\"30230\"\n\t\t\t\tdata-title=\"026\"\n\t\t\t\tdata-description=\"\"\n\t\t\t\tdata-image-slug=\"026-10\"\n\t\t\t\tclass=\"shutterset_48421412391376c9d14c7470bdec1a9c\">\n\t\t\t\t<img\n\t\t\t\t\ttitle=\"026\"\n\t\t\t\t\talt=\"026\"\n\t\t\t\t\tsrc=\"https:\/\/www.ufla.br\/dcom\/nextgen-image\/30230\/100x75x100\/crop\/c5411b3ccb87a4f22ab12cbff019f6ee\"\n\t\t\t\t\twidth=\"100\"\n\t\t\t\t\theight=\"75\"\n\t\t\t\t\tstyle=\"max-width:100%;\"\n\t\t\t\t\/>\n\t\t\t<\/a>\n\t\t<\/div>\n\t\t\t\t\t\t\t<\/div>\n\t\t\t\n\t\t\t\t<div id=\"ngg-image-25\" class=\"ngg-gallery-thumbnail-box\n\t\t\t\t\t\t\t\tngg-5-columns\t\t\t\"\n\t\t\t>\n\t\t\t\t\t\t<div class=\"ngg-gallery-thumbnail\">\n\t\t\t<a href=\"https:\/\/www.ufla.br\/dcom\/wp-content\/gallery\/semana-nacional-dos-museus-2015-mateus\/027.jpg\"\n\t\t\t\ttitle=\"\"\n\t\t\t\tdata-src=\"https:\/\/www.ufla.br\/dcom\/wp-content\/gallery\/semana-nacional-dos-museus-2015-mateus\/027.jpg\"\n\t\t\t\tdata-thumbnail=\"https:\/\/www.ufla.br\/dcom\/wp-content\/gallery\/semana-nacional-dos-museus-2015-mateus\/thumbs\/thumbs_027.jpg\"\n\t\t\t\tdata-image-id=\"30231\"\n\t\t\t\tdata-title=\"027\"\n\t\t\t\tdata-description=\"\"\n\t\t\t\tdata-image-slug=\"027-10\"\n\t\t\t\tclass=\"shutterset_48421412391376c9d14c7470bdec1a9c\">\n\t\t\t\t<img\n\t\t\t\t\ttitle=\"027\"\n\t\t\t\t\talt=\"027\"\n\t\t\t\t\tsrc=\"https:\/\/www.ufla.br\/dcom\/nextgen-image\/30231\/100x75x100\/crop\/64163172ae5a01fbfe3f827db7dbff2e\"\n\t\t\t\t\twidth=\"100\"\n\t\t\t\t\theight=\"75\"\n\t\t\t\t\tstyle=\"max-width:100%;\"\n\t\t\t\t\/>\n\t\t\t<\/a>\n\t\t<\/div>\n\t\t\t\t\t\t\t<\/div>\n\t\t\t\n\t\t\t\t<div id=\"ngg-image-26\" class=\"ngg-gallery-thumbnail-box\n\t\t\t\t\t\t\t\tngg-5-columns\t\t\t\"\n\t\t\t>\n\t\t\t\t\t\t<div class=\"ngg-gallery-thumbnail\">\n\t\t\t<a href=\"https:\/\/www.ufla.br\/dcom\/wp-content\/gallery\/semana-nacional-dos-museus-2015-mateus\/028.jpg\"\n\t\t\t\ttitle=\"\"\n\t\t\t\tdata-src=\"https:\/\/www.ufla.br\/dcom\/wp-content\/gallery\/semana-nacional-dos-museus-2015-mateus\/028.jpg\"\n\t\t\t\tdata-thumbnail=\"https:\/\/www.ufla.br\/dcom\/wp-content\/gallery\/semana-nacional-dos-museus-2015-mateus\/thumbs\/thumbs_028.jpg\"\n\t\t\t\tdata-image-id=\"30232\"\n\t\t\t\tdata-title=\"028\"\n\t\t\t\tdata-description=\"\"\n\t\t\t\tdata-image-slug=\"028-10\"\n\t\t\t\tclass=\"shutterset_48421412391376c9d14c7470bdec1a9c\">\n\t\t\t\t<img\n\t\t\t\t\ttitle=\"028\"\n\t\t\t\t\talt=\"028\"\n\t\t\t\t\tsrc=\"https:\/\/www.ufla.br\/dcom\/nextgen-image\/30232\/100x75x100\/crop\/b60882b477cb79fbe4ae8eaab6f15598\"\n\t\t\t\t\twidth=\"100\"\n\t\t\t\t\theight=\"75\"\n\t\t\t\t\tstyle=\"max-width:100%;\"\n\t\t\t\t\/>\n\t\t\t<\/a>\n\t\t<\/div>\n\t\t\t\t\t\t\t<\/div>\n\t\t\t\n\t\t\t\t<div id=\"ngg-image-27\" class=\"ngg-gallery-thumbnail-box\n\t\t\t\t\t\t\t\tngg-5-columns\t\t\t\"\n\t\t\t>\n\t\t\t\t\t\t<div class=\"ngg-gallery-thumbnail\">\n\t\t\t<a href=\"https:\/\/www.ufla.br\/dcom\/wp-content\/gallery\/semana-nacional-dos-museus-2015-mateus\/029.jpg\"\n\t\t\t\ttitle=\"\"\n\t\t\t\tdata-src=\"https:\/\/www.ufla.br\/dcom\/wp-content\/gallery\/semana-nacional-dos-museus-2015-mateus\/029.jpg\"\n\t\t\t\tdata-thumbnail=\"https:\/\/www.ufla.br\/dcom\/wp-content\/gallery\/semana-nacional-dos-museus-2015-mateus\/thumbs\/thumbs_029.jpg\"\n\t\t\t\tdata-image-id=\"30233\"\n\t\t\t\tdata-title=\"029\"\n\t\t\t\tdata-description=\"\"\n\t\t\t\tdata-image-slug=\"029-10\"\n\t\t\t\tclass=\"shutterset_48421412391376c9d14c7470bdec1a9c\">\n\t\t\t\t<img\n\t\t\t\t\ttitle=\"029\"\n\t\t\t\t\talt=\"029\"\n\t\t\t\t\tsrc=\"https:\/\/www.ufla.br\/dcom\/nextgen-image\/30233\/100x75x100\/crop\/924266915a3955aa8ffaf78c8f35a597\"\n\t\t\t\t\twidth=\"100\"\n\t\t\t\t\theight=\"75\"\n\t\t\t\t\tstyle=\"max-width:100%;\"\n\t\t\t\t\/>\n\t\t\t<\/a>\n\t\t<\/div>\n\t\t\t\t\t\t\t<\/div>\n\t\t\t\n\t\t\t\t<div id=\"ngg-image-28\" class=\"ngg-gallery-thumbnail-box\n\t\t\t\t\t\t\t\tngg-5-columns\t\t\t\"\n\t\t\t>\n\t\t\t\t\t\t<div class=\"ngg-gallery-thumbnail\">\n\t\t\t<a href=\"https:\/\/www.ufla.br\/dcom\/wp-content\/gallery\/semana-nacional-dos-museus-2015-mateus\/030.jpg\"\n\t\t\t\ttitle=\"\"\n\t\t\t\tdata-src=\"https:\/\/www.ufla.br\/dcom\/wp-content\/gallery\/semana-nacional-dos-museus-2015-mateus\/030.jpg\"\n\t\t\t\tdata-thumbnail=\"https:\/\/www.ufla.br\/dcom\/wp-content\/gallery\/semana-nacional-dos-museus-2015-mateus\/thumbs\/thumbs_030.jpg\"\n\t\t\t\tdata-image-id=\"30234\"\n\t\t\t\tdata-title=\"030\"\n\t\t\t\tdata-description=\"\"\n\t\t\t\tdata-image-slug=\"030-10\"\n\t\t\t\tclass=\"shutterset_48421412391376c9d14c7470bdec1a9c\">\n\t\t\t\t<img\n\t\t\t\t\ttitle=\"030\"\n\t\t\t\t\talt=\"030\"\n\t\t\t\t\tsrc=\"https:\/\/www.ufla.br\/dcom\/nextgen-image\/30234\/100x75x100\/crop\/a36b57fabfdf0f3ffb16e0a15b3d4b86\"\n\t\t\t\t\twidth=\"100\"\n\t\t\t\t\theight=\"75\"\n\t\t\t\t\tstyle=\"max-width:100%;\"\n\t\t\t\t\/>\n\t\t\t<\/a>\n\t\t<\/div>\n\t\t\t\t\t\t\t<\/div>\n\t\t\t\n\t\t\t\t<div id=\"ngg-image-29\" class=\"ngg-gallery-thumbnail-box\n\t\t\t\t\t\t\t\tngg-5-columns\t\t\t\"\n\t\t\t>\n\t\t\t\t\t\t<div class=\"ngg-gallery-thumbnail\">\n\t\t\t<a href=\"https:\/\/www.ufla.br\/dcom\/wp-content\/gallery\/semana-nacional-dos-museus-2015-mateus\/031.jpg\"\n\t\t\t\ttitle=\"\"\n\t\t\t\tdata-src=\"https:\/\/www.ufla.br\/dcom\/wp-content\/gallery\/semana-nacional-dos-museus-2015-mateus\/031.jpg\"\n\t\t\t\tdata-thumbnail=\"https:\/\/www.ufla.br\/dcom\/wp-content\/gallery\/semana-nacional-dos-museus-2015-mateus\/thumbs\/thumbs_031.jpg\"\n\t\t\t\tdata-image-id=\"30235\"\n\t\t\t\tdata-title=\"031\"\n\t\t\t\tdata-description=\"\"\n\t\t\t\tdata-image-slug=\"031-10\"\n\t\t\t\tclass=\"shutterset_48421412391376c9d14c7470bdec1a9c\">\n\t\t\t\t<img\n\t\t\t\t\ttitle=\"031\"\n\t\t\t\t\talt=\"031\"\n\t\t\t\t\tsrc=\"https:\/\/www.ufla.br\/dcom\/nextgen-image\/30235\/100x75x100\/crop\/5d287ee64762d9ffc5d67bdc97ddebd4\"\n\t\t\t\t\twidth=\"100\"\n\t\t\t\t\theight=\"75\"\n\t\t\t\t\tstyle=\"max-width:100%;\"\n\t\t\t\t\/>\n\t\t\t<\/a>\n\t\t<\/div>\n\t\t\t\t\t\t\t<\/div>\n\t\t\t\n\t\t\t\t<div id=\"ngg-image-30\" class=\"ngg-gallery-thumbnail-box\n\t\t\t\t\t\t\t\tngg-5-columns\t\t\t\"\n\t\t\t>\n\t\t\t\t\t\t<div class=\"ngg-gallery-thumbnail\">\n\t\t\t<a href=\"https:\/\/www.ufla.br\/dcom\/wp-content\/gallery\/semana-nacional-dos-museus-2015-mateus\/032.jpg\"\n\t\t\t\ttitle=\"\"\n\t\t\t\tdata-src=\"https:\/\/www.ufla.br\/dcom\/wp-content\/gallery\/semana-nacional-dos-museus-2015-mateus\/032.jpg\"\n\t\t\t\tdata-thumbnail=\"https:\/\/www.ufla.br\/dcom\/wp-content\/gallery\/semana-nacional-dos-museus-2015-mateus\/thumbs\/thumbs_032.jpg\"\n\t\t\t\tdata-image-id=\"30236\"\n\t\t\t\tdata-title=\"032\"\n\t\t\t\tdata-description=\"\"\n\t\t\t\tdata-image-slug=\"032-9\"\n\t\t\t\tclass=\"shutterset_48421412391376c9d14c7470bdec1a9c\">\n\t\t\t\t<img\n\t\t\t\t\ttitle=\"032\"\n\t\t\t\t\talt=\"032\"\n\t\t\t\t\tsrc=\"https:\/\/www.ufla.br\/dcom\/nextgen-image\/30236\/100x75x100\/crop\/e8522a119f395f7deb1abe80cc62d778\"\n\t\t\t\t\twidth=\"100\"\n\t\t\t\t\theight=\"75\"\n\t\t\t\t\tstyle=\"max-width:100%;\"\n\t\t\t\t\/>\n\t\t\t<\/a>\n\t\t<\/div>\n\t\t\t\t\t\t\t<\/div>\n\t\t\t\n\t\t\t\t<div id=\"ngg-image-31\" class=\"ngg-gallery-thumbnail-box\n\t\t\t\t\t\t\t\tngg-5-columns\t\t\t\"\n\t\t\t>\n\t\t\t\t\t\t<div class=\"ngg-gallery-thumbnail\">\n\t\t\t<a href=\"https:\/\/www.ufla.br\/dcom\/wp-content\/gallery\/semana-nacional-dos-museus-2015-mateus\/033.jpg\"\n\t\t\t\ttitle=\"\"\n\t\t\t\tdata-src=\"https:\/\/www.ufla.br\/dcom\/wp-content\/gallery\/semana-nacional-dos-museus-2015-mateus\/033.jpg\"\n\t\t\t\tdata-thumbnail=\"https:\/\/www.ufla.br\/dcom\/wp-content\/gallery\/semana-nacional-dos-museus-2015-mateus\/thumbs\/thumbs_033.jpg\"\n\t\t\t\tdata-image-id=\"30237\"\n\t\t\t\tdata-title=\"033\"\n\t\t\t\tdata-description=\"\"\n\t\t\t\tdata-image-slug=\"033-10\"\n\t\t\t\tclass=\"shutterset_48421412391376c9d14c7470bdec1a9c\">\n\t\t\t\t<img\n\t\t\t\t\ttitle=\"033\"\n\t\t\t\t\talt=\"033\"\n\t\t\t\t\tsrc=\"https:\/\/www.ufla.br\/dcom\/nextgen-image\/30237\/100x75x100\/crop\/a076174aac3916c59df7f0c81c47cf11\"\n\t\t\t\t\twidth=\"100\"\n\t\t\t\t\theight=\"75\"\n\t\t\t\t\tstyle=\"max-width:100%;\"\n\t\t\t\t\/>\n\t\t\t<\/a>\n\t\t<\/div>\n\t\t\t\t\t\t\t<\/div>\n\t\t\t\n\t\t\t\t<div id=\"ngg-image-32\" class=\"ngg-gallery-thumbnail-box\n\t\t\t\t\t\t\t\tngg-5-columns\t\t\t\"\n\t\t\t>\n\t\t\t\t\t\t<div class=\"ngg-gallery-thumbnail\">\n\t\t\t<a href=\"https:\/\/www.ufla.br\/dcom\/wp-content\/gallery\/semana-nacional-dos-museus-2015-mateus\/034.jpg\"\n\t\t\t\ttitle=\"\"\n\t\t\t\tdata-src=\"https:\/\/www.ufla.br\/dcom\/wp-content\/gallery\/semana-nacional-dos-museus-2015-mateus\/034.jpg\"\n\t\t\t\tdata-thumbnail=\"https:\/\/www.ufla.br\/dcom\/wp-content\/gallery\/semana-nacional-dos-museus-2015-mateus\/thumbs\/thumbs_034.jpg\"\n\t\t\t\tdata-image-id=\"30238\"\n\t\t\t\tdata-title=\"034\"\n\t\t\t\tdata-description=\"\"\n\t\t\t\tdata-image-slug=\"034-10\"\n\t\t\t\tclass=\"shutterset_48421412391376c9d14c7470bdec1a9c\">\n\t\t\t\t<img\n\t\t\t\t\ttitle=\"034\"\n\t\t\t\t\talt=\"034\"\n\t\t\t\t\tsrc=\"https:\/\/www.ufla.br\/dcom\/nextgen-image\/30238\/100x75x100\/crop\/9ee212a960317676277a9c1e67c58bae\"\n\t\t\t\t\twidth=\"100\"\n\t\t\t\t\theight=\"75\"\n\t\t\t\t\tstyle=\"max-width:100%;\"\n\t\t\t\t\/>\n\t\t\t<\/a>\n\t\t<\/div>\n\t\t\t\t\t\t\t<\/div>\n\t\t\t\n\t\t\t\t<div id=\"ngg-image-33\" class=\"ngg-gallery-thumbnail-box\n\t\t\t\t\t\t\t\tngg-5-columns\t\t\t\"\n\t\t\t>\n\t\t\t\t\t\t<div class=\"ngg-gallery-thumbnail\">\n\t\t\t<a href=\"https:\/\/www.ufla.br\/dcom\/wp-content\/gallery\/semana-nacional-dos-museus-2015-mateus\/035.jpg\"\n\t\t\t\ttitle=\"\"\n\t\t\t\tdata-src=\"https:\/\/www.ufla.br\/dcom\/wp-content\/gallery\/semana-nacional-dos-museus-2015-mateus\/035.jpg\"\n\t\t\t\tdata-thumbnail=\"https:\/\/www.ufla.br\/dcom\/wp-content\/gallery\/semana-nacional-dos-museus-2015-mateus\/thumbs\/thumbs_035.jpg\"\n\t\t\t\tdata-image-id=\"30239\"\n\t\t\t\tdata-title=\"035\"\n\t\t\t\tdata-description=\"\"\n\t\t\t\tdata-image-slug=\"035-8\"\n\t\t\t\tclass=\"shutterset_48421412391376c9d14c7470bdec1a9c\">\n\t\t\t\t<img\n\t\t\t\t\ttitle=\"035\"\n\t\t\t\t\talt=\"035\"\n\t\t\t\t\tsrc=\"https:\/\/www.ufla.br\/dcom\/nextgen-image\/30239\/100x75x100\/crop\/d049aa09d74debf20e358062064c1d1b\"\n\t\t\t\t\twidth=\"100\"\n\t\t\t\t\theight=\"75\"\n\t\t\t\t\tstyle=\"max-width:100%;\"\n\t\t\t\t\/>\n\t\t\t<\/a>\n\t\t<\/div>\n\t\t\t\t\t\t\t<\/div>\n\t\t\t\n\t\t\t\t<div id=\"ngg-image-34\" class=\"ngg-gallery-thumbnail-box\n\t\t\t\t\t\t\t\tngg-5-columns\t\t\t\"\n\t\t\t>\n\t\t\t\t\t\t<div class=\"ngg-gallery-thumbnail\">\n\t\t\t<a href=\"https:\/\/www.ufla.br\/dcom\/wp-content\/gallery\/semana-nacional-dos-museus-2015-mateus\/036.jpg\"\n\t\t\t\ttitle=\"\"\n\t\t\t\tdata-src=\"https:\/\/www.ufla.br\/dcom\/wp-content\/gallery\/semana-nacional-dos-museus-2015-mateus\/036.jpg\"\n\t\t\t\tdata-thumbnail=\"https:\/\/www.ufla.br\/dcom\/wp-content\/gallery\/semana-nacional-dos-museus-2015-mateus\/thumbs\/thumbs_036.jpg\"\n\t\t\t\tdata-image-id=\"30240\"\n\t\t\t\tdata-title=\"036\"\n\t\t\t\tdata-description=\"\"\n\t\t\t\tdata-image-slug=\"036-8\"\n\t\t\t\tclass=\"shutterset_48421412391376c9d14c7470bdec1a9c\">\n\t\t\t\t<img\n\t\t\t\t\ttitle=\"036\"\n\t\t\t\t\talt=\"036\"\n\t\t\t\t\tsrc=\"https:\/\/www.ufla.br\/dcom\/nextgen-image\/30240\/100x75x100\/crop\/5df85ab9f12e194599325d4a452f182c\"\n\t\t\t\t\twidth=\"100\"\n\t\t\t\t\theight=\"75\"\n\t\t\t\t\tstyle=\"max-width:100%;\"\n\t\t\t\t\/>\n\t\t\t<\/a>\n\t\t<\/div>\n\t\t\t\t\t\t\t<\/div>\n\t\t\t\n\t\t\t\t<div id=\"ngg-image-35\" class=\"ngg-gallery-thumbnail-box\n\t\t\t\t\t\t\t\tngg-5-columns\t\t\t\"\n\t\t\t>\n\t\t\t\t\t\t<div class=\"ngg-gallery-thumbnail\">\n\t\t\t<a href=\"https:\/\/www.ufla.br\/dcom\/wp-content\/gallery\/semana-nacional-dos-museus-2015-mateus\/037.jpg\"\n\t\t\t\ttitle=\"\"\n\t\t\t\tdata-src=\"https:\/\/www.ufla.br\/dcom\/wp-content\/gallery\/semana-nacional-dos-museus-2015-mateus\/037.jpg\"\n\t\t\t\tdata-thumbnail=\"https:\/\/www.ufla.br\/dcom\/wp-content\/gallery\/semana-nacional-dos-museus-2015-mateus\/thumbs\/thumbs_037.jpg\"\n\t\t\t\tdata-image-id=\"30241\"\n\t\t\t\tdata-title=\"037\"\n\t\t\t\tdata-description=\"\"\n\t\t\t\tdata-image-slug=\"037-6\"\n\t\t\t\tclass=\"shutterset_48421412391376c9d14c7470bdec1a9c\">\n\t\t\t\t<img\n\t\t\t\t\ttitle=\"037\"\n\t\t\t\t\talt=\"037\"\n\t\t\t\t\tsrc=\"https:\/\/www.ufla.br\/dcom\/nextgen-image\/30241\/100x75x100\/crop\/5c2d46958a17e78df9932dfb6b59cedd\"\n\t\t\t\t\twidth=\"100\"\n\t\t\t\t\theight=\"75\"\n\t\t\t\t\tstyle=\"max-width:100%;\"\n\t\t\t\t\/>\n\t\t\t<\/a>\n\t\t<\/div>\n\t\t\t\t\t\t\t<\/div>\n\t\t\t\n\t\t\t\t<div id=\"ngg-image-36\" class=\"ngg-gallery-thumbnail-box\n\t\t\t\t\t\t\t\tngg-5-columns\t\t\t\"\n\t\t\t>\n\t\t\t\t\t\t<div class=\"ngg-gallery-thumbnail\">\n\t\t\t<a href=\"https:\/\/www.ufla.br\/dcom\/wp-content\/gallery\/semana-nacional-dos-museus-2015-mateus\/038.jpg\"\n\t\t\t\ttitle=\"\"\n\t\t\t\tdata-src=\"https:\/\/www.ufla.br\/dcom\/wp-content\/gallery\/semana-nacional-dos-museus-2015-mateus\/038.jpg\"\n\t\t\t\tdata-thumbnail=\"https:\/\/www.ufla.br\/dcom\/wp-content\/gallery\/semana-nacional-dos-museus-2015-mateus\/thumbs\/thumbs_038.jpg\"\n\t\t\t\tdata-image-id=\"30242\"\n\t\t\t\tdata-title=\"038\"\n\t\t\t\tdata-description=\"\"\n\t\t\t\tdata-image-slug=\"038-7\"\n\t\t\t\tclass=\"shutterset_48421412391376c9d14c7470bdec1a9c\">\n\t\t\t\t<img\n\t\t\t\t\ttitle=\"038\"\n\t\t\t\t\talt=\"038\"\n\t\t\t\t\tsrc=\"https:\/\/www.ufla.br\/dcom\/nextgen-image\/30242\/100x75x100\/crop\/64552c8a69d5958c1699a97b8a51746d\"\n\t\t\t\t\twidth=\"100\"\n\t\t\t\t\theight=\"75\"\n\t\t\t\t\tstyle=\"max-width:100%;\"\n\t\t\t\t\/>\n\t\t\t<\/a>\n\t\t<\/div>\n\t\t\t\t\t\t\t<\/div>\n\t\t\t\n\t\t\t\t<div id=\"ngg-image-37\" class=\"ngg-gallery-thumbnail-box\n\t\t\t\t\t\t\t\tngg-5-columns\t\t\t\"\n\t\t\t>\n\t\t\t\t\t\t<div class=\"ngg-gallery-thumbnail\">\n\t\t\t<a href=\"https:\/\/www.ufla.br\/dcom\/wp-content\/gallery\/semana-nacional-dos-museus-2015-mateus\/039.jpg\"\n\t\t\t\ttitle=\"\"\n\t\t\t\tdata-src=\"https:\/\/www.ufla.br\/dcom\/wp-content\/gallery\/semana-nacional-dos-museus-2015-mateus\/039.jpg\"\n\t\t\t\tdata-thumbnail=\"https:\/\/www.ufla.br\/dcom\/wp-content\/gallery\/semana-nacional-dos-museus-2015-mateus\/thumbs\/thumbs_039.jpg\"\n\t\t\t\tdata-image-id=\"30243\"\n\t\t\t\tdata-title=\"039\"\n\t\t\t\tdata-description=\"\"\n\t\t\t\tdata-image-slug=\"039-6\"\n\t\t\t\tclass=\"shutterset_48421412391376c9d14c7470bdec1a9c\">\n\t\t\t\t<img\n\t\t\t\t\ttitle=\"039\"\n\t\t\t\t\talt=\"039\"\n\t\t\t\t\tsrc=\"https:\/\/www.ufla.br\/dcom\/nextgen-image\/30243\/100x75x100\/crop\/2bc5bed3cb7a67fc1ae12c40f01bd611\"\n\t\t\t\t\twidth=\"100\"\n\t\t\t\t\theight=\"75\"\n\t\t\t\t\tstyle=\"max-width:100%;\"\n\t\t\t\t\/>\n\t\t\t<\/a>\n\t\t<\/div>\n\t\t\t\t\t\t\t<\/div>\n\t\t\t\n\t\t\t\t<div id=\"ngg-image-38\" class=\"ngg-gallery-thumbnail-box\n\t\t\t\t\t\t\t\tngg-5-columns\t\t\t\"\n\t\t\t>\n\t\t\t\t\t\t<div class=\"ngg-gallery-thumbnail\">\n\t\t\t<a href=\"https:\/\/www.ufla.br\/dcom\/wp-content\/gallery\/semana-nacional-dos-museus-2015-mateus\/040.jpg\"\n\t\t\t\ttitle=\"\"\n\t\t\t\tdata-src=\"https:\/\/www.ufla.br\/dcom\/wp-content\/gallery\/semana-nacional-dos-museus-2015-mateus\/040.jpg\"\n\t\t\t\tdata-thumbnail=\"https:\/\/www.ufla.br\/dcom\/wp-content\/gallery\/semana-nacional-dos-museus-2015-mateus\/thumbs\/thumbs_040.jpg\"\n\t\t\t\tdata-image-id=\"30244\"\n\t\t\t\tdata-title=\"040\"\n\t\t\t\tdata-description=\"\"\n\t\t\t\tdata-image-slug=\"040-7\"\n\t\t\t\tclass=\"shutterset_48421412391376c9d14c7470bdec1a9c\">\n\t\t\t\t<img\n\t\t\t\t\ttitle=\"040\"\n\t\t\t\t\talt=\"040\"\n\t\t\t\t\tsrc=\"https:\/\/www.ufla.br\/dcom\/nextgen-image\/30244\/100x75x100\/crop\/a8814b876065b5378ea33bbf8e431bd8\"\n\t\t\t\t\twidth=\"100\"\n\t\t\t\t\theight=\"75\"\n\t\t\t\t\tstyle=\"max-width:100%;\"\n\t\t\t\t\/>\n\t\t\t<\/a>\n\t\t<\/div>\n\t\t\t\t\t\t\t<\/div>\n\t\t\t\n\t\t\t\t<div id=\"ngg-image-39\" class=\"ngg-gallery-thumbnail-box\n\t\t\t\t\t\t\t\tngg-5-columns\t\t\t\"\n\t\t\t>\n\t\t\t\t\t\t<div class=\"ngg-gallery-thumbnail\">\n\t\t\t<a href=\"https:\/\/www.ufla.br\/dcom\/wp-content\/gallery\/semana-nacional-dos-museus-2015-mateus\/041.jpg\"\n\t\t\t\ttitle=\"\"\n\t\t\t\tdata-src=\"https:\/\/www.ufla.br\/dcom\/wp-content\/gallery\/semana-nacional-dos-museus-2015-mateus\/041.jpg\"\n\t\t\t\tdata-thumbnail=\"https:\/\/www.ufla.br\/dcom\/wp-content\/gallery\/semana-nacional-dos-museus-2015-mateus\/thumbs\/thumbs_041.jpg\"\n\t\t\t\tdata-image-id=\"30245\"\n\t\t\t\tdata-title=\"041\"\n\t\t\t\tdata-description=\"\"\n\t\t\t\tdata-image-slug=\"041-6\"\n\t\t\t\tclass=\"shutterset_48421412391376c9d14c7470bdec1a9c\">\n\t\t\t\t<img\n\t\t\t\t\ttitle=\"041\"\n\t\t\t\t\talt=\"041\"\n\t\t\t\t\tsrc=\"https:\/\/www.ufla.br\/dcom\/nextgen-image\/30245\/100x75x100\/crop\/5a85b659131a51d2607f8fa97f790adc\"\n\t\t\t\t\twidth=\"100\"\n\t\t\t\t\theight=\"75\"\n\t\t\t\t\tstyle=\"max-width:100%;\"\n\t\t\t\t\/>\n\t\t\t<\/a>\n\t\t<\/div>\n\t\t\t\t\t\t\t<\/div>\n\t\t\t\n\t\t\t\t<div id=\"ngg-image-40\" class=\"ngg-gallery-thumbnail-box\n\t\t\t\t\t\t\t\tngg-5-columns\t\t\t\"\n\t\t\t>\n\t\t\t\t\t\t<div class=\"ngg-gallery-thumbnail\">\n\t\t\t<a href=\"https:\/\/www.ufla.br\/dcom\/wp-content\/gallery\/semana-nacional-dos-museus-2015-mateus\/042.jpg\"\n\t\t\t\ttitle=\"\"\n\t\t\t\tdata-src=\"https:\/\/www.ufla.br\/dcom\/wp-content\/gallery\/semana-nacional-dos-museus-2015-mateus\/042.jpg\"\n\t\t\t\tdata-thumbnail=\"https:\/\/www.ufla.br\/dcom\/wp-content\/gallery\/semana-nacional-dos-museus-2015-mateus\/thumbs\/thumbs_042.jpg\"\n\t\t\t\tdata-image-id=\"30246\"\n\t\t\t\tdata-title=\"042\"\n\t\t\t\tdata-description=\"\"\n\t\t\t\tdata-image-slug=\"042-6\"\n\t\t\t\tclass=\"shutterset_48421412391376c9d14c7470bdec1a9c\">\n\t\t\t\t<img\n\t\t\t\t\ttitle=\"042\"\n\t\t\t\t\talt=\"042\"\n\t\t\t\t\tsrc=\"https:\/\/www.ufla.br\/dcom\/nextgen-image\/30246\/100x75x100\/crop\/8d5a08e86d73986be6588ca223d561f7\"\n\t\t\t\t\twidth=\"100\"\n\t\t\t\t\theight=\"75\"\n\t\t\t\t\tstyle=\"max-width:100%;\"\n\t\t\t\t\/>\n\t\t\t<\/a>\n\t\t<\/div>\n\t\t\t\t\t\t\t<\/div>\n\t\t\t\n\t\t\t\t<div id=\"ngg-image-41\" class=\"ngg-gallery-thumbnail-box\n\t\t\t\t\t\t\t\tngg-5-columns\t\t\t\"\n\t\t\t>\n\t\t\t\t\t\t<div class=\"ngg-gallery-thumbnail\">\n\t\t\t<a href=\"https:\/\/www.ufla.br\/dcom\/wp-content\/gallery\/semana-nacional-dos-museus-2015-mateus\/043.jpg\"\n\t\t\t\ttitle=\"\"\n\t\t\t\tdata-src=\"https:\/\/www.ufla.br\/dcom\/wp-content\/gallery\/semana-nacional-dos-museus-2015-mateus\/043.jpg\"\n\t\t\t\tdata-thumbnail=\"https:\/\/www.ufla.br\/dcom\/wp-content\/gallery\/semana-nacional-dos-museus-2015-mateus\/thumbs\/thumbs_043.jpg\"\n\t\t\t\tdata-image-id=\"30247\"\n\t\t\t\tdata-title=\"043\"\n\t\t\t\tdata-description=\"\"\n\t\t\t\tdata-image-slug=\"043-6\"\n\t\t\t\tclass=\"shutterset_48421412391376c9d14c7470bdec1a9c\">\n\t\t\t\t<img\n\t\t\t\t\ttitle=\"043\"\n\t\t\t\t\talt=\"043\"\n\t\t\t\t\tsrc=\"https:\/\/www.ufla.br\/dcom\/nextgen-image\/30247\/100x75x100\/crop\/25b251b8825d0617064d57b8aab52dc0\"\n\t\t\t\t\twidth=\"100\"\n\t\t\t\t\theight=\"75\"\n\t\t\t\t\tstyle=\"max-width:100%;\"\n\t\t\t\t\/>\n\t\t\t<\/a>\n\t\t<\/div>\n\t\t\t\t\t\t\t<\/div>\n\t\t\t\n\t\n\t<br style=\"clear: both\" \/>\n\n\t\n\t\t<!-- Pagination -->\n\t\t<div class='ngg-clear'><\/div>\t<\/div>\n<\/p>\n","protected":false},"excerpt":{"rendered":"<p>De 18 a 23\/5, a comunidade regional foi prestigiada por uma programa\u00e7\u00e3o especial promovida pelos museus da UFLA, durante a Semana Nacional de Museus. As visitas, exposi\u00e7\u00f5es, debates, a\u00e7\u00f5es educativas e oficinas chamaram a aten\u00e7\u00e3o para como as institui\u00e7\u00f5es museol\u00f3gicas podem agir de maneira sustent\u00e1vel e incentivar p\u00fablicos a adotarem medidas nesse sentido. No dia &hellip; <a href=\"https:\/\/www.ufla.br\/dcom\/2015\/05\/27\/ciencia-e-cultura-marcaram-encerramento-da-semana-nacional-de-museus-veja-fotos\/\" class=\"more-link\">Continue lendo <span class=\"screen-reader-text\">Ci\u00eancia e cultura marcaram encerramento da Semana Nacional de Museus &#8211; veja fotos<\/span> <span class=\"meta-nav\">&rarr;<\/span><\/a><\/p>\n","protected":false},"author":8,"featured_media":0,"comment_status":"closed","ping_status":"closed","sticky":false,"template":"","format":"standard","meta":{"ngg_post_thumbnail":0,"footnotes":""},"categories":[1,10],"tags":[988,506,682],"class_list":["post-86733","post","type-post","status-publish","format-standard","hentry","category-noticias","category-menores","tag-a-magia-da-fisica-e-do-universo","tag-museus","tag-semana-nacional-de-museus"],"_links":{"self":[{"href":"https:\/\/www.ufla.br\/dcom\/wp-json\/wp\/v2\/posts\/86733","targetHints":{"allow":["GET"]}}],"collection":[{"href":"https:\/\/www.ufla.br\/dcom\/wp-json\/wp\/v2\/posts"}],"about":[{"href":"https:\/\/www.ufla.br\/dcom\/wp-json\/wp\/v2\/types\/post"}],"author":[{"embeddable":true,"href":"https:\/\/www.ufla.br\/dcom\/wp-json\/wp\/v2\/users\/8"}],"replies":[{"embeddable":true,"href":"https:\/\/www.ufla.br\/dcom\/wp-json\/wp\/v2\/comments?post=86733"}],"version-history":[{"count":1,"href":"https:\/\/www.ufla.br\/dcom\/wp-json\/wp\/v2\/posts\/86733\/revisions"}],"predecessor-version":[{"id":86737,"href":"https:\/\/www.ufla.br\/dcom\/wp-json\/wp\/v2\/posts\/86733\/revisions\/86737"}],"wp:attachment":[{"href":"https:\/\/www.ufla.br\/dcom\/wp-json\/wp\/v2\/media?parent=86733"}],"wp:term":[{"taxonomy":"category","embeddable":true,"href":"https:\/\/www.ufla.br\/dcom\/wp-json\/wp\/v2\/categories?post=86733"},{"taxonomy":"post_tag","embeddable":true,"href":"https:\/\/www.ufla.br\/dcom\/wp-json\/wp\/v2\/tags?post=86733"}],"curies":[{"name":"wp","href":"https:\/\/api.w.org\/{rel}","templated":true}]}}