{"id":86507,"date":"2015-05-25T15:54:16","date_gmt":"2015-05-25T18:54:16","guid":{"rendered":"http:\/\/www.ufla.br\/ascom\/?p=86507"},"modified":"2015-05-27T09:26:25","modified_gmt":"2015-05-27T12:26:25","slug":"em-publico-foi-realizado-na-ufla-veja-fotos","status":"publish","type":"post","link":"https:\/\/www.ufla.br\/dcom\/2015\/05\/25\/em-publico-foi-realizado-na-ufla-veja-fotos\/","title":{"rendered":"Encontro Mineiro dos Estudantes do Campo de P\u00fablicas foi realizado na UFLA \u2013 veja fotos"},"content":{"rendered":"<p><a href=\"http:\/\/www.ufla.br\/ascom\/wp-content\/uploads\/2015\/05\/008.jpg\"><img loading=\"lazy\" decoding=\"async\" class=\"alignleft size-medium wp-image-86539\" src=\"http:\/\/www.ufla.br\/ascom\/wp-content\/uploads\/2015\/05\/008-249x166.jpg\" alt=\"\" width=\"249\" height=\"166\" srcset=\"https:\/\/www.ufla.br\/dcom\/wp-content\/uploads\/2015\/05\/008-249x166.jpg 249w, https:\/\/www.ufla.br\/dcom\/wp-content\/uploads\/2015\/05\/008-612x408.jpg 612w, https:\/\/www.ufla.br\/dcom\/wp-content\/uploads\/2015\/05\/008.jpg 900w\" sizes=\"auto, (max-width: 249px) 100vw, 249px\" \/><\/a>Nesse final de semana, estudantes, pesquisadores, docentes e profissionais do campo da Administra\u00e7\u00e3o P\u00fablica reuniram-se na UFLA. De 22 a 24, ocorreu o I Encontro Mineiro dos Estudantes do Campo de P\u00fablicas (EM P\u00fablico), com palestras, workshops e mesas-redondas com gestores p\u00fablicos, no Sal\u00e3o de Conven\u00e7\u00f5es; e apresenta\u00e7\u00e3o de trabalhos, no Centro Cultural Casa das Pedras.<\/p>\n<p>Durante a abertura, a coordenadora acad\u00eamica do evento, Nat\u00e1lia Lanfredi, deu as boas-vindas aos participantes e ressaltou a coletividade na constru\u00e7\u00e3o do EM P\u00fablico. O coordenador do curso de Administra\u00e7\u00e3o P\u00fablica da UFLA, professor D\u00eanis Renato de Oliveira, considerou o momento oportuno para a discuss\u00e3o de avan\u00e7os na \u00e1rea, como a diferencia\u00e7\u00e3o da Administra\u00e7\u00e3o P\u00fablica da Administra\u00e7\u00e3o empresarial, conforme Diretrizes Curriculares Nacionais institu\u00eddas pelo Minist\u00e9rio da Educa\u00e7\u00e3o em 2014.<\/p>\n<p>O deputado estadual F\u00e1bio Cherem chamou a aten\u00e7\u00e3o para o Estado de Minas Gerais, que possui mais de 850 munic\u00edpios. A participa\u00e7\u00e3o de profissionais qualificados em Administra\u00e7\u00e3o P\u00fablica, no \u00e2mbito das cidades, \u00e9 essencial para o desenvolvimento da gest\u00e3o municipal.<\/p>\n<p>Representando o reitor, o pr\u00f3-reitor de P\u00f3s-Gradua\u00e7\u00e3o da UFLA, professor Alcides Moino J\u00fanior, considerou que a realiza\u00e7\u00e3o do Em P\u00fablico j\u00e1 \u00e9 um \u201cfruto de uma gest\u00e3o inovadora em Administra\u00e7\u00e3o P\u00fablica\u201d, \u00e1rea do conhecimento que vem se integrando com naturalidade \u00e0 gest\u00e3o da Universidade.<\/p>\n<p>Entre os temas das apresenta\u00e7\u00f5es, destacaram-se: a import\u00e2ncia do gestor p\u00fablico; o movimento estudantil e o Campo de P\u00fablicas; limites, possibilidades e desafios da gest\u00e3o p\u00fablica em Minas Gerais; import\u00e2ncia da atua\u00e7\u00e3o regional do servidor p\u00fablico; e atua\u00e7\u00e3o dos egressos no mercado de trabalho.<\/p>\n<p>O evento recebeu inscri\u00e7\u00f5es das Universidades Federais de Minas Gerais (UFMG), Rio de Janeiro (UFRJ), S\u00e3o Jo\u00e3o del Rei (UFSJ), UFLA, Universidade de Bras\u00edlia e Funda\u00e7\u00e3o Jo\u00e3o Pinheiro. O encontro foi realizado a partir da parceria pioneira entre os cursos de Gest\u00e3o P\u00fablica e Ci\u00eancias do Estado, da UFMG, e de Administra\u00e7\u00e3o P\u00fablica, da UFLA e da Funda\u00e7\u00e3o Jo\u00e3o Pinheiro.<\/p>\n<p><!-- default-view.php -->\n<div\n\tclass=\"ngg-galleryoverview default-view\n\t ngg-ajax-pagination-none\t\"\n\tid=\"ngg-gallery-64fe2af8c2b8f480e8d26baeb3d08253-1\">\n\n\t\t<!-- Thumbnails -->\n\t\t\t\t<div id=\"ngg-image-0\" class=\"ngg-gallery-thumbnail-box\n\t\t\t\t\t\t\t\tngg-5-columns\t\t\t\"\n\t\t\t>\n\t\t\t\t\t\t<div class=\"ngg-gallery-thumbnail\">\n\t\t\t<a href=\"https:\/\/www.ufla.br\/dcom\/wp-content\/gallery\/em-publico-mateus\/001.jpg\"\n\t\t\t\ttitle=\"\"\n\t\t\t\tdata-src=\"https:\/\/www.ufla.br\/dcom\/wp-content\/gallery\/em-publico-mateus\/001.jpg\"\n\t\t\t\tdata-thumbnail=\"https:\/\/www.ufla.br\/dcom\/wp-content\/gallery\/em-publico-mateus\/thumbs\/thumbs_001.jpg\"\n\t\t\t\tdata-image-id=\"30191\"\n\t\t\t\tdata-title=\"001\"\n\t\t\t\tdata-description=\"\"\n\t\t\t\tdata-image-slug=\"001-10\"\n\t\t\t\tclass=\"shutterset_64fe2af8c2b8f480e8d26baeb3d08253\">\n\t\t\t\t<img\n\t\t\t\t\ttitle=\"001\"\n\t\t\t\t\talt=\"001\"\n\t\t\t\t\tsrc=\"https:\/\/www.ufla.br\/dcom\/nextgen-image\/30191\/100x75x100\/crop\/29bba1b163abe84244ff26d9617c4b2d\"\n\t\t\t\t\twidth=\"100\"\n\t\t\t\t\theight=\"75\"\n\t\t\t\t\tstyle=\"max-width:100%;\"\n\t\t\t\t\/>\n\t\t\t<\/a>\n\t\t<\/div>\n\t\t\t\t\t\t\t<\/div>\n\t\t\t\n\t\t\t\t<div id=\"ngg-image-1\" class=\"ngg-gallery-thumbnail-box\n\t\t\t\t\t\t\t\tngg-5-columns\t\t\t\"\n\t\t\t>\n\t\t\t\t\t\t<div class=\"ngg-gallery-thumbnail\">\n\t\t\t<a href=\"https:\/\/www.ufla.br\/dcom\/wp-content\/gallery\/em-publico-mateus\/002.jpg\"\n\t\t\t\ttitle=\"\"\n\t\t\t\tdata-src=\"https:\/\/www.ufla.br\/dcom\/wp-content\/gallery\/em-publico-mateus\/002.jpg\"\n\t\t\t\tdata-thumbnail=\"https:\/\/www.ufla.br\/dcom\/wp-content\/gallery\/em-publico-mateus\/thumbs\/thumbs_002.jpg\"\n\t\t\t\tdata-image-id=\"30192\"\n\t\t\t\tdata-title=\"002\"\n\t\t\t\tdata-description=\"\"\n\t\t\t\tdata-image-slug=\"002-10\"\n\t\t\t\tclass=\"shutterset_64fe2af8c2b8f480e8d26baeb3d08253\">\n\t\t\t\t<img\n\t\t\t\t\ttitle=\"002\"\n\t\t\t\t\talt=\"002\"\n\t\t\t\t\tsrc=\"https:\/\/www.ufla.br\/dcom\/nextgen-image\/30192\/100x75x100\/crop\/26164eec31886fcc92b9981e0900e01a\"\n\t\t\t\t\twidth=\"100\"\n\t\t\t\t\theight=\"75\"\n\t\t\t\t\tstyle=\"max-width:100%;\"\n\t\t\t\t\/>\n\t\t\t<\/a>\n\t\t<\/div>\n\t\t\t\t\t\t\t<\/div>\n\t\t\t\n\t\t\t\t<div id=\"ngg-image-2\" class=\"ngg-gallery-thumbnail-box\n\t\t\t\t\t\t\t\tngg-5-columns\t\t\t\"\n\t\t\t>\n\t\t\t\t\t\t<div class=\"ngg-gallery-thumbnail\">\n\t\t\t<a href=\"https:\/\/www.ufla.br\/dcom\/wp-content\/gallery\/em-publico-mateus\/003.jpg\"\n\t\t\t\ttitle=\"\"\n\t\t\t\tdata-src=\"https:\/\/www.ufla.br\/dcom\/wp-content\/gallery\/em-publico-mateus\/003.jpg\"\n\t\t\t\tdata-thumbnail=\"https:\/\/www.ufla.br\/dcom\/wp-content\/gallery\/em-publico-mateus\/thumbs\/thumbs_003.jpg\"\n\t\t\t\tdata-image-id=\"30193\"\n\t\t\t\tdata-title=\"003\"\n\t\t\t\tdata-description=\"\"\n\t\t\t\tdata-image-slug=\"003-10\"\n\t\t\t\tclass=\"shutterset_64fe2af8c2b8f480e8d26baeb3d08253\">\n\t\t\t\t<img\n\t\t\t\t\ttitle=\"003\"\n\t\t\t\t\talt=\"003\"\n\t\t\t\t\tsrc=\"https:\/\/www.ufla.br\/dcom\/nextgen-image\/30193\/100x75x100\/crop\/9bf501e1613fac26c569bab41b264581\"\n\t\t\t\t\twidth=\"100\"\n\t\t\t\t\theight=\"75\"\n\t\t\t\t\tstyle=\"max-width:100%;\"\n\t\t\t\t\/>\n\t\t\t<\/a>\n\t\t<\/div>\n\t\t\t\t\t\t\t<\/div>\n\t\t\t\n\t\t\t\t<div id=\"ngg-image-3\" class=\"ngg-gallery-thumbnail-box\n\t\t\t\t\t\t\t\tngg-5-columns\t\t\t\"\n\t\t\t>\n\t\t\t\t\t\t<div class=\"ngg-gallery-thumbnail\">\n\t\t\t<a href=\"https:\/\/www.ufla.br\/dcom\/wp-content\/gallery\/em-publico-mateus\/004.jpg\"\n\t\t\t\ttitle=\"\"\n\t\t\t\tdata-src=\"https:\/\/www.ufla.br\/dcom\/wp-content\/gallery\/em-publico-mateus\/004.jpg\"\n\t\t\t\tdata-thumbnail=\"https:\/\/www.ufla.br\/dcom\/wp-content\/gallery\/em-publico-mateus\/thumbs\/thumbs_004.jpg\"\n\t\t\t\tdata-image-id=\"30194\"\n\t\t\t\tdata-title=\"004\"\n\t\t\t\tdata-description=\"\"\n\t\t\t\tdata-image-slug=\"004-10\"\n\t\t\t\tclass=\"shutterset_64fe2af8c2b8f480e8d26baeb3d08253\">\n\t\t\t\t<img\n\t\t\t\t\ttitle=\"004\"\n\t\t\t\t\talt=\"004\"\n\t\t\t\t\tsrc=\"https:\/\/www.ufla.br\/dcom\/nextgen-image\/30194\/100x75x100\/crop\/56330c5be72f42b59584b37fe53e57c7\"\n\t\t\t\t\twidth=\"100\"\n\t\t\t\t\theight=\"75\"\n\t\t\t\t\tstyle=\"max-width:100%;\"\n\t\t\t\t\/>\n\t\t\t<\/a>\n\t\t<\/div>\n\t\t\t\t\t\t\t<\/div>\n\t\t\t\n\t\t\t\t<div id=\"ngg-image-4\" class=\"ngg-gallery-thumbnail-box\n\t\t\t\t\t\t\t\tngg-5-columns\t\t\t\"\n\t\t\t>\n\t\t\t\t\t\t<div class=\"ngg-gallery-thumbnail\">\n\t\t\t<a href=\"https:\/\/www.ufla.br\/dcom\/wp-content\/gallery\/em-publico-mateus\/005.jpg\"\n\t\t\t\ttitle=\"\"\n\t\t\t\tdata-src=\"https:\/\/www.ufla.br\/dcom\/wp-content\/gallery\/em-publico-mateus\/005.jpg\"\n\t\t\t\tdata-thumbnail=\"https:\/\/www.ufla.br\/dcom\/wp-content\/gallery\/em-publico-mateus\/thumbs\/thumbs_005.jpg\"\n\t\t\t\tdata-image-id=\"30195\"\n\t\t\t\tdata-title=\"005\"\n\t\t\t\tdata-description=\"\"\n\t\t\t\tdata-image-slug=\"005-10\"\n\t\t\t\tclass=\"shutterset_64fe2af8c2b8f480e8d26baeb3d08253\">\n\t\t\t\t<img\n\t\t\t\t\ttitle=\"005\"\n\t\t\t\t\talt=\"005\"\n\t\t\t\t\tsrc=\"https:\/\/www.ufla.br\/dcom\/nextgen-image\/30195\/100x75x100\/crop\/aa8ad82f83af63806c91b2106646d800\"\n\t\t\t\t\twidth=\"100\"\n\t\t\t\t\theight=\"75\"\n\t\t\t\t\tstyle=\"max-width:100%;\"\n\t\t\t\t\/>\n\t\t\t<\/a>\n\t\t<\/div>\n\t\t\t\t\t\t\t<\/div>\n\t\t\t\n\t\t\t\t<div id=\"ngg-image-5\" class=\"ngg-gallery-thumbnail-box\n\t\t\t\t\t\t\t\tngg-5-columns\t\t\t\"\n\t\t\t>\n\t\t\t\t\t\t<div class=\"ngg-gallery-thumbnail\">\n\t\t\t<a href=\"https:\/\/www.ufla.br\/dcom\/wp-content\/gallery\/em-publico-mateus\/006.jpg\"\n\t\t\t\ttitle=\"\"\n\t\t\t\tdata-src=\"https:\/\/www.ufla.br\/dcom\/wp-content\/gallery\/em-publico-mateus\/006.jpg\"\n\t\t\t\tdata-thumbnail=\"https:\/\/www.ufla.br\/dcom\/wp-content\/gallery\/em-publico-mateus\/thumbs\/thumbs_006.jpg\"\n\t\t\t\tdata-image-id=\"30196\"\n\t\t\t\tdata-title=\"006\"\n\t\t\t\tdata-description=\"\"\n\t\t\t\tdata-image-slug=\"006-10\"\n\t\t\t\tclass=\"shutterset_64fe2af8c2b8f480e8d26baeb3d08253\">\n\t\t\t\t<img\n\t\t\t\t\ttitle=\"006\"\n\t\t\t\t\talt=\"006\"\n\t\t\t\t\tsrc=\"https:\/\/www.ufla.br\/dcom\/nextgen-image\/30196\/100x75x100\/crop\/f7d9d2c65134dfab5aa8584153db880b\"\n\t\t\t\t\twidth=\"100\"\n\t\t\t\t\theight=\"75\"\n\t\t\t\t\tstyle=\"max-width:100%;\"\n\t\t\t\t\/>\n\t\t\t<\/a>\n\t\t<\/div>\n\t\t\t\t\t\t\t<\/div>\n\t\t\t\n\t\t\t\t<div id=\"ngg-image-6\" class=\"ngg-gallery-thumbnail-box\n\t\t\t\t\t\t\t\tngg-5-columns\t\t\t\"\n\t\t\t>\n\t\t\t\t\t\t<div class=\"ngg-gallery-thumbnail\">\n\t\t\t<a href=\"https:\/\/www.ufla.br\/dcom\/wp-content\/gallery\/em-publico-mateus\/007.jpg\"\n\t\t\t\ttitle=\"\"\n\t\t\t\tdata-src=\"https:\/\/www.ufla.br\/dcom\/wp-content\/gallery\/em-publico-mateus\/007.jpg\"\n\t\t\t\tdata-thumbnail=\"https:\/\/www.ufla.br\/dcom\/wp-content\/gallery\/em-publico-mateus\/thumbs\/thumbs_007.jpg\"\n\t\t\t\tdata-image-id=\"30197\"\n\t\t\t\tdata-title=\"007\"\n\t\t\t\tdata-description=\"\"\n\t\t\t\tdata-image-slug=\"007-10\"\n\t\t\t\tclass=\"shutterset_64fe2af8c2b8f480e8d26baeb3d08253\">\n\t\t\t\t<img\n\t\t\t\t\ttitle=\"007\"\n\t\t\t\t\talt=\"007\"\n\t\t\t\t\tsrc=\"https:\/\/www.ufla.br\/dcom\/nextgen-image\/30197\/100x75x100\/crop\/ae6d9d77a57636f833bc6d3e567aea5c\"\n\t\t\t\t\twidth=\"100\"\n\t\t\t\t\theight=\"75\"\n\t\t\t\t\tstyle=\"max-width:100%;\"\n\t\t\t\t\/>\n\t\t\t<\/a>\n\t\t<\/div>\n\t\t\t\t\t\t\t<\/div>\n\t\t\t\n\t\t\t\t<div id=\"ngg-image-7\" class=\"ngg-gallery-thumbnail-box\n\t\t\t\t\t\t\t\tngg-5-columns\t\t\t\"\n\t\t\t>\n\t\t\t\t\t\t<div class=\"ngg-gallery-thumbnail\">\n\t\t\t<a href=\"https:\/\/www.ufla.br\/dcom\/wp-content\/gallery\/em-publico-mateus\/008.jpg\"\n\t\t\t\ttitle=\"\"\n\t\t\t\tdata-src=\"https:\/\/www.ufla.br\/dcom\/wp-content\/gallery\/em-publico-mateus\/008.jpg\"\n\t\t\t\tdata-thumbnail=\"https:\/\/www.ufla.br\/dcom\/wp-content\/gallery\/em-publico-mateus\/thumbs\/thumbs_008.jpg\"\n\t\t\t\tdata-image-id=\"30198\"\n\t\t\t\tdata-title=\"008\"\n\t\t\t\tdata-description=\"\"\n\t\t\t\tdata-image-slug=\"008-10\"\n\t\t\t\tclass=\"shutterset_64fe2af8c2b8f480e8d26baeb3d08253\">\n\t\t\t\t<img\n\t\t\t\t\ttitle=\"008\"\n\t\t\t\t\talt=\"008\"\n\t\t\t\t\tsrc=\"https:\/\/www.ufla.br\/dcom\/nextgen-image\/30198\/100x75x100\/crop\/7a66f03ba1004aa147be675b4662a84a\"\n\t\t\t\t\twidth=\"100\"\n\t\t\t\t\theight=\"75\"\n\t\t\t\t\tstyle=\"max-width:100%;\"\n\t\t\t\t\/>\n\t\t\t<\/a>\n\t\t<\/div>\n\t\t\t\t\t\t\t<\/div>\n\t\t\t\n\t\t\t\t<div id=\"ngg-image-8\" class=\"ngg-gallery-thumbnail-box\n\t\t\t\t\t\t\t\tngg-5-columns\t\t\t\"\n\t\t\t>\n\t\t\t\t\t\t<div class=\"ngg-gallery-thumbnail\">\n\t\t\t<a href=\"https:\/\/www.ufla.br\/dcom\/wp-content\/gallery\/em-publico-mateus\/009.jpg\"\n\t\t\t\ttitle=\"\"\n\t\t\t\tdata-src=\"https:\/\/www.ufla.br\/dcom\/wp-content\/gallery\/em-publico-mateus\/009.jpg\"\n\t\t\t\tdata-thumbnail=\"https:\/\/www.ufla.br\/dcom\/wp-content\/gallery\/em-publico-mateus\/thumbs\/thumbs_009.jpg\"\n\t\t\t\tdata-image-id=\"30199\"\n\t\t\t\tdata-title=\"009\"\n\t\t\t\tdata-description=\"\"\n\t\t\t\tdata-image-slug=\"009-10\"\n\t\t\t\tclass=\"shutterset_64fe2af8c2b8f480e8d26baeb3d08253\">\n\t\t\t\t<img\n\t\t\t\t\ttitle=\"009\"\n\t\t\t\t\talt=\"009\"\n\t\t\t\t\tsrc=\"https:\/\/www.ufla.br\/dcom\/nextgen-image\/30199\/100x75x100\/crop\/bfb0644ed04d5f1eba8bd87dee91b29e\"\n\t\t\t\t\twidth=\"100\"\n\t\t\t\t\theight=\"75\"\n\t\t\t\t\tstyle=\"max-width:100%;\"\n\t\t\t\t\/>\n\t\t\t<\/a>\n\t\t<\/div>\n\t\t\t\t\t\t\t<\/div>\n\t\t\t\n\t\t\t\t<div id=\"ngg-image-9\" class=\"ngg-gallery-thumbnail-box\n\t\t\t\t\t\t\t\tngg-5-columns\t\t\t\"\n\t\t\t>\n\t\t\t\t\t\t<div class=\"ngg-gallery-thumbnail\">\n\t\t\t<a href=\"https:\/\/www.ufla.br\/dcom\/wp-content\/gallery\/em-publico-mateus\/010.jpg\"\n\t\t\t\ttitle=\"\"\n\t\t\t\tdata-src=\"https:\/\/www.ufla.br\/dcom\/wp-content\/gallery\/em-publico-mateus\/010.jpg\"\n\t\t\t\tdata-thumbnail=\"https:\/\/www.ufla.br\/dcom\/wp-content\/gallery\/em-publico-mateus\/thumbs\/thumbs_010.jpg\"\n\t\t\t\tdata-image-id=\"30200\"\n\t\t\t\tdata-title=\"010\"\n\t\t\t\tdata-description=\"\"\n\t\t\t\tdata-image-slug=\"010-10\"\n\t\t\t\tclass=\"shutterset_64fe2af8c2b8f480e8d26baeb3d08253\">\n\t\t\t\t<img\n\t\t\t\t\ttitle=\"010\"\n\t\t\t\t\talt=\"010\"\n\t\t\t\t\tsrc=\"https:\/\/www.ufla.br\/dcom\/nextgen-image\/30200\/100x75x100\/crop\/ff01c97971cd538b808830691cdc7668\"\n\t\t\t\t\twidth=\"100\"\n\t\t\t\t\theight=\"75\"\n\t\t\t\t\tstyle=\"max-width:100%;\"\n\t\t\t\t\/>\n\t\t\t<\/a>\n\t\t<\/div>\n\t\t\t\t\t\t\t<\/div>\n\t\t\t\n\t\t\t\t<div id=\"ngg-image-10\" class=\"ngg-gallery-thumbnail-box\n\t\t\t\t\t\t\t\tngg-5-columns\t\t\t\"\n\t\t\t>\n\t\t\t\t\t\t<div class=\"ngg-gallery-thumbnail\">\n\t\t\t<a href=\"https:\/\/www.ufla.br\/dcom\/wp-content\/gallery\/em-publico-mateus\/011.jpg\"\n\t\t\t\ttitle=\"\"\n\t\t\t\tdata-src=\"https:\/\/www.ufla.br\/dcom\/wp-content\/gallery\/em-publico-mateus\/011.jpg\"\n\t\t\t\tdata-thumbnail=\"https:\/\/www.ufla.br\/dcom\/wp-content\/gallery\/em-publico-mateus\/thumbs\/thumbs_011.jpg\"\n\t\t\t\tdata-image-id=\"30201\"\n\t\t\t\tdata-title=\"011\"\n\t\t\t\tdata-description=\"\"\n\t\t\t\tdata-image-slug=\"011-10\"\n\t\t\t\tclass=\"shutterset_64fe2af8c2b8f480e8d26baeb3d08253\">\n\t\t\t\t<img\n\t\t\t\t\ttitle=\"011\"\n\t\t\t\t\talt=\"011\"\n\t\t\t\t\tsrc=\"https:\/\/www.ufla.br\/dcom\/nextgen-image\/30201\/100x75x100\/crop\/23400f4fc9eec735e27d4f1cbc56532a\"\n\t\t\t\t\twidth=\"100\"\n\t\t\t\t\theight=\"75\"\n\t\t\t\t\tstyle=\"max-width:100%;\"\n\t\t\t\t\/>\n\t\t\t<\/a>\n\t\t<\/div>\n\t\t\t\t\t\t\t<\/div>\n\t\t\t\n\t\t\t\t<div id=\"ngg-image-11\" class=\"ngg-gallery-thumbnail-box\n\t\t\t\t\t\t\t\tngg-5-columns\t\t\t\"\n\t\t\t>\n\t\t\t\t\t\t<div class=\"ngg-gallery-thumbnail\">\n\t\t\t<a href=\"https:\/\/www.ufla.br\/dcom\/wp-content\/gallery\/em-publico-mateus\/012.jpg\"\n\t\t\t\ttitle=\"\"\n\t\t\t\tdata-src=\"https:\/\/www.ufla.br\/dcom\/wp-content\/gallery\/em-publico-mateus\/012.jpg\"\n\t\t\t\tdata-thumbnail=\"https:\/\/www.ufla.br\/dcom\/wp-content\/gallery\/em-publico-mateus\/thumbs\/thumbs_012.jpg\"\n\t\t\t\tdata-image-id=\"30202\"\n\t\t\t\tdata-title=\"012\"\n\t\t\t\tdata-description=\"\"\n\t\t\t\tdata-image-slug=\"012-10\"\n\t\t\t\tclass=\"shutterset_64fe2af8c2b8f480e8d26baeb3d08253\">\n\t\t\t\t<img\n\t\t\t\t\ttitle=\"012\"\n\t\t\t\t\talt=\"012\"\n\t\t\t\t\tsrc=\"https:\/\/www.ufla.br\/dcom\/nextgen-image\/30202\/100x75x100\/crop\/9cfad0aac256e1881f9c7545ca01e7dc\"\n\t\t\t\t\twidth=\"100\"\n\t\t\t\t\theight=\"75\"\n\t\t\t\t\tstyle=\"max-width:100%;\"\n\t\t\t\t\/>\n\t\t\t<\/a>\n\t\t<\/div>\n\t\t\t\t\t\t\t<\/div>\n\t\t\t\n\t\t\t\t<div id=\"ngg-image-12\" class=\"ngg-gallery-thumbnail-box\n\t\t\t\t\t\t\t\tngg-5-columns\t\t\t\"\n\t\t\t>\n\t\t\t\t\t\t<div class=\"ngg-gallery-thumbnail\">\n\t\t\t<a href=\"https:\/\/www.ufla.br\/dcom\/wp-content\/gallery\/em-publico-mateus\/013.jpg\"\n\t\t\t\ttitle=\"\"\n\t\t\t\tdata-src=\"https:\/\/www.ufla.br\/dcom\/wp-content\/gallery\/em-publico-mateus\/013.jpg\"\n\t\t\t\tdata-thumbnail=\"https:\/\/www.ufla.br\/dcom\/wp-content\/gallery\/em-publico-mateus\/thumbs\/thumbs_013.jpg\"\n\t\t\t\tdata-image-id=\"30203\"\n\t\t\t\tdata-title=\"013\"\n\t\t\t\tdata-description=\"\"\n\t\t\t\tdata-image-slug=\"013-10\"\n\t\t\t\tclass=\"shutterset_64fe2af8c2b8f480e8d26baeb3d08253\">\n\t\t\t\t<img\n\t\t\t\t\ttitle=\"013\"\n\t\t\t\t\talt=\"013\"\n\t\t\t\t\tsrc=\"https:\/\/www.ufla.br\/dcom\/nextgen-image\/30203\/100x75x100\/crop\/1ead70a83c980519dd35d56ff03d5be3\"\n\t\t\t\t\twidth=\"100\"\n\t\t\t\t\theight=\"75\"\n\t\t\t\t\tstyle=\"max-width:100%;\"\n\t\t\t\t\/>\n\t\t\t<\/a>\n\t\t<\/div>\n\t\t\t\t\t\t\t<\/div>\n\t\t\t\n\t\t\t\t<div id=\"ngg-image-13\" class=\"ngg-gallery-thumbnail-box\n\t\t\t\t\t\t\t\tngg-5-columns\t\t\t\"\n\t\t\t>\n\t\t\t\t\t\t<div class=\"ngg-gallery-thumbnail\">\n\t\t\t<a href=\"https:\/\/www.ufla.br\/dcom\/wp-content\/gallery\/em-publico-mateus\/014.jpg\"\n\t\t\t\ttitle=\"\"\n\t\t\t\tdata-src=\"https:\/\/www.ufla.br\/dcom\/wp-content\/gallery\/em-publico-mateus\/014.jpg\"\n\t\t\t\tdata-thumbnail=\"https:\/\/www.ufla.br\/dcom\/wp-content\/gallery\/em-publico-mateus\/thumbs\/thumbs_014.jpg\"\n\t\t\t\tdata-image-id=\"30204\"\n\t\t\t\tdata-title=\"014\"\n\t\t\t\tdata-description=\"\"\n\t\t\t\tdata-image-slug=\"014-10\"\n\t\t\t\tclass=\"shutterset_64fe2af8c2b8f480e8d26baeb3d08253\">\n\t\t\t\t<img\n\t\t\t\t\ttitle=\"014\"\n\t\t\t\t\talt=\"014\"\n\t\t\t\t\tsrc=\"https:\/\/www.ufla.br\/dcom\/nextgen-image\/30204\/100x75x100\/crop\/01350bfabd606d603a95f17cf772f2d2\"\n\t\t\t\t\twidth=\"100\"\n\t\t\t\t\theight=\"75\"\n\t\t\t\t\tstyle=\"max-width:100%;\"\n\t\t\t\t\/>\n\t\t\t<\/a>\n\t\t<\/div>\n\t\t\t\t\t\t\t<\/div>\n\t\t\t\n\t\n\t<br style=\"clear: both\" \/>\n\n\t\n\t\t<!-- Pagination -->\n\t\t<div class='ngg-clear'><\/div>\t<\/div>\n<\/p>\n<p>&nbsp;<\/p>\n","protected":false},"excerpt":{"rendered":"<p>Nesse final de semana, estudantes, pesquisadores, docentes e profissionais do campo da Administra\u00e7\u00e3o P\u00fablica reuniram-se na UFLA. De 22 a 24, ocorreu o I Encontro Mineiro dos Estudantes do Campo de P\u00fablicas (EM P\u00fablico), com palestras, workshops e mesas-redondas com gestores p\u00fablicos, no Sal\u00e3o de Conven\u00e7\u00f5es; e apresenta\u00e7\u00e3o de trabalhos, no Centro Cultural Casa das &hellip; <a href=\"https:\/\/www.ufla.br\/dcom\/2015\/05\/25\/em-publico-foi-realizado-na-ufla-veja-fotos\/\" class=\"more-link\">Continue lendo <span class=\"screen-reader-text\">Encontro Mineiro dos Estudantes do Campo de P\u00fablicas foi realizado na UFLA \u2013 veja fotos<\/span> <span class=\"meta-nav\">&rarr;<\/span><\/a><\/p>\n","protected":false},"author":8,"featured_media":0,"comment_status":"closed","ping_status":"closed","sticky":false,"template":"","format":"standard","meta":{"ngg_post_thumbnail":0,"footnotes":""},"categories":[1,10],"tags":[818],"class_list":["post-86507","post","type-post","status-publish","format-standard","hentry","category-noticias","category-menores","tag-administracao-publica"],"_links":{"self":[{"href":"https:\/\/www.ufla.br\/dcom\/wp-json\/wp\/v2\/posts\/86507","targetHints":{"allow":["GET"]}}],"collection":[{"href":"https:\/\/www.ufla.br\/dcom\/wp-json\/wp\/v2\/posts"}],"about":[{"href":"https:\/\/www.ufla.br\/dcom\/wp-json\/wp\/v2\/types\/post"}],"author":[{"embeddable":true,"href":"https:\/\/www.ufla.br\/dcom\/wp-json\/wp\/v2\/users\/8"}],"replies":[{"embeddable":true,"href":"https:\/\/www.ufla.br\/dcom\/wp-json\/wp\/v2\/comments?post=86507"}],"version-history":[{"count":2,"href":"https:\/\/www.ufla.br\/dcom\/wp-json\/wp\/v2\/posts\/86507\/revisions"}],"predecessor-version":[{"id":86541,"href":"https:\/\/www.ufla.br\/dcom\/wp-json\/wp\/v2\/posts\/86507\/revisions\/86541"}],"wp:attachment":[{"href":"https:\/\/www.ufla.br\/dcom\/wp-json\/wp\/v2\/media?parent=86507"}],"wp:term":[{"taxonomy":"category","embeddable":true,"href":"https:\/\/www.ufla.br\/dcom\/wp-json\/wp\/v2\/categories?post=86507"},{"taxonomy":"post_tag","embeddable":true,"href":"https:\/\/www.ufla.br\/dcom\/wp-json\/wp\/v2\/tags?post=86507"}],"curies":[{"name":"wp","href":"https:\/\/api.w.org\/{rel}","templated":true}]}}