{"id":84099,"date":"2015-05-05T17:35:28","date_gmt":"2015-05-05T20:35:28","guid":{"rendered":"http:\/\/www.ufla.br\/ascom\/?p=84099"},"modified":"2015-05-07T18:02:08","modified_gmt":"2015-05-07T21:02:08","slug":"iniciacao-esportiva-universal-sera-tema-de-minicurso-promovido-na-ufla","status":"publish","type":"post","link":"https:\/\/www.ufla.br\/dcom\/2015\/05\/05\/iniciacao-esportiva-universal-sera-tema-de-minicurso-promovido-na-ufla\/","title":{"rendered":"Inicia\u00e7\u00e3o Esportiva Universal ser\u00e1 tema de minicurso promovido na UFLA &#8211; inscri\u00e7\u00f5es abertas"},"content":{"rendered":"<p><a href=\"http:\/\/www.ufla.br\/ascom\/wp-content\/uploads\/2015\/05\/minicurso-def.jpg\"><img loading=\"lazy\" decoding=\"async\" class=\"alignleft size-medium wp-image-84100\" src=\"http:\/\/www.ufla.br\/ascom\/wp-content\/uploads\/2015\/05\/minicurso-def-249x134.jpg\" alt=\"minicurso-def\" width=\"249\" height=\"134\" srcset=\"https:\/\/www.ufla.br\/dcom\/wp-content\/uploads\/2015\/05\/minicurso-def-249x134.jpg 249w, https:\/\/www.ufla.br\/dcom\/wp-content\/uploads\/2015\/05\/minicurso-def.jpg 516w\" sizes=\"auto, (max-width: 249px) 100vw, 249px\" \/><\/a>O Gin\u00e1sio do Departamento de Educa\u00e7\u00e3o F\u00edsica da Universidade Federal de Lavras (DEF\/UFLA) ser\u00e1 espa\u00e7o para a realiza\u00e7\u00e3o do minicurso \u201cInicia\u00e7\u00e3o Esportiva Universal (IEU): uma proposta de interven\u00e7\u00e3o\u201d, marcado para 16 de maio. As atividades ser\u00e3o desenvolvidas durante todo o dia (8h \u00e0s 12h e 14h \u00e0s 18h), ministradas pelo diretor do Centro Esportivo Universit\u00e1rio da Universidade Federal de Minas Gerais (CEU-UFMG), professor Rodolfo Benda.<\/p>\n<p>Os interessados podem se inscrever no Laborat\u00f3rio de Comportamento Motor do Departamento de Educa\u00e7\u00e3o F\u00edsica (Lacom), localizado no DEF. O investimento \u00e9 de R$ 20,00 para estudantes da UFLA e de R$ 25,00 para alunos de outras institui\u00e7\u00f5es e profissionais. A organiza\u00e7\u00e3o do evento \u00e9 feita sob coordena\u00e7\u00e3o do professor Alessandro Bruzi. Entre os temas a serem abordados durante o minicurso te\u00f3rico-pr\u00e1tico est\u00e3o a <em>detec\u00e7\u00e3o e a sele\u00e7\u00e3o de talentos<\/em>, a <em>IEU<\/em>, a rela\u00e7\u00e3o <em>esporte e crian\u00e7a<\/em> e a quest\u00e3o do <em>desenvolvimento motor<\/em>.<\/p>\n<p><strong>Sobre o palestrante:<\/strong><\/p>\n<p>Rodolfo Benda \u00e9 professor associado da UFMG. Sua gradua\u00e7\u00e3o em Educa\u00e7\u00e3o F\u00edsica e Desportos foi conclu\u00edda na Unversidade Federal de Juiz de Fora (UFJF), seguida pelo mestrado em Educa\u00e7\u00e3o F\u00edsica na Universidade Gama Filho e pelo doutorado na Universidade de S\u00e3o Paulo (USP). O p\u00f3s-doutorado foi feito na \u00a0Universidade de Connecticut, nos Estados Unidos.<\/p>\n<h5>Com informa\u00e7\u00f5es de Bruno Aquino, bolsista Ascom\/UFLA.<\/h5>\n","protected":false},"excerpt":{"rendered":"<p>O Gin\u00e1sio do Departamento de Educa\u00e7\u00e3o F\u00edsica da Universidade Federal de Lavras (DEF\/UFLA) ser\u00e1 espa\u00e7o para a realiza\u00e7\u00e3o do minicurso \u201cInicia\u00e7\u00e3o Esportiva Universal (IEU): uma proposta de interven\u00e7\u00e3o\u201d, marcado para 16 de maio. As atividades ser\u00e3o desenvolvidas durante todo o dia (8h \u00e0s 12h e 14h \u00e0s 18h), ministradas pelo diretor do Centro Esportivo Universit\u00e1rio &hellip; <a href=\"https:\/\/www.ufla.br\/dcom\/2015\/05\/05\/iniciacao-esportiva-universal-sera-tema-de-minicurso-promovido-na-ufla\/\" class=\"more-link\">Continue lendo <span class=\"screen-reader-text\">Inicia\u00e7\u00e3o Esportiva Universal ser\u00e1 tema de minicurso promovido na UFLA &#8211; inscri\u00e7\u00f5es abertas<\/span> <span class=\"meta-nav\">&rarr;<\/span><\/a><\/p>\n","protected":false},"author":13,"featured_media":0,"comment_status":"closed","ping_status":"closed","sticky":false,"template":"","format":"standard","meta":{"ngg_post_thumbnail":0,"footnotes":""},"categories":[1,10],"tags":[499,1317],"class_list":["post-84099","post","type-post","status-publish","format-standard","hentry","category-noticias","category-menores","tag-def","tag-lacom"],"_links":{"self":[{"href":"https:\/\/www.ufla.br\/dcom\/wp-json\/wp\/v2\/posts\/84099","targetHints":{"allow":["GET"]}}],"collection":[{"href":"https:\/\/www.ufla.br\/dcom\/wp-json\/wp\/v2\/posts"}],"about":[{"href":"https:\/\/www.ufla.br\/dcom\/wp-json\/wp\/v2\/types\/post"}],"author":[{"embeddable":true,"href":"https:\/\/www.ufla.br\/dcom\/wp-json\/wp\/v2\/users\/13"}],"replies":[{"embeddable":true,"href":"https:\/\/www.ufla.br\/dcom\/wp-json\/wp\/v2\/comments?post=84099"}],"version-history":[{"count":2,"href":"https:\/\/www.ufla.br\/dcom\/wp-json\/wp\/v2\/posts\/84099\/revisions"}],"predecessor-version":[{"id":84102,"href":"https:\/\/www.ufla.br\/dcom\/wp-json\/wp\/v2\/posts\/84099\/revisions\/84102"}],"wp:attachment":[{"href":"https:\/\/www.ufla.br\/dcom\/wp-json\/wp\/v2\/media?parent=84099"}],"wp:term":[{"taxonomy":"category","embeddable":true,"href":"https:\/\/www.ufla.br\/dcom\/wp-json\/wp\/v2\/categories?post=84099"},{"taxonomy":"post_tag","embeddable":true,"href":"https:\/\/www.ufla.br\/dcom\/wp-json\/wp\/v2\/tags?post=84099"}],"curies":[{"name":"wp","href":"https:\/\/api.w.org\/{rel}","templated":true}]}}