{"id":84081,"date":"2015-05-05T10:30:13","date_gmt":"2015-05-05T13:30:13","guid":{"rendered":"http:\/\/www.ufla.br\/ascom\/?p=84081"},"modified":"2015-05-13T08:52:52","modified_gmt":"2015-05-13T11:52:52","slug":"tecnica-nao-destrutivel-para-avaliacao-da-madeira-e-desenvolvida-na-ufla","status":"publish","type":"post","link":"https:\/\/www.ufla.br\/dcom\/2015\/05\/05\/tecnica-nao-destrutivel-para-avaliacao-da-madeira-e-desenvolvida-na-ufla\/","title":{"rendered":"T\u00e9cnica n\u00e3o destrutiva para avalia\u00e7\u00e3o da madeira \u00e9 desenvolvida na UFLA"},"content":{"rendered":"<figure id=\"attachment_84083\" aria-describedby=\"caption-attachment-84083\" style=\"width: 249px\" class=\"wp-caption alignleft\"><a href=\"http:\/\/www.ufla.br\/ascom\/wp-content\/uploads\/2015\/05\/tecnologias-prof-jose-reinaldo-dcf-site.jpg\"><img loading=\"lazy\" decoding=\"async\" class=\"wp-image-84083 size-medium\" src=\"http:\/\/www.ufla.br\/ascom\/wp-content\/uploads\/2015\/05\/tecnologias-prof-jose-reinaldo-dcf-site-249x166.jpg\" alt=\"tecnologias-prof-jose-reinaldo-dcf-site\" width=\"249\" height=\"166\" srcset=\"https:\/\/www.ufla.br\/dcom\/wp-content\/uploads\/2015\/05\/tecnologias-prof-jose-reinaldo-dcf-site-249x166.jpg 249w, https:\/\/www.ufla.br\/dcom\/wp-content\/uploads\/2015\/05\/tecnologias-prof-jose-reinaldo-dcf-site-612x408.jpg 612w, https:\/\/www.ufla.br\/dcom\/wp-content\/uploads\/2015\/05\/tecnologias-prof-jose-reinaldo-dcf-site.jpg 1200w\" sizes=\"auto, (max-width: 249px) 100vw, 249px\" \/><\/a><figcaption id=\"caption-attachment-84083\" class=\"wp-caption-text\">Prof. Jos\u00e9 Reinaldo e a doutoranda Anna Carolina de Almeida Andrade (Programa de P\u00f3s-Gradua\u00e7\u00e3o em Ci\u00eancia e Tecnologia da Madeira)<\/figcaption><\/figure>\n<p>Uma tecnologia desenvolvida no Departamento de Ci\u00eancias Florestais (<a href=\"http:\/\/www.dcf.ufla.br\">DCF<\/a>) pretende revolucionar a ind\u00fastria madeireira. Trata-se da pesquisa coordenada pelo professor Jos\u00e9 Reinaldo Moreira da Silva que usa t\u00e9cnicas que n\u00e3o destroem a madeira\u00a0para indicar se a sua superf\u00edcie encontra-se nas condi\u00e7\u00f5es adequadas para o\u00a0uso pretendido, agregando valor ao produto.<\/p>\n<p>No Brasil, a ind\u00fastria madeireira encontra-se em franca expans\u00e3o; contudo, ela n\u00e3o se apresenta como forte concorrente no mercado internacional devido \u00e0 qualidade das superf\u00edcies acabadas de seus produtos.<\/p>\n<figure id=\"attachment_84082\" aria-describedby=\"caption-attachment-84082\" style=\"width: 166px\" class=\"wp-caption alignright\"><a href=\"http:\/\/www.ufla.br\/ascom\/wp-content\/uploads\/2015\/05\/tecnologias-prof-jose-reinaldo-dcf-1-site.jpg\"><img loading=\"lazy\" decoding=\"async\" class=\"wp-image-84082 size-medium\" src=\"http:\/\/www.ufla.br\/ascom\/wp-content\/uploads\/2015\/05\/tecnologias-prof-jose-reinaldo-dcf-1-site-166x249.jpg\" alt=\"tecnologias-prof-jose-reinaldo-dcf-1-site\" width=\"166\" height=\"249\" srcset=\"https:\/\/www.ufla.br\/dcom\/wp-content\/uploads\/2015\/05\/tecnologias-prof-jose-reinaldo-dcf-1-site-166x249.jpg 166w, https:\/\/www.ufla.br\/dcom\/wp-content\/uploads\/2015\/05\/tecnologias-prof-jose-reinaldo-dcf-1-site-612x918.jpg 612w, https:\/\/www.ufla.br\/dcom\/wp-content\/uploads\/2015\/05\/tecnologias-prof-jose-reinaldo-dcf-1-site.jpg 800w\" sizes=\"auto, (max-width: 166px) 100vw, 166px\" \/><\/a><figcaption id=\"caption-attachment-84082\" class=\"wp-caption-text\">An\u00e1lise da madeira \u00e9 feita com base em laser e rugos\u00edmetro.<\/figcaption><\/figure>\n<p>Antes de chegarem ao mercado como os conhecemos, os produtos feitos em madeira passam por diversos ensaios para verificar sua adequa\u00e7\u00e3o, qualidade, uso, entre outros. Contudo, na maioria das vezes, os produtos s\u00e3o destru\u00eddos pelos ensaios de avalia\u00e7\u00e3o. Al\u00e9m disso, a avalia\u00e7\u00e3o da qualidade da superf\u00edcie dos produtos de madeiras geralmente \u00e9 feita manualmente, ou seja, pela avalia\u00e7\u00e3o do grau de \u201caspereza&#8221;, utilizando-se da sensibilidade ao tato. Tamb\u00e9m existem exames visuais com base na experi\u00eancia do chefe de se\u00e7\u00e3o. Esse tipo de avalia\u00e7\u00e3o apresenta car\u00e1ter subjetivo, o que dificulta a repeti\u00e7\u00e3o. Nesse sentido, o Grupo de Estudos em Tecnologia da Madeira do DCF tem trabalhado no desenvolvimento de t\u00e9cnicas que n\u00e3o destroem o produto para fazer as an\u00e1lises, podendo, inclusive, interferir no processo de produ\u00e7\u00e3o, tornando-o melhor.<\/p>\n<p>Essa tecnologia, desenvolvida na Universidade, \u00e9 um importante marco para a ind\u00fastria madeireira, visto que os ensaios de qualifica\u00e7\u00e3o poder\u00e3o ocorrer sem danificarem o produto.\u00a0 A tecnologia foi criada com base na utiliza\u00e7\u00e3o do uso de laser e rugos\u00edmetro (instrumento industrial usado para medir a rugosidade, a textura e a ondula\u00e7\u00e3o dos materiais), que qualifica a superf\u00edcie de produtos feitos de madeira sem destru\u00ed-los. O professor Jos\u00e9 Reinaldo destaca que a aplica\u00e7\u00e3o poder\u00e1 ocorrer de maneira multidisciplinar\u00a0com a participa\u00e7\u00e3o de pesquisadores de outros departamentos, como o Centro de Desenvolvimento de Instrumenta\u00e7\u00e3o Aplicada \u00e0 Agropecu\u00e1ria (Cedia) do Departamento de Engenharia (DEG).<\/p>\n<p>&nbsp;<\/p>\n<p>&#8212;&#8212;&#8211;<\/p>\n<p><a href=\"http:\/\/www.ufla.br\/ascom\/wp-content\/uploads\/2014\/11\/inovacao-empreendedorismo.jpg\"><img loading=\"lazy\" decoding=\"async\" class=\" size-medium wp-image-72312 alignleft\" src=\"http:\/\/www.ufla.br\/ascom\/wp-content\/uploads\/2014\/11\/inovacao-empreendedorismo-249x171.jpg\" alt=\"inovacao-empreendedorismo\" width=\"249\" height=\"171\" srcset=\"https:\/\/www.ufla.br\/dcom\/wp-content\/uploads\/2014\/11\/inovacao-empreendedorismo-249x171.jpg 249w, https:\/\/www.ufla.br\/dcom\/wp-content\/uploads\/2014\/11\/inovacao-empreendedorismo-612x422.jpg 612w, https:\/\/www.ufla.br\/dcom\/wp-content\/uploads\/2014\/11\/inovacao-empreendedorismo.jpg 1671w\" sizes=\"auto, (max-width: 249px) 100vw, 249px\" \/><\/a>Fique por dentro das tecnologias que est\u00e3o sendo desenvolvidas na UFLA, acompanhe a s\u00e9rie semanalmente no nosso site. Este \u00e9 um dos projetos da Assessoria de Inova\u00e7\u00e3o e Empreendedorismo da Universidade Federal de Lavras.<\/p>\n<p>Os professores\/pesquisadores que ainda n\u00e3o participaram favor entrar em contato pelo e-mail <a href=\"mailto:comunicacao@inbatec.ufla.br\">comunicacao@inbatec.ufla.br<\/a>.<\/p>\n<h5>\u00a0Amanda Castro &#8211;\u00a0Jornalista da Assessoria de Inova\u00e7\u00e3o e Empreendedorismo<\/h5>\n<p>&nbsp;<\/p>\n<p><strong>Outras mat\u00e9rias da s\u00e9rie:<\/strong><\/p>\n<p><a href=\"http:\/\/www.ufla.br\/ascom\/2015\/04\/13\/tecnologia-desenvolvida-na-ufla-inova-ensino-da-tabela-periodica\/\">Tecnologia desenvolvida na UFLA inova ensino da Tabela Peri\u00f3dica<\/a><\/p>\n<p><a href=\"http:\/\/www.ufla.br\/ascom\/2015\/04\/01\/tecnologia-desenvolvida-na-ufla-aumenta-a-produtividade-do-feijao\/\">Tecnologia desenvolvida na UFLA aumenta a produtividade do feij\u00e3o<\/a><\/p>\n<p>&nbsp;<\/p>\n","protected":false},"excerpt":{"rendered":"<p>Pesquisa coordenada pelo professor Jos\u00e9 Reinaldo Moreira da Silva (DCF) usa t\u00e9cnicas que identificam a qualidade da superf\u00edcie da madeira sem danificar o material.<\/p>\n","protected":false},"author":11,"featured_media":0,"comment_status":"closed","ping_status":"closed","sticky":false,"template":"","format":"standard","meta":{"ngg_post_thumbnail":0,"footnotes":""},"categories":[1,10],"tags":[871,170],"class_list":["post-84081","post","type-post","status-publish","format-standard","hentry","category-noticias","category-menores","tag-ciencias-florestais","tag-inovacao-2"],"_links":{"self":[{"href":"https:\/\/www.ufla.br\/dcom\/wp-json\/wp\/v2\/posts\/84081","targetHints":{"allow":["GET"]}}],"collection":[{"href":"https:\/\/www.ufla.br\/dcom\/wp-json\/wp\/v2\/posts"}],"about":[{"href":"https:\/\/www.ufla.br\/dcom\/wp-json\/wp\/v2\/types\/post"}],"author":[{"embeddable":true,"href":"https:\/\/www.ufla.br\/dcom\/wp-json\/wp\/v2\/users\/11"}],"replies":[{"embeddable":true,"href":"https:\/\/www.ufla.br\/dcom\/wp-json\/wp\/v2\/comments?post=84081"}],"version-history":[{"count":6,"href":"https:\/\/www.ufla.br\/dcom\/wp-json\/wp\/v2\/posts\/84081\/revisions"}],"predecessor-version":[{"id":84117,"href":"https:\/\/www.ufla.br\/dcom\/wp-json\/wp\/v2\/posts\/84081\/revisions\/84117"}],"wp:attachment":[{"href":"https:\/\/www.ufla.br\/dcom\/wp-json\/wp\/v2\/media?parent=84081"}],"wp:term":[{"taxonomy":"category","embeddable":true,"href":"https:\/\/www.ufla.br\/dcom\/wp-json\/wp\/v2\/categories?post=84081"},{"taxonomy":"post_tag","embeddable":true,"href":"https:\/\/www.ufla.br\/dcom\/wp-json\/wp\/v2\/tags?post=84081"}],"curies":[{"name":"wp","href":"https:\/\/api.w.org\/{rel}","templated":true}]}}