{"id":832,"date":"2007-08-07T00:00:00","date_gmt":"2007-08-07T00:00:00","guid":{"rendered":"http:\/\/www.ascom.ufla.br\/site\/index.php\/2007\/08\/18-estados-nao-vao-cumprir-meta-do-mec-no-prazo\/"},"modified":"2007-08-07T00:00:00","modified_gmt":"2007-08-07T00:00:00","slug":"18-estados-nao-vao-cumprir-meta-do-mec-no-prazo","status":"publish","type":"post","link":"https:\/\/www.ufla.br\/dcom\/2007\/08\/07\/18-estados-nao-vao-cumprir-meta-do-mec-no-prazo\/","title":{"rendered":"18 Estados n\u00e3o v\u00e3o cumprir meta do MEC no prazo"},"content":{"rendered":"<p>O Estado de S\u00e3o Paulo, 07\/08\/07<\/p>\n<p>Objetivo era atingir nota 6 at\u00e9 2021, mas apenas 9 Estados conseguir\u00e3o melhorar o ensino em 14 anos<\/p>\n<p>A medo Minist\u00e9rio da Educa\u00e7\u00e3o (MEC) para o \u00cdndice de Desenvolvimento da Educa\u00e7\u00e3o (Ideb) \u00e9 apenas a nota 6, a ser atingida em 14 anos. A maior parte dos Estados brasileiros, no entanto, vai precisar de mais tempo para conseguir esse \u00edndice. Uma proje\u00e7\u00e3o feita pelo Instituto Nacional de Estat\u00edsticas e Pesquisas Educacionais (Inep\/MEC), a pedido do Estado, mostra que, dos 27 Estados, 18 v\u00e3o precisar de pelo menos dois anos al\u00e9m de 2021 para alcan\u00e7ar esse \u00edndice nas turmas de 1\u00aa a 4\u00aa s\u00e9ries. Em alguns casos, como Alagoas e Rio Grande do Norte, a nota s\u00f3 seria atingida pelo sistema p\u00fablico de ensino em 2031.<\/p>\n<p>A meta de alcan\u00e7ar 6 pontos em uma escala de 0 a 10 foi estabelecida pelo MEC levando-se em conta que essa \u00e9 a m\u00e9dia dos pa\u00edses da Organiza\u00e7\u00e3o para a Coopera\u00e7\u00e3o e Desenvolvimento Econ\u00f4mico (OCDE) para o mesmo n\u00edvel de ensino. A OCDE re\u00fane 30 pa\u00edses, incluindo Estados Unidos, Austr\u00e1lia, boa parte da Uni\u00e3o Europ\u00e9ia e tamb\u00e9m M\u00e9xico e Cor\u00e9ia.<\/p>\n<p>No entanto, a qualidade atual da educa\u00e7\u00e3o brasileira n\u00e3o permite que se imagine que todos os Estados conseguir\u00e3o chegar a essa m\u00e9dia juntos, em 2021. Por isso, o minist\u00e9rio fixou metas diferentes, partindo da situa\u00e7\u00e3o atual de cada um. Nenhum dos 26 Estados brasileiros nem o Distrito Federal alcan\u00e7am hoje uma nota no Ideb de 1\u00aa a 4\u00aa s\u00e9ries superior a 5 pontos &#8211; e apenas o Paran\u00e1 chegou a essa pontua\u00e7\u00e3o.<\/p>\n<p>Cinco deles t\u00eam m\u00e9dias inferiores a 3 pontos, sendo que Bahia, Rio Grande do Norte e Piau\u00ed s\u00e3o os que est\u00e3o nos \u00faltimos lugares, com m\u00e9dia de 2,6 pontos. Por isso, apenas sete Estados t\u00eam metas superiores a 6 e outros dois, pr\u00f3ximos a isso (5,9 pontos).<\/p>\n<p>S\u00e3o os mesmos nove Estados que, na proje\u00e7\u00e3o obtida pelo Estado, conseguem alcan\u00e7ar nota 6 em 2021: Minas, Rio, S\u00e3o Paulo, Esp\u00edrito Santo, Paran\u00e1, Santa Catarina, Rio Grande do Sul, Goi\u00e1s e Distrito Federal. \u00c9 por causa desses Estados que o Pa\u00eds como um todo consegue alcan\u00e7ar a m\u00e9dia internacional em 2021.<\/p>\n<p>PUXADORES DE M\u00c9DIA<\/p>\n<p>O presidente do Inep, Reynaldo Fernandes &#8211; respons\u00e1vel pela proje\u00e7\u00e3o &#8211; explica que a m\u00e9dia \u00e9 calculada pelo n\u00famero de alunos. Isso significa que alguns Estados populosos como S\u00e3o Paulo, Minas e Rio, que v\u00e3o atingir a meta antes de 2021, puxam a nota nacional.<\/p>\n<p>\u201cEssa \u00e9 uma proje\u00e7\u00e3o feita com base no esfor\u00e7o que os Estados ter\u00e3o de fazer para alcan\u00e7ar a sua meta pr\u00f3pria em 2021\u201d, explica Fernandes. \u201cNada impede que, acelerando esse esfor\u00e7o, o Estado possa alcan\u00e7ar a m\u00e9dia 6 antes disso.\u201d<\/p>\n<p>\u00c9 o que pretende fazer, por exemplo, o Rio Grande do Norte. Hoje, o Ideb do sistema p\u00fablico do Estado \u00e9 de apenas 2,5 pontos. Pela proje\u00e7\u00e3o feita pelo Inep, a meta para 2021 \u00e9 de apenas 4,8. Para chegar a 6, o Rio Grande do Norte teria de esperar at\u00e9 2031. Mas a inten\u00e7\u00e3o do governo do Estado \u00e9 alcan\u00e7ar essa nota em 2021. \u201cTrabalhamos com as nossas pr\u00f3prias metas e queremos alcan\u00e7ar a m\u00e9dia em 2021. Estamos programando alcan\u00e7ar um investimento de 32% na educa\u00e7\u00e3o nos pr\u00f3ximos anos\u201d, explica a secret\u00e1ria de Educa\u00e7\u00e3o Ana Cristina Medeiros. Para isso, foi feito um plano espec\u00edfico para atacar analfabetismo juvenil, repet\u00eancia e evas\u00e3o, os piores indicadores do Estado.<\/p>\n<p>PIONEIROS<\/p>\n<p>As proje\u00e7\u00f5es mostram que tr\u00eas Estados e o Distrito Federal s\u00e3o os que primeiro devem alcan\u00e7ar a nota 6 no sistema de ensino p\u00fablico, em 2017. Quando se inclui o sistema privado, S\u00e3o Paulo e o DF baixam dois anos, e atingem a m\u00e9dia em 2015.<\/p>\n<p>De outro lado, o sistema p\u00fablico de Alagoas e do Rio Grande do Norte precisariam ainda de 24 anos para chegar l\u00e1. Incluindo-se o sistema privado, os mais lentos &#8211; Par\u00e1, Piau\u00ed, Alagoas, Rio Grande do Norte e Bahia &#8211; alcan\u00e7ariam a m\u00e9dia em 2029. A diferen\u00e7a, como sempre, pesa contra a regi\u00e3o Nordeste e contra os Estados mais pobres.<\/p>\n<p>O MEC pretende trabalhar diretamente com os 1,2 mil munic\u00edpios com os piores Idebs do Pa\u00eds, com planos e investimentos espec\u00edficos para melhorar os \u00edndices.<\/p>\n<p>Para os Estados, no entanto, n\u00e3o existe a previs\u00e3o de investimentos espec\u00edficos. A presidente do Conselho dos Secret\u00e1rios Estaduais de Educa\u00e7\u00e3o, Maria Auxiliadora Rezende, acredita que seria necess\u00e1ria uma eleva\u00e7\u00e3o grande nos investimentos em educa\u00e7\u00e3o nos pr\u00f3ximos 10 ou 15 anos para superar as diferen\u00e7as entre as regi\u00f5es.<\/p>\n<p>\u201cTemos hoje Estados que v\u00e3o receber complementa\u00e7\u00e3o da Uni\u00e3o para alcan\u00e7ar um m\u00ednimo de R$ 900 de investimento por aluno, enquanto outros t\u00eam por conta pr\u00f3pria um investimento de R$ 6 mil por aluno. Se n\u00e3o houver um investimento maior, vai se manter o desequil\u00edbrio\u201d, afirma. \n <\/p>\n","protected":false},"excerpt":{"rendered":"<p>O Estado de S\u00e3o Paulo, 07\/08\/07 Objetivo era atingir nota 6 at\u00e9 2021, mas apenas 9 Estados conseguir\u00e3o melhorar o ensino em 14 anos A medo Minist\u00e9rio da Educa\u00e7\u00e3o (MEC) para o \u00cdndice de Desenvolvimento da Educa\u00e7\u00e3o (Ideb) \u00e9 apenas a nota 6, a ser atingida em 14 anos. A maior parte dos Estados brasileiros, &hellip; <a href=\"https:\/\/www.ufla.br\/dcom\/2007\/08\/07\/18-estados-nao-vao-cumprir-meta-do-mec-no-prazo\/\" class=\"more-link\">Continue lendo <span class=\"screen-reader-text\">18 Estados n\u00e3o v\u00e3o cumprir meta do MEC no prazo<\/span> <span class=\"meta-nav\">&rarr;<\/span><\/a><\/p>\n","protected":false},"author":9,"featured_media":0,"comment_status":"open","ping_status":"open","sticky":false,"template":"","format":"standard","meta":{"ngg_post_thumbnail":0,"footnotes":""},"categories":[1],"tags":[],"class_list":["post-832","post","type-post","status-publish","format-standard","hentry","category-noticias"],"_links":{"self":[{"href":"https:\/\/www.ufla.br\/dcom\/wp-json\/wp\/v2\/posts\/832","targetHints":{"allow":["GET"]}}],"collection":[{"href":"https:\/\/www.ufla.br\/dcom\/wp-json\/wp\/v2\/posts"}],"about":[{"href":"https:\/\/www.ufla.br\/dcom\/wp-json\/wp\/v2\/types\/post"}],"author":[{"embeddable":true,"href":"https:\/\/www.ufla.br\/dcom\/wp-json\/wp\/v2\/users\/9"}],"replies":[{"embeddable":true,"href":"https:\/\/www.ufla.br\/dcom\/wp-json\/wp\/v2\/comments?post=832"}],"version-history":[{"count":0,"href":"https:\/\/www.ufla.br\/dcom\/wp-json\/wp\/v2\/posts\/832\/revisions"}],"wp:attachment":[{"href":"https:\/\/www.ufla.br\/dcom\/wp-json\/wp\/v2\/media?parent=832"}],"wp:term":[{"taxonomy":"category","embeddable":true,"href":"https:\/\/www.ufla.br\/dcom\/wp-json\/wp\/v2\/categories?post=832"},{"taxonomy":"post_tag","embeddable":true,"href":"https:\/\/www.ufla.br\/dcom\/wp-json\/wp\/v2\/tags?post=832"}],"curies":[{"name":"wp","href":"https:\/\/api.w.org\/{rel}","templated":true}]}}