{"id":83065,"date":"2015-04-08T15:35:15","date_gmt":"2015-04-08T18:35:15","guid":{"rendered":"http:\/\/www.ufla.br\/ascom\/?p=83065"},"modified":"2015-04-09T16:30:30","modified_gmt":"2015-04-09T19:30:30","slug":"dce-promove-trem-das-onze-nesta-sexta-feira-104","status":"publish","type":"post","link":"https:\/\/www.ufla.br\/dcom\/2015\/04\/08\/dce-promove-trem-das-onze-nesta-sexta-feira-104\/","title":{"rendered":"DCE promove \u201cTrem das Onze\u201d nesta sexta-feira (10\/4)"},"content":{"rendered":"<p><a href=\"http:\/\/www.ufla.br\/ascom\/wp-content\/uploads\/2015\/04\/trem-das-onze.jpg\"><img loading=\"lazy\" decoding=\"async\" class=\"alignleft size-medium wp-image-83068\" src=\"http:\/\/www.ufla.br\/ascom\/wp-content\/uploads\/2015\/04\/trem-das-onze-192x249.jpg\" alt=\"trem-das-onze\" width=\"192\" height=\"249\" srcset=\"https:\/\/www.ufla.br\/dcom\/wp-content\/uploads\/2015\/04\/trem-das-onze-192x249.jpg 192w, https:\/\/www.ufla.br\/dcom\/wp-content\/uploads\/2015\/04\/trem-das-onze-612x794.jpg 612w, https:\/\/www.ufla.br\/dcom\/wp-content\/uploads\/2015\/04\/trem-das-onze.jpg 700w\" sizes=\"auto, (max-width: 192px) 100vw, 192px\" \/><\/a>M\u00fasica, poesia e teatro. Tudo em um s\u00f3 lugar. Essa \u00e9 a proposta do DCE, gest\u00e3o \u201cNa pegada\u201d, que promove o evento Trem das Onze, nessa sexta-feira (10\/4), \u00e0s 23 horas, no Centro de Conviv\u00eancias (sala de jogos) do DCE. A entrada \u00e9 gratuita e aberta a toda a comunidade acad\u00eamica.<\/p>\n<p>Ser\u00e3o diversas atra\u00e7\u00f5es culturais. Al\u00e9m do tradicional palco livre, haver\u00e1 a apresenta\u00e7\u00e3o teatral \u201cCordel Estradeiro\u201d, o recital com poesias de cordel e a performance de \u201cSuassuna Noite\u201d.<\/p>\n<p>Para quem for utilizar o \u00f4nibus articulado da UFLA, popularmente conhecido como Mamute, confira <a href=\"http:\/\/www.prg.ufla.br\/site\/wp-content\/uploads\/2011\/10\/onibus_interno_UFLA_2013.pdf\">aqui<\/a> os itiner\u00e1rios e hor\u00e1rios.<\/p>\n","protected":false},"excerpt":{"rendered":"<p>M\u00fasica, poesia e teatro. Tudo em um s\u00f3 lugar. Essa \u00e9 a proposta do DCE, gest\u00e3o \u201cNa pegada\u201d, que promove o evento Trem das Onze, nessa sexta-feira (10\/4), \u00e0s 23 horas, no Centro de Conviv\u00eancias (sala de jogos) do DCE. A entrada \u00e9 gratuita e aberta a toda a comunidade acad\u00eamica. Ser\u00e3o diversas atra\u00e7\u00f5es culturais. &hellip; <a href=\"https:\/\/www.ufla.br\/dcom\/2015\/04\/08\/dce-promove-trem-das-onze-nesta-sexta-feira-104\/\" class=\"more-link\">Continue lendo <span class=\"screen-reader-text\">DCE promove \u201cTrem das Onze\u201d nesta sexta-feira (10\/4)<\/span> <span class=\"meta-nav\">&rarr;<\/span><\/a><\/p>\n","protected":false},"author":6,"featured_media":0,"comment_status":"closed","ping_status":"closed","sticky":false,"template":"","format":"standard","meta":{"ngg_post_thumbnail":0,"footnotes":""},"categories":[10],"tags":[71,470],"class_list":["post-83065","post","type-post","status-publish","format-standard","hentry","category-menores","tag-cultura","tag-dce"],"_links":{"self":[{"href":"https:\/\/www.ufla.br\/dcom\/wp-json\/wp\/v2\/posts\/83065","targetHints":{"allow":["GET"]}}],"collection":[{"href":"https:\/\/www.ufla.br\/dcom\/wp-json\/wp\/v2\/posts"}],"about":[{"href":"https:\/\/www.ufla.br\/dcom\/wp-json\/wp\/v2\/types\/post"}],"author":[{"embeddable":true,"href":"https:\/\/www.ufla.br\/dcom\/wp-json\/wp\/v2\/users\/6"}],"replies":[{"embeddable":true,"href":"https:\/\/www.ufla.br\/dcom\/wp-json\/wp\/v2\/comments?post=83065"}],"version-history":[{"count":1,"href":"https:\/\/www.ufla.br\/dcom\/wp-json\/wp\/v2\/posts\/83065\/revisions"}],"predecessor-version":[{"id":83069,"href":"https:\/\/www.ufla.br\/dcom\/wp-json\/wp\/v2\/posts\/83065\/revisions\/83069"}],"wp:attachment":[{"href":"https:\/\/www.ufla.br\/dcom\/wp-json\/wp\/v2\/media?parent=83065"}],"wp:term":[{"taxonomy":"category","embeddable":true,"href":"https:\/\/www.ufla.br\/dcom\/wp-json\/wp\/v2\/categories?post=83065"},{"taxonomy":"post_tag","embeddable":true,"href":"https:\/\/www.ufla.br\/dcom\/wp-json\/wp\/v2\/tags?post=83065"}],"curies":[{"name":"wp","href":"https:\/\/api.w.org\/{rel}","templated":true}]}}