{"id":81922,"date":"2015-03-19T13:58:55","date_gmt":"2015-03-19T16:58:55","guid":{"rendered":"http:\/\/www.ufla.br\/ascom\/?p=81922"},"modified":"2015-03-20T16:56:16","modified_gmt":"2015-03-20T19:56:16","slug":"ufla-sedia-108a-edicao-do-forum-sul-mineiro-de-educacao-infantil-inscricoes-abertas","status":"publish","type":"post","link":"https:\/\/www.ufla.br\/dcom\/2015\/03\/19\/ufla-sedia-108a-edicao-do-forum-sul-mineiro-de-educacao-infantil-inscricoes-abertas\/","title":{"rendered":"UFLA sedia 108\u00aa edi\u00e7\u00e3o do F\u00f3rum Sul-Mineiro de Educa\u00e7\u00e3o Infantil \u2013 inscri\u00e7\u00f5es abertas"},"content":{"rendered":"<p><a href=\"http:\/\/www.ufla.br\/ascom\/wp-content\/uploads\/2015\/03\/cartaz-forum-educacao-infantil.jpg\"><img loading=\"lazy\" decoding=\"async\" class=\"alignleft size-medium wp-image-81924\" src=\"http:\/\/www.ufla.br\/ascom\/wp-content\/uploads\/2015\/03\/cartaz-forum-educacao-infantil-249x186.jpg\" alt=\"cartaz-forum-educacao-infantil\" width=\"249\" height=\"186\" srcset=\"https:\/\/www.ufla.br\/dcom\/wp-content\/uploads\/2015\/03\/cartaz-forum-educacao-infantil-249x186.jpg 249w, https:\/\/www.ufla.br\/dcom\/wp-content\/uploads\/2015\/03\/cartaz-forum-educacao-infantil-612x458.jpg 612w, https:\/\/www.ufla.br\/dcom\/wp-content\/uploads\/2015\/03\/cartaz-forum-educacao-infantil.jpg 995w\" sizes=\"auto, (max-width: 249px) 100vw, 249px\" \/><\/a>A 108\u00aa edi\u00e7\u00e3o do F\u00f3rum Sul-Mineiro de Educa\u00e7\u00e3o Infantil ser\u00e1 realizada na Universidade Federal de Lavras (UFLA) em 26\/3, em parceria com a Secretaria Municipal de Educa\u00e7\u00e3o de Lavras. O evento, que j\u00e1 ocorre h\u00e1 16 anos com encontros mensais frequentes em diferentes munic\u00edpios da regi\u00e3o, discute quest\u00f5es relacionadas \u00e0 inf\u00e2ncia. A coordena\u00e7\u00e3o \u00e9 feita por pesquisadores do Departamento de Educa\u00e7\u00e3o (DED). O tema desse pr\u00f3ximo encontro ser\u00e1 \u201cPol\u00edticas P\u00fablicas em Educa\u00e7\u00e3o Infantil: implica\u00e7\u00f5es da Lei 12.796\/2013\u201d.<\/p>\n<p>Os interessados em participar podem se inscrever at\u00e9 23\/3. Basta enviar e-mail para <a href=\"mailto:anapaulasilva@ded.ufla.br\">anapaulasilva@ded.ufla.br<\/a> ou ligar para (35) 3829-1979. As atividades do F\u00f3rum ser\u00e3o realizadas no Anfiteatro do Departamento\u00a0de Ci\u00eancias Exatas (DEX), das 8h \u00e0s 12h. \u00a0O evento \u00e9 aberto \u00e0 participa\u00e7\u00e3o social e articula diferentes institui\u00e7\u00f5es, \u00f3rg\u00e3os e entidades comprometidos com a expans\u00e3o e melhoria da Educa\u00e7\u00e3o Infantil. Podem se inscrever todos os que desejam conhecer e discutir a nova legisla\u00e7\u00e3o &#8211; que traz, entre outras determina\u00e7\u00f5es, a obrigatoriedade de matr\u00edcula para crian\u00e7as com quatro anos de idade.<\/p>\n<p>A programa\u00e7\u00e3o prev\u00ea a abordagem do tema por meio de uma mesa-redonda intitulada \u201cArticula\u00e7\u00f5es em munic\u00edpios do Sul de Minas\u201d, a ser mediada pela professora do DED Ana Paula Coelho e Silva. Nesse momento, haver\u00e1 a participa\u00e7\u00e3o da secret\u00e1ria de Educa\u00e7\u00e3o de Guaxup\u00e9, Sandra Aparecida da Costa; da coordenadora da Educa\u00e7\u00e3o Infantil de Paragua\u00e7u, N\u00fabia Bet\u00e2nia Silva Dias Campos e da coordenadora da Educa\u00e7\u00e3o Infantil de Lavras, Andressa Oliveira. Est\u00e3o previstos\u00a0tamb\u00e9m produ\u00e7\u00e3o de trabalhos em grupo e encaminhamentos finais.<\/p>\n<p>Neste ano, al\u00e9m de Lavras (mar\u00e7o e novembro), ir\u00e3o sediar edi\u00e7\u00f5es do F\u00f3rum as cidades de Boa Esperan\u00e7a\u00a0(abril),\u00a0El\u00f3i Mendes\u00a0(maio), Paragua\u00e7u (junho),\u00a0Varginha, Guaxup\u00e9\u00a0(setembro) e\u00a0Alpin\u00f3polis\u00a0(outubro).<\/p>\n<p>Consulte a <a href=\"programacao-forum-educacao-infantil\">programa\u00e7\u00e3o da 108\u00aa edi\u00e7\u00e3o<\/a>.<\/p>\n","protected":false},"excerpt":{"rendered":"<p>A 108\u00aa edi\u00e7\u00e3o do F\u00f3rum Sul-Mineiro de Educa\u00e7\u00e3o Infantil ser\u00e1 realizada na Universidade Federal de Lavras (UFLA) em 26\/3, em parceria com a Secretaria Municipal de Educa\u00e7\u00e3o de Lavras. O evento, que j\u00e1 ocorre h\u00e1 16 anos com encontros mensais frequentes em diferentes munic\u00edpios da regi\u00e3o, discute quest\u00f5es relacionadas \u00e0 inf\u00e2ncia. A coordena\u00e7\u00e3o \u00e9 feita &hellip; <a href=\"https:\/\/www.ufla.br\/dcom\/2015\/03\/19\/ufla-sedia-108a-edicao-do-forum-sul-mineiro-de-educacao-infantil-inscricoes-abertas\/\" class=\"more-link\">Continue lendo <span class=\"screen-reader-text\">UFLA sedia 108\u00aa edi\u00e7\u00e3o do F\u00f3rum Sul-Mineiro de Educa\u00e7\u00e3o Infantil \u2013 inscri\u00e7\u00f5es abertas<\/span> <span class=\"meta-nav\">&rarr;<\/span><\/a><\/p>\n","protected":false},"author":13,"featured_media":0,"comment_status":"closed","ping_status":"closed","sticky":false,"template":"","format":"standard","meta":{"ngg_post_thumbnail":0,"footnotes":""},"categories":[1,10],"tags":[634,1222],"class_list":["post-81922","post","type-post","status-publish","format-standard","hentry","category-noticias","category-menores","tag-ded","tag-forum-sul-mineiro-de-educacao-infantil"],"_links":{"self":[{"href":"https:\/\/www.ufla.br\/dcom\/wp-json\/wp\/v2\/posts\/81922","targetHints":{"allow":["GET"]}}],"collection":[{"href":"https:\/\/www.ufla.br\/dcom\/wp-json\/wp\/v2\/posts"}],"about":[{"href":"https:\/\/www.ufla.br\/dcom\/wp-json\/wp\/v2\/types\/post"}],"author":[{"embeddable":true,"href":"https:\/\/www.ufla.br\/dcom\/wp-json\/wp\/v2\/users\/13"}],"replies":[{"embeddable":true,"href":"https:\/\/www.ufla.br\/dcom\/wp-json\/wp\/v2\/comments?post=81922"}],"version-history":[{"count":4,"href":"https:\/\/www.ufla.br\/dcom\/wp-json\/wp\/v2\/posts\/81922\/revisions"}],"predecessor-version":[{"id":81928,"href":"https:\/\/www.ufla.br\/dcom\/wp-json\/wp\/v2\/posts\/81922\/revisions\/81928"}],"wp:attachment":[{"href":"https:\/\/www.ufla.br\/dcom\/wp-json\/wp\/v2\/media?parent=81922"}],"wp:term":[{"taxonomy":"category","embeddable":true,"href":"https:\/\/www.ufla.br\/dcom\/wp-json\/wp\/v2\/categories?post=81922"},{"taxonomy":"post_tag","embeddable":true,"href":"https:\/\/www.ufla.br\/dcom\/wp-json\/wp\/v2\/tags?post=81922"}],"curies":[{"name":"wp","href":"https:\/\/api.w.org\/{rel}","templated":true}]}}