{"id":8163,"date":"2011-12-12T08:56:53","date_gmt":"2011-12-12T11:56:53","guid":{"rendered":"http:\/\/www.ufla.br\/ascom\/?p=8163"},"modified":"2012-01-13T18:26:27","modified_gmt":"2012-01-13T21:26:27","slug":"desaceleracoes-nos-precos-dos-itens-de-higiene-pessoal-e-vestuario-influenciam-inflacao-de-novembro","status":"publish","type":"post","link":"https:\/\/www.ufla.br\/dcom\/2011\/12\/12\/desaceleracoes-nos-precos-dos-itens-de-higiene-pessoal-e-vestuario-influenciam-inflacao-de-novembro\/","title":{"rendered":"Desacelera\u00e7\u00f5es nos pre\u00e7os dos itens de higiene pessoal e vestu\u00e1rio influenciam infla\u00e7\u00e3o de novembro"},"content":{"rendered":"<p><a href=\"http:\/\/www.ufla.br\/ascom\/wp-content\/uploads\/2011\/12\/8.jpg\"><img loading=\"lazy\" decoding=\"async\" class=\"size-medium wp-image-8164 alignleft\" title=\"8\" src=\"http:\/\/www.ufla.br\/ascom\/wp-content\/uploads\/2011\/12\/8-300x191.jpg\" alt=\"\" width=\"300\" height=\"191\" srcset=\"https:\/\/www.ufla.br\/dcom\/wp-content\/uploads\/2011\/12\/8-300x191.jpg 300w, https:\/\/www.ufla.br\/dcom\/wp-content\/uploads\/2011\/12\/8.jpg 322w\" sizes=\"auto, (max-width: 300px) 100vw, 300px\" \/><\/a>Com os consumidores acostumados, nos \u00faltimos dois meses, com a infla\u00e7\u00e3o em alta, puxada principalmente pelas despesas com alimentos e com material de limpeza, o \u00cdndice de Pre\u00e7os ao Consumidor (IPC) calculado pelo Departamento de Administra\u00e7\u00e3o e Economia da Universidade Federal de Lavras (DAE\/UFLA) registrou, no m\u00eas de novembro, queda na m\u00e9dia geral dos pre\u00e7os pesquisados, ou seja, houve \u201cdefla\u00e7\u00e3o\u201d no per\u00edodo.<\/p>\n<p>O professor Ricardo Reis, coordenador da pesquisa, explica que \u201cdefla\u00e7\u00e3o \u00e9 o inverso da infla\u00e7\u00e3o, n\u00e3o implicando que os pre\u00e7os de todos os produtos e servi\u00e7os que comp\u00f5em o \u00edndice tenham ca\u00eddo\u201d. Na defla\u00e7\u00e3o, o que cai \u00e9 a m\u00e9dia dos pre\u00e7os pesquisados, conforme sua pondera\u00e7\u00e3o (cada pre\u00e7o tem um peso no IPC).<\/p>\n<p>Em novembro, a defla\u00e7\u00e3o foi de 0,05%; no m\u00eas passado, o \u00edndice de infla\u00e7\u00e3o estimado pela UFLA ficou em 2,24% e foi o mais alto do ano; em setembro, j\u00e1 havia sido de 2,07%. No m\u00eas de novembro, a defla\u00e7\u00e3o ficou localizada principalmente no setor de higiene pessoal, que teve queda m\u00e9dia de 3,94% e nas despesas com vestu\u00e1rio, com redu\u00e7\u00e3o de 2,26%.<\/p>\n<p>No acumulado do ano, o IPC da UFLA registra uma alta de pre\u00e7os de 7,32%, fugindo da meta estabelecida pelo governo para 2011, que \u00e9 de 4,5%, com toler\u00e2ncia de 2,0% para mais. A pesquisa tamb\u00e9m registrou quedas nos gastos com material de limpeza (-0,86%), educa\u00e7\u00e3o e sa\u00fade, que ficou em m\u00e9dia mais barato 0,02%.<\/p>\n<p>As altas no m\u00eas de novembro ficaram localizadas nos setores de bebidas (3,88%), nos alimentos em geral (1,35%) e nos gastos com bens de consumo dur\u00e1veis (eletrodom\u00e9sticos, eletroeletr\u00f4nicos, m\u00f3veis e inform\u00e1tica), com aumento de 0,79% no m\u00eas. As despesas com lazer, moradia, transportes e servi\u00e7os gerais (\u00e1gua, luz, telefone e g\u00e1s de cozinha) mantiveram-se est\u00e1veis no m\u00eas.<\/p>\n<p>Os alimentos <em>in natura <\/em>ficaram mais caros no m\u00eas 1,22%, principalmente tomate, mandioca, couve-flor, repolho e ma\u00e7\u00e3. J\u00e1 os produtos <em>semielaborados<\/em> aumentaram 1,51%, devido \u00e0s altas nas carnes bovinas e frango. J\u00e1 o arroz registrou queda de pre\u00e7o para o consumidor de 0,84% e o feij\u00e3o, baixa de 1,36%. E os produtos <em>industrializados<\/em> tamb\u00e9m contribu\u00edram para a alta geral dos alimentos, ficando, em m\u00e9dia, mais caros 1,22%.<\/p>\n<p>Com esses comportamentos de alta dos pre\u00e7os dos alimentos, o custo da cesta b\u00e1sica de alimentos para uma fam\u00edlia de quatro pessoas teve um acr\u00e9scimo de 2,21%. Em novembro, seu valor foi de R$ 392,10 e no m\u00eas de outubro, essa despesa era de R$ 383,62.<\/p>\n","protected":false},"excerpt":{"rendered":"<p>Com os consumidores acostumados, nos \u00faltimos dois meses, com a infla\u00e7\u00e3o em alta, puxada principalmente pelas despesas com alimentos e com material de limpeza, o \u00cdndice de Pre\u00e7os ao Consumidor (IPC) calculado pelo DAE (&#8230;)<\/p>\n","protected":false},"author":6,"featured_media":0,"comment_status":"closed","ping_status":"closed","sticky":false,"template":"","format":"standard","meta":{"ngg_post_thumbnail":0,"footnotes":""},"categories":[1],"tags":[],"class_list":["post-8163","post","type-post","status-publish","format-standard","hentry","category-noticias"],"_links":{"self":[{"href":"https:\/\/www.ufla.br\/dcom\/wp-json\/wp\/v2\/posts\/8163","targetHints":{"allow":["GET"]}}],"collection":[{"href":"https:\/\/www.ufla.br\/dcom\/wp-json\/wp\/v2\/posts"}],"about":[{"href":"https:\/\/www.ufla.br\/dcom\/wp-json\/wp\/v2\/types\/post"}],"author":[{"embeddable":true,"href":"https:\/\/www.ufla.br\/dcom\/wp-json\/wp\/v2\/users\/6"}],"replies":[{"embeddable":true,"href":"https:\/\/www.ufla.br\/dcom\/wp-json\/wp\/v2\/comments?post=8163"}],"version-history":[{"count":6,"href":"https:\/\/www.ufla.br\/dcom\/wp-json\/wp\/v2\/posts\/8163\/revisions"}],"predecessor-version":[{"id":8628,"href":"https:\/\/www.ufla.br\/dcom\/wp-json\/wp\/v2\/posts\/8163\/revisions\/8628"}],"wp:attachment":[{"href":"https:\/\/www.ufla.br\/dcom\/wp-json\/wp\/v2\/media?parent=8163"}],"wp:term":[{"taxonomy":"category","embeddable":true,"href":"https:\/\/www.ufla.br\/dcom\/wp-json\/wp\/v2\/categories?post=8163"},{"taxonomy":"post_tag","embeddable":true,"href":"https:\/\/www.ufla.br\/dcom\/wp-json\/wp\/v2\/tags?post=8163"}],"curies":[{"name":"wp","href":"https:\/\/api.w.org\/{rel}","templated":true}]}}