{"id":80312,"date":"2015-03-02T17:02:20","date_gmt":"2015-03-02T20:02:20","guid":{"rendered":"http:\/\/www.ufla.br\/ascom\/?p=80312"},"modified":"2015-03-06T17:29:10","modified_gmt":"2015-03-06T20:29:10","slug":"ufla-comunica-e-lamenta-o-falecimento-do-professor-oswaldo-louzada","status":"publish","type":"post","link":"https:\/\/www.ufla.br\/dcom\/2015\/03\/02\/ufla-comunica-e-lamenta-o-falecimento-do-professor-oswaldo-louzada\/","title":{"rendered":"UFLA comunica e lamenta o falecimento do professor Oswaldo Louzada"},"content":{"rendered":"<p><a href=\"http:\/\/www.ufla.br\/ascom\/wp-content\/uploads\/2014\/12\/luto.jpg\"><img loading=\"lazy\" decoding=\"async\" class=\"alignright size-medium wp-image-75411\" src=\"http:\/\/www.ufla.br\/ascom\/wp-content\/uploads\/2014\/12\/luto-249x180.jpg\" alt=\"luto\" width=\"249\" height=\"180\" srcset=\"https:\/\/www.ufla.br\/dcom\/wp-content\/uploads\/2014\/12\/luto-249x180.jpg 249w, https:\/\/www.ufla.br\/dcom\/wp-content\/uploads\/2014\/12\/luto-612x442.jpg 612w, https:\/\/www.ufla.br\/dcom\/wp-content\/uploads\/2014\/12\/luto.jpg 626w\" sizes=\"auto, (max-width: 249px) 100vw, 249px\" \/><\/a>A Universidade Federal de Lavras (UFLA) comunica e lamenta o falecimento do professor Oswaldo Louzada Serra, professor e ex-aluno do curso de Agronomia da Escola Superior de Agricultura de Lavras (ESAL), da 42\u00aa turma, de 1944.<\/p>\n<p>Lavras perde uma refer\u00eancia em Educa\u00e7\u00e3o e a UFLA perde um fiel embaixador das causas afetas \u00e0 Institui\u00e7\u00e3o. Feliz por retornar sempre \u00e0 UFLA, o professor Louzada enfatizava a alegria de v\u00ea-la em constante desenvolvimento.<\/p>\n<p>De nacionalidade portuguesa, logo ap\u00f3s a formatura tornou-se professor na ESAL, lecionando as disciplinas Desenho T\u00e9cnico e Climatologia, al\u00e9m de lecionar em escolas do munic\u00edpio. Detentor de diversas honrarias, tornou-se um cidad\u00e3o destacado pelas atua\u00e7\u00f5es no Rotary Club de Lavras, sendo o \u00fanico membro fundador ainda em atividade.<\/p>\n<p>Em 2012, o professor recebeu o certificado e a medalha da UFLA pelo destacado comprometimento com a Universidade, durante a cerim\u00f4nia de Jubileu de Ouro e Prata &#8211; evento organizado anualmente, em que a presen\u00e7a do professor Louzada era not\u00f3ria, como \u00fanico representante da sua turma.<\/p>\n<p>O professor faleceu na manh\u00e3 desta segunda-feira 2\/3, v\u00edtima de uma pneumonia.<\/p>\n<p>Seu corpo est\u00e1 sendo velado na sede do Rotary Club, na avenida Pedro Salles (at\u00e9 \u00e0s 20 horas) e o sepultamento ser\u00e1 nesta ter\u00e7a-feira 3\/3, \u00e0s 10h, no Cemit\u00e9rio S\u00e3o Miguel.<\/p>\n<p>&nbsp;<\/p>\n","protected":false},"excerpt":{"rendered":"<p>A Universidade Federal de Lavras (UFLA) comunica e lamenta o falecimento do professor Oswaldo Louzada Serra, professor e ex-aluno do curso de Agronomia da Escola Superior de Agricultura de Lavras (ESAL), da 42\u00aa turma, de 1944. Lavras perde uma refer\u00eancia em Educa\u00e7\u00e3o e a UFLA perde um fiel embaixador das causas afetas \u00e0 Institui\u00e7\u00e3o. Feliz &hellip; <a href=\"https:\/\/www.ufla.br\/dcom\/2015\/03\/02\/ufla-comunica-e-lamenta-o-falecimento-do-professor-oswaldo-louzada\/\" class=\"more-link\">Continue lendo <span class=\"screen-reader-text\">UFLA comunica e lamenta o falecimento do professor Oswaldo Louzada<\/span> <span class=\"meta-nav\">&rarr;<\/span><\/a><\/p>\n","protected":false},"author":6,"featured_media":0,"comment_status":"closed","ping_status":"closed","sticky":false,"template":"","format":"standard","meta":{"ngg_post_thumbnail":0,"footnotes":""},"categories":[1,10],"tags":[],"class_list":["post-80312","post","type-post","status-publish","format-standard","hentry","category-noticias","category-menores"],"_links":{"self":[{"href":"https:\/\/www.ufla.br\/dcom\/wp-json\/wp\/v2\/posts\/80312","targetHints":{"allow":["GET"]}}],"collection":[{"href":"https:\/\/www.ufla.br\/dcom\/wp-json\/wp\/v2\/posts"}],"about":[{"href":"https:\/\/www.ufla.br\/dcom\/wp-json\/wp\/v2\/types\/post"}],"author":[{"embeddable":true,"href":"https:\/\/www.ufla.br\/dcom\/wp-json\/wp\/v2\/users\/6"}],"replies":[{"embeddable":true,"href":"https:\/\/www.ufla.br\/dcom\/wp-json\/wp\/v2\/comments?post=80312"}],"version-history":[{"count":2,"href":"https:\/\/www.ufla.br\/dcom\/wp-json\/wp\/v2\/posts\/80312\/revisions"}],"predecessor-version":[{"id":80314,"href":"https:\/\/www.ufla.br\/dcom\/wp-json\/wp\/v2\/posts\/80312\/revisions\/80314"}],"wp:attachment":[{"href":"https:\/\/www.ufla.br\/dcom\/wp-json\/wp\/v2\/media?parent=80312"}],"wp:term":[{"taxonomy":"category","embeddable":true,"href":"https:\/\/www.ufla.br\/dcom\/wp-json\/wp\/v2\/categories?post=80312"},{"taxonomy":"post_tag","embeddable":true,"href":"https:\/\/www.ufla.br\/dcom\/wp-json\/wp\/v2\/tags?post=80312"}],"curies":[{"name":"wp","href":"https:\/\/api.w.org\/{rel}","templated":true}]}}