{"id":80153,"date":"2015-02-25T15:22:30","date_gmt":"2015-02-25T18:22:30","guid":{"rendered":"http:\/\/www.ufla.br\/ascom\/?p=80153"},"modified":"2015-03-09T11:52:18","modified_gmt":"2015-03-09T14:52:18","slug":"prg-divulga-programacao-da-recepcao-de-calouros","status":"publish","type":"post","link":"https:\/\/www.ufla.br\/dcom\/2015\/02\/25\/prg-divulga-programacao-da-recepcao-de-calouros\/","title":{"rendered":"PRG divulga programa\u00e7\u00e3o da Recep\u00e7\u00e3o de Calouros"},"content":{"rendered":"<h3>Participa\u00e7\u00e3o nas atividades \u00e9 obrigat\u00f3ria<\/h3>\n<p><a href=\"http:\/\/www.ufla.br\/ascom\/wp-content\/uploads\/2015\/02\/recepcao-calouros-ufla201501-site.jpg\"><img loading=\"lazy\" decoding=\"async\" class=\"alignleft size-medium wp-image-80154\" src=\"http:\/\/www.ufla.br\/ascom\/wp-content\/uploads\/2015\/02\/recepcao-calouros-ufla201501-site-249x176.jpg\" alt=\"recepcao-calouros-ufla201501-site\" width=\"249\" height=\"176\" srcset=\"https:\/\/www.ufla.br\/dcom\/wp-content\/uploads\/2015\/02\/recepcao-calouros-ufla201501-site-249x176.jpg 249w, https:\/\/www.ufla.br\/dcom\/wp-content\/uploads\/2015\/02\/recepcao-calouros-ufla201501-site-612x433.jpg 612w, https:\/\/www.ufla.br\/dcom\/wp-content\/uploads\/2015\/02\/recepcao-calouros-ufla201501-site.jpg 2014w\" sizes=\"auto, (max-width: 249px) 100vw, 249px\" \/><\/a>As aulas na UFLA ter\u00e3o in\u00edcio na pr\u00f3xima segunda-feira, 2 de mar\u00e7o. Tradicionalmente, a Universidade promove uma programa\u00e7\u00e3o de recep\u00e7\u00e3o para os alunos ingressantes, e a Pr\u00f3-Reitoria de Gradua\u00e7\u00e3o (<a href=\"http:\/\/www.prg.ufla.br\">PRG<\/a>) divulgou a deste semestre: haver\u00e1 atividades do dia 2 ao dia 18 de mar\u00e7o, incluindo a recep\u00e7\u00e3o oficial, reuni\u00e3o com coordenadores, recep\u00e7\u00e3o de estudantes estrangeiros, atividades do Diret\u00f3rio Central dos Estudantes (<a href=\"http:\/\/www.dce.ufla.br\">DCE<\/a>) e Feira Acad\u00eamica.<\/p>\n<p>No <strong>dia 2<\/strong>, ocorrer\u00e1 a abertura oficial, no Gin\u00e1sio Poliesportivo da UFLA, a partir das 18 horas. Representantes do DCE, a pr\u00f3-reitora de Gradua\u00e7\u00e3o, professora Soraya Alvarenga Botelho e o reitor da UFLA, professor Jos\u00e9 Roberto Scolforo, dar\u00e3o as boas-vindas aos calouros e apresentar\u00e3o as principais quest\u00f5es da vida acad\u00eamica. Ser\u00e1 um dia letivo sem ministra\u00e7\u00e3o de aulas para os estudantes ingressantes.<\/p>\n<p>No <strong>dia 3<\/strong>, os ingressantes se reunir\u00e3o com os coordenadores de cursos, em locais e hor\u00e1rios que podem ser vistos no arquivo anexo no final da not\u00edcia. Tamb\u00e9m n\u00e3o haver\u00e1 aulas para os calouros.<\/p>\n<p>O DCE realizar\u00e1, no <strong>dia 7 (s\u00e1bado)<\/strong>, atividades culturais, esportivas, de integra\u00e7\u00e3o e oficinas no Centro de Integra\u00e7\u00e3o Universit\u00e1ria \u2013 Ciuni (sua entrada fica na 2\u00aa rotat\u00f3ria da UFLA), das 14 \u00e0s 21 horas. No <strong>dia 11<\/strong>, haver\u00e1 uma recep\u00e7\u00e3o exclusiva para os calouros estrangeiros, \u00e0s 8 horas, no Sal\u00e3o dos Conselhos da Reitoria.<\/p>\n<p>O espa\u00e7o ao lado da Cantina Central receber\u00e1, no <strong>dia 18<\/strong>, uma Feira Acad\u00eamica, das 9 \u00e0s 21 horas. Os estudantes poder\u00e3o saber mais detalhes sobre os principais setores da UFLA, visitando os estandes. Ser\u00e1 um dia letivo normal, e haver\u00e1 lista de presen\u00e7a no local. Os calouros dever\u00e3o visitar a feira durante os intervalos de aula, pois n\u00e3o haver\u00e1 abono de faltas.<\/p>\n<p><strong>Fotos para o documento de identifica\u00e7\u00e3o<\/strong><\/p>\n<p>Nos <strong>dias 10 e 11\/3<\/strong>, os ingressantes dever\u00e3o fazer a foto para o cart\u00e3o de identifica\u00e7\u00e3o, documento necess\u00e1rio para utilizar servi\u00e7os como empr\u00e9stimo na Biblioteca e refei\u00e7\u00f5es no Restaurante Universit\u00e1rio.<\/p>\n<p>As fotos ser\u00e3o feitas na sala 14 do Pavilh\u00e3o de Aulas 6 (ao lado da DADP), nos seguintes hor\u00e1rios: das 9 \u00e0s 11 horas; das 14h30 \u00e0s 17 horas; e das 19 \u00e0s 21 horas.<\/p>\n<p><strong>Presen\u00e7a obrigat\u00f3ria<\/strong><\/p>\n<p>Os calouros devem participar de toda a programa\u00e7\u00e3o (exceto a recep\u00e7\u00e3o para os estudantes estrangeiros): a Resolu\u00e7\u00e3o Cepe n\u00b0 42, de 21 de mar\u00e7o de 2007, em seu Art. 49 disp\u00f5e que: \u201cO estudante que deixar de comparecer \u00e0s atividades de recep\u00e7\u00e3o de calouros ser\u00e1 automaticamente desvinculado do curso e da Universidade\u201d;<\/p>\n<p>\u00a7 2\u00b0 \u201cO estudante que necessitar ausentar-se durante as duas primeiras semanas letivas, por impedimento previsto no Decreto-Lei no 1.044\/69 e nas Leis nos 715\/69 e 6.202\/75, dever\u00e1 ter sua justificativa de aus\u00eancia comunicada \u00e0 PRG, por ele pr\u00f3prio ou por pessoa que o represente, num prazo m\u00e1ximo de at\u00e9 dois (2) dias \u00fateis ap\u00f3s o in\u00edcio das atividades\u201d.<\/p>\n<p><a href=\"http:\/\/www.ufla.br\/ascom\/wp-content\/uploads\/2015\/02\/OK-Programacao-recepcao-2015-1.pdf\">Consulte aqui a programa\u00e7\u00e3o completa da Recep\u00e7\u00e3o de Calouros 2015\/1<\/a><\/p>\n<p><a href=\"http:\/\/www.ufla.br\/calouros\">Saiba mais sobre a UFLA no Blog do Calouro<\/a><\/p>\n<h5><\/h5>\n<p><strong>Localize-se.<\/strong>\u00a0Veja, abaixo, onde ser\u00e3o as atividades da Recep\u00e7\u00e3o de Calouros (clique na imagem para ampli\u00e1-la):<\/p>\n<h5><a href=\"http:\/\/www.ufla.br\/ascom\/wp-content\/uploads\/2015\/02\/mapa-recepcao-calouros-ufla.jpg\"><img loading=\"lazy\" decoding=\"async\" class=\"aligncenter size-large wp-image-80160\" src=\"http:\/\/www.ufla.br\/ascom\/wp-content\/uploads\/2015\/02\/mapa-recepcao-calouros-ufla-612x326.jpg\" alt=\"mapa-recepcao-calouros-ufla\" width=\"612\" height=\"326\" srcset=\"https:\/\/www.ufla.br\/dcom\/wp-content\/uploads\/2015\/02\/mapa-recepcao-calouros-ufla-612x326.jpg 612w, https:\/\/www.ufla.br\/dcom\/wp-content\/uploads\/2015\/02\/mapa-recepcao-calouros-ufla-249x133.jpg 249w, https:\/\/www.ufla.br\/dcom\/wp-content\/uploads\/2015\/02\/mapa-recepcao-calouros-ufla.jpg 1920w\" sizes=\"auto, (max-width: 612px) 100vw, 612px\" \/><\/a><a href=\"http:\/\/www.ufla.br\/ascom\/wp-content\/uploads\/2015\/02\/mapa-recepcao-calouros.jpg\"><br \/>\n<\/a>(imagem: Mapas do Google)<\/h5>\n<p>&nbsp;<\/p>\n","protected":false},"excerpt":{"rendered":"<p>As aulas na UFLA ter\u00e3o in\u00edcio na pr\u00f3xima segunda-feira, 2 de mar\u00e7o, assim como a programa\u00e7\u00e3o de recep\u00e7\u00e3o aos alunos ingressantes. Veja aqui as atividades, que ser\u00e3o realizadas de 2 a 18\/3.<\/p>\n","protected":false},"author":8,"featured_media":0,"comment_status":"closed","ping_status":"closed","sticky":false,"template":"","format":"standard","meta":{"ngg_post_thumbnail":0,"footnotes":""},"categories":[1],"tags":[388,389],"class_list":["post-80153","post","type-post","status-publish","format-standard","hentry","category-noticias","tag-calouros","tag-recepcao-de-calouros"],"_links":{"self":[{"href":"https:\/\/www.ufla.br\/dcom\/wp-json\/wp\/v2\/posts\/80153","targetHints":{"allow":["GET"]}}],"collection":[{"href":"https:\/\/www.ufla.br\/dcom\/wp-json\/wp\/v2\/posts"}],"about":[{"href":"https:\/\/www.ufla.br\/dcom\/wp-json\/wp\/v2\/types\/post"}],"author":[{"embeddable":true,"href":"https:\/\/www.ufla.br\/dcom\/wp-json\/wp\/v2\/users\/8"}],"replies":[{"embeddable":true,"href":"https:\/\/www.ufla.br\/dcom\/wp-json\/wp\/v2\/comments?post=80153"}],"version-history":[{"count":8,"href":"https:\/\/www.ufla.br\/dcom\/wp-json\/wp\/v2\/posts\/80153\/revisions"}],"predecessor-version":[{"id":80170,"href":"https:\/\/www.ufla.br\/dcom\/wp-json\/wp\/v2\/posts\/80153\/revisions\/80170"}],"wp:attachment":[{"href":"https:\/\/www.ufla.br\/dcom\/wp-json\/wp\/v2\/media?parent=80153"}],"wp:term":[{"taxonomy":"category","embeddable":true,"href":"https:\/\/www.ufla.br\/dcom\/wp-json\/wp\/v2\/categories?post=80153"},{"taxonomy":"post_tag","embeddable":true,"href":"https:\/\/www.ufla.br\/dcom\/wp-json\/wp\/v2\/tags?post=80153"}],"curies":[{"name":"wp","href":"https:\/\/api.w.org\/{rel}","templated":true}]}}