{"id":80148,"date":"2015-02-25T13:14:26","date_gmt":"2015-02-25T15:14:26","guid":{"rendered":"http:\/\/www.ufla.br\/ascom\/?p=80148"},"modified":"2015-02-27T15:53:39","modified_gmt":"2015-02-27T18:53:39","slug":"80148","status":"publish","type":"post","link":"https:\/\/www.ufla.br\/dcom\/2015\/02\/25\/80148\/","title":{"rendered":"CAF\u00c9: semana encerra temporada de defesas de disserta\u00e7\u00f5es e teses na UFLA"},"content":{"rendered":"<figure id=\"attachment_80149\" aria-describedby=\"caption-attachment-80149\" style=\"width: 249px\" class=\"wp-caption alignright\"><a href=\"http:\/\/www.ufla.br\/ascom\/wp-content\/uploads\/2015\/02\/defesa-cafe.jpg\"><img loading=\"lazy\" decoding=\"async\" class=\"size-medium wp-image-80149\" src=\"http:\/\/www.ufla.br\/ascom\/wp-content\/uploads\/2015\/02\/defesa-cafe-249x187.jpg\" alt=\"Gest\u00e3o estrat\u00e9gica na cafeicultura: defesa do mestrando Diego Humberto de Oliveira;  orientador: professor Rubens Jos\u00e9 Guimar\u00e3es. \" width=\"249\" height=\"187\" srcset=\"https:\/\/www.ufla.br\/dcom\/wp-content\/uploads\/2015\/02\/defesa-cafe-249x187.jpg 249w, https:\/\/www.ufla.br\/dcom\/wp-content\/uploads\/2015\/02\/defesa-cafe-612x459.jpg 612w, https:\/\/www.ufla.br\/dcom\/wp-content\/uploads\/2015\/02\/defesa-cafe.jpg 800w\" sizes=\"auto, (max-width: 249px) 100vw, 249px\" \/><\/a><figcaption id=\"caption-attachment-80149\" class=\"wp-caption-text\">Gest\u00e3o estrat\u00e9gica na cafeicultura: defesa do mestrando Diego Humberto de Oliveira; orientador: professor Rubens Jos\u00e9 Guimar\u00e3es.<\/figcaption><\/figure>\n<p>A cada ano, a Universidade Federal de Lavras (UFLA) consolida-se como refer\u00eancia em ensino, pesquisa e extens\u00e3o voltados ao sistema agroindustrial dos caf\u00e9s do Brasil. Prova disso \u00e9 o elevado n\u00famero de projetos de pesquisa que t\u00eam o caf\u00e9 como tema, resultando em diversas defesas de Mestrado e Doutorado vinculadas a diferentes Programas de P\u00f3s-Gradua\u00e7\u00e3o.<\/p>\n<p>Nesta semana, est\u00e3o previstas dezenove disserta\u00e7\u00f5es e teses de diferentes programas de p\u00f3s-gradua\u00e7\u00e3o da Universidade: Fitotecnia, Fitopatologia, Administra\u00e7\u00e3o, Ci\u00eancia dos Alimentos, Engenharia Agr\u00edcola, Microbiologia Agr\u00edcola, Fisiologia Vegetal e Estat\u00edstica e Experimenta\u00e7\u00e3o Agropecu\u00e1ria. Confira a rela\u00e7\u00e3o completa dos trabalhos abaixo:<\/p>\n<p><strong>Conhecimento coletivo<\/strong><\/p>\n<p>A Universidade conta atualmente com a Ag\u00eancia de Inova\u00e7\u00e3o do Caf\u00e9 &#8211; InovaCaf\u00e9, que re\u00fane as tradicionais iniciativas voltadas do Setor de Cafeicultura da UFLA, al\u00e9m do Instituto Nacional de Ci\u00eancia e Tecnologia do Caf\u00e9 (INCT Caf\u00e9), Polo de Excel\u00eancia do Caf\u00e9, Cons\u00f3rcio Pesquisa Caf\u00e9, Polo de Tecnologia em Qualidade do Caf\u00e9, Polo de Tecnologia em P\u00f3s-Colheita do Caf\u00e9, Centro Tecnol\u00f3gico de Comercializa\u00e7\u00e3o On-line de Caf\u00e9 (e-Caf\u00e9 Brasil), Centro de Intelig\u00eancia em Mercados (CIM), Unidade de Difus\u00e3o Virtual de Tecnologias \u2013 Rede Social do Caf\u00e9\u00a0e o N\u00facleo de Estudos em Cafeicultura (Necaf).<\/p>\n<p>Entre as parcerias institucionais, destacam-se a proximidade e as pesquisas em conjunto com a Empresa de Pesquisa Agropecu\u00e1ria de Minas Gerais (Epamig) e a Empresa\u00a0de Assist\u00eancia T\u00e9cnica e Extens\u00e3o Rural do Estado de Minas Gerais (Emater \u2013 MG).<\/p>\n<p>Para o diretor da InovaCaf\u00e9, Luiz Gonzaga de Castro J\u00fanior, \u00a0a Universidade hoje tem um grande percentual de trabalhos relacionados ao tema caf\u00e9, no Brasil e no mundo. \u201cA proposta \u00e9 que esses trabalhos sejam coordenados pela InovaCaf\u00e9, no sentido de juntar esfor\u00e7os, para que respondam \u00e0s demandas da sociedade, gerando com isso, a cada pesquisa, solu\u00e7\u00f5es demandas pelo setor\u201d.<\/p>\n<p>Para o professor de cafeicultura Rubens Jos\u00e9 Guimar\u00e3es, que orienta estudantes de mestrado e doutorado no Programa de P\u00f3s-Gradua\u00e7\u00e3o em Fitotecnia, o diferencial da UFLA est\u00e1 justamente na diversidade de conhecimento gerado, fruto do envolvimento de professores e estudantes que t\u00eam o caf\u00e9 como tema de seus estudos, vinculados a diferentes \u00e1reas e linhas de pesquisa.<\/p>\n<p><strong>Confira a lista de disserta\u00e7\u00f5es e teses programadas para esta semana:<\/strong><\/p>\n<p><strong>FITOTECNIA<\/strong><\/p>\n<p>&#8220;POTENCIAL DE UTILIZA\u00c7\u00c3O DE CARACTER\u00cdSTICAS ANAT\u00d4MICAS E FISIOL\u00d3GICAS NA SELE\u00c7\u00c3O DE PROG\u00caNIES DE CAFEEIRO&#8221;, de Dalyse Toledo Castanheira; orientador: professor Rubens Jos\u00e9 Guimar\u00e3es.<\/p>\n<p>\u201cGEST\u00c3O ESTRAT\u00c9GICA NA CAFEICULTURA: USO EFICIENTE DE FERTILIZANTES E QUANTIFICA\u00c7\u00c3O DE EMISS\u00d5ES DE GASES DO EFEITO ESTUFA\u201d, do mestrando Diego Humberto de Oliveira; orientador: professor Rubens Jos\u00e9 Guimar\u00e3es.<\/p>\n<p>\u201cCARACTERIZA\u00c7\u00c3O MORFOFISIOL\u00d3GICA DO CRUZAMENTO DE H\u00cdBRIDO DE TIMOR E DILLA &amp; ALGHE DO BANCO DE GERMOPLASMA DE MINAS GERAIS\u201d, da mestranda Mariana Thereza Rodrigues Viana; orientador: professor Rubens Jos\u00e9 Guimar\u00e3es.<\/p>\n<p>&#8220;ESTIMATIVA DE PAR\u00c2METROS GEN\u00c9TICOS E CARaCTERIZA\u00c7\u00c3O FISIOL\u00d3GICA DE PROG\u00caNIES \u00a0DE CAFEEIRO SOB MANIFESTA\u00c7\u00d5 DE <em>Meloidogyme paramaensis<\/em>&#8220;,do mestrando Allan Teixeira Pasqualotto; orientador: professor Ant\u00f4nio Nazareno Guimar\u00e3es Mendes.<\/p>\n<p>\u201cIDENTIFICA\u00c7\u00c3O DE MARCADORES MOLECULARES ASSOCIADOS A RESIST\u00caNCIA A MELOIDOGYNE EXIGUA EM CAFEEIROIDENTIFICA\u00c7\u00c3O DE MARCADORES MOLECULARES ASSOCIADOS A RESIST\u00caNCIA A MELOIDOGYNE EXIGUA EM CAFEEIRO\u201d, da doutoranda Thamiris Bandoni Pereir; orientador: professor Ant\u00f4nio Nazareno Guimar\u00e3es Mendes.<\/p>\n<p>\u201cPROGRESSOS GEN\u00c9TICOS E REA\u00c7\u00c3O DE PROG\u00caNIES DE Coffea ar\u00e1bica AOS NEMATOIDES <em>Meloidogyne<\/em> ex\u00edgua <em>Meloidogyne paranaenses<\/em>\u201d, do doutorando Ramiro Machado Rezende; orientador: Gladyston Rodrigues Carvalho.<\/p>\n<p><strong>FITOPATOLOGIA<\/strong><\/p>\n<p>&#8220;IDENTIFICA\u00c7\u00c3O E CARACTERIZA\u00c7\u00c3O DE METAB\u00d3LICOS SECUND\u00c1RIOS RELACIONADOS \u00c0 RESPOSTA DE DEFESA DO CAFEEIRO CONTRA <em>Pseudomas syringae<\/em> pv. garcae&#8221;, da mestranda Joyce Alves Goulart da Silva; orientador: professor M\u00e1rio L\u00facio Vilela de Resende.<\/p>\n<p>EFEITO NA NUTRI\u00c7\u00c3O COM NITROG\u00caNIO E POT\u00c1SSIO NA INTENSIDADE DA FERRUGEM (<em>Hemileia vastatrix<\/em>) DO CAFEEIRO (Coffea arabica), do mestrando Cristian David P\u00e9rez; orientador: professor \u00c9dson Amp\u00e9lio Pozza.<\/p>\n<p>&#8220;SEQUENCIAMENTO E AN\u00c1LISE DO GENOMA DO Coffee <em>ringspot virus<\/em> (CoRSV)&#8221;, do doutorando Anderson de Jesus Sotero; orientadora: professora Ant\u00f4nia Dos Reis Figueira.<\/p>\n<p><strong>ENGENHARIA AGR\u00cdCOLA<\/strong><\/p>\n<p>\u201cVALIDA\u00c7\u00c3O DE METODOLOGIA PARA QUANTIFICAR A REGULAGEM DO FREIO DOS VIBRADORES DE UMA COLHEDORA DE CAF\u00c9\u201d, do mestrando Ronan Souza Sales; orientador: professor Fabio Moreira da Silva.<\/p>\n<p>\u201cASPECTOS FISIOL\u00d3GICOS, BIOQU\u00cdMICOS E SENSORIAIS DE GR\u00c3OS DE CAF\u00c9 ARMAZENADOS EM AMBIENTE NATURAL E RESFRIADO\u201d, da mestranda Giselle Figueiredo Abreu; orientadora: professora Sttela Dellyzete Veiga Franco da Rosa.<\/p>\n<p>&#8220;INOVA\u00c7\u00c3O TECNOL\u00d3GICA EM SECAGEM E ARMAZENAMENTO VISANDO \u00c0 MANUTEN\u00c7\u00c3O DA QUALIDADE DO CAF\u00c9&#8221;, do mestrando; orientadora: professora Sttela Dellyzete Veiga Franco da Rosa<\/p>\n<p><strong>ESTAT\u00cdSTICA E EXPERIMENTA\u00c7\u00c3O AGROPECU\u00c1RIA<\/strong><\/p>\n<p>\u201cQUALIDADE DE CAF\u00c9S ESPECIAIS E N\u00c3O ESPECIAIS MENSURADA EM UMA ABORDAGEM MULTIVARIADA COM OS M\u00c9TODOS MFCAT E MFA\u201d, do mestrando Paulo Cesar Ossani; orientador: professor Marcelo \u00c2ngelo Cirillo.<\/p>\n<p><strong>CI\u00caNCIA DOS ALIMENTOS<\/strong><\/p>\n<p>\u201cDESENVOLVIMENTO E AVALIA\u00c7\u00c3O DA PRODU\u00c7\u00c3O DE \u00c1CIDOS ORG\u00c2NICOS PRODUZIDOS UTILIZANDO POLPA DE CAF\u00c9 E FARINHA DE MARACUJ\u00c1\u201d, mestranda Maysa Costa Alves; orientador: professor Jos\u00e9 Carlos Pimenta<\/p>\n<p>\u201cPLATAFORMA DIGITAL PARA AVALIA\u00c7\u00c3O F\u00cdSICA DE CAF\u00c9S (Coffea ar\u00e1bica L.) DE DIFERENTES COLORA\u00c7\u00d5ES\u201d, da mestranda Emanuelle Morais de Oliveira; orientadora: professora Rosemary Gualberto Fonseca Alvarenga Pereira<\/p>\n<p><strong>ADMINISTRA\u00c7\u00c3O<\/strong><\/p>\n<p>\u201cAN\u00c1LISE DE COMPETITIVIDADE ENTRE BRASIL E COL\u00d4MBIA NO MERCADO DE CAF\u00c9 AR\u00c1BICA\u201d, do mestrando Guilherme Lara Alvarenga; orientador: professor Luiz Gonzaga de Castro J\u00fanior.<\/p>\n<p>\u201cDRAWBACK DE CAF\u00c9 ROBUSTA: SOLU\u00c7\u00c3O PARA OS PROBLEMAS DE COMPETITIVIDADE ENFRENTADOS PELA IND\u00daSTRIA BRASILEIRA DE CAF\u00c9 SOL\u00daVEL?\u201d, de J\u00falio de Oliveira Barbareso; orientador: professor Luiz Gonzaga de Castro J\u00fanior.<\/p>\n<p>\u201cCAFEICULTURA BRASILEIRA: UM CEN\u00c1RIO DE 2013 E AS PRINCIPAIS TEND\u00caNCIAS PARA 2020\u201d, do mestrando Fernando Rezende Silva Neves Rati; orientador: professor Cl\u00e9ber Carvalho de Castro.<\/p>\n<p><strong>FISIOLOGIA VEGETAL<\/strong><\/p>\n<p>\u201cAVALIA\u00c7\u00d5ES ULTRAESTRUTURAIS E FISIOL\u00d3GICAS DE PED\u00daNCULOS E FRUTOS DE CAF\u00c9 COM DIFERENTES FOR\u00c7AS DE DESPRENDIMENTO DO RAMO\u201d, da doutoranda Isabel Rodrigues Brand\u00e3o; orientador: professor Jos\u00e9 Donizeti Alves.<\/p>\n<h5>\u00a0Marina Botelho \u2013 bolsista Rede Caf\u00e9\/Cons\u00f3rcio Pesquisa Caf\u00e9.<\/h5>\n","protected":false},"excerpt":{"rendered":"<p>A cada ano, a Universidade Federal de Lavras (UFLA) consolida-se como refer\u00eancia em ensino, pesquisa e extens\u00e3o voltados ao sistema agroindustrial dos caf\u00e9s do Brasil. Prova disso \u00e9 o elevado n\u00famero de projetos de pesquisa que t\u00eam o caf\u00e9 como tema, resultando em diversas defesas de Mestrado e Doutorado vinculadas a diferentes Programas de P\u00f3s-Gradua\u00e7\u00e3o. &hellip; <a href=\"https:\/\/www.ufla.br\/dcom\/2015\/02\/25\/80148\/\" class=\"more-link\">Continue lendo <span class=\"screen-reader-text\">CAF\u00c9: semana encerra temporada de defesas de disserta\u00e7\u00f5es e teses na UFLA<\/span> <span class=\"meta-nav\">&rarr;<\/span><\/a><\/p>\n","protected":false},"author":11,"featured_media":0,"comment_status":"closed","ping_status":"closed","sticky":false,"template":"","format":"standard","meta":{"ngg_post_thumbnail":0,"footnotes":""},"categories":[1,10],"tags":[168,270],"class_list":["post-80148","post","type-post","status-publish","format-standard","hentry","category-noticias","category-menores","tag-cafe","tag-cafeicultura"],"_links":{"self":[{"href":"https:\/\/www.ufla.br\/dcom\/wp-json\/wp\/v2\/posts\/80148","targetHints":{"allow":["GET"]}}],"collection":[{"href":"https:\/\/www.ufla.br\/dcom\/wp-json\/wp\/v2\/posts"}],"about":[{"href":"https:\/\/www.ufla.br\/dcom\/wp-json\/wp\/v2\/types\/post"}],"author":[{"embeddable":true,"href":"https:\/\/www.ufla.br\/dcom\/wp-json\/wp\/v2\/users\/11"}],"replies":[{"embeddable":true,"href":"https:\/\/www.ufla.br\/dcom\/wp-json\/wp\/v2\/comments?post=80148"}],"version-history":[{"count":5,"href":"https:\/\/www.ufla.br\/dcom\/wp-json\/wp\/v2\/posts\/80148\/revisions"}],"predecessor-version":[{"id":80193,"href":"https:\/\/www.ufla.br\/dcom\/wp-json\/wp\/v2\/posts\/80148\/revisions\/80193"}],"wp:attachment":[{"href":"https:\/\/www.ufla.br\/dcom\/wp-json\/wp\/v2\/media?parent=80148"}],"wp:term":[{"taxonomy":"category","embeddable":true,"href":"https:\/\/www.ufla.br\/dcom\/wp-json\/wp\/v2\/categories?post=80148"},{"taxonomy":"post_tag","embeddable":true,"href":"https:\/\/www.ufla.br\/dcom\/wp-json\/wp\/v2\/tags?post=80148"}],"curies":[{"name":"wp","href":"https:\/\/api.w.org\/{rel}","templated":true}]}}