{"id":7814,"date":"2011-11-25T16:20:24","date_gmt":"2011-11-25T19:20:24","guid":{"rendered":"http:\/\/www.ufla.br\/ascom\/?p=7814"},"modified":"2011-12-01T08:32:43","modified_gmt":"2011-12-01T11:32:43","slug":"eleicao-para-dce-e-centros-academicos-sera-nos-dias-29-e-30","status":"publish","type":"post","link":"https:\/\/www.ufla.br\/dcom\/2011\/11\/25\/eleicao-para-dce-e-centros-academicos-sera-nos-dias-29-e-30\/","title":{"rendered":"Elei\u00e7\u00e3o para DCE e Centros Acad\u00eamicos ser\u00e1 nos dias 29 e 30"},"content":{"rendered":"<h6>Cibele Aguiar<\/h6>\n<p><a href=\"http:\/\/www.ufla.br\/ascom\/wp-content\/uploads\/2011\/11\/25.11-elei\u00e7\u00f5es-DCE.jpg\"><img loading=\"lazy\" decoding=\"async\" class=\"alignleft size-medium wp-image-7815\" title=\"25.11 elei\u00e7\u00f5es DCE\" src=\"http:\/\/www.ufla.br\/ascom\/wp-content\/uploads\/2011\/11\/25.11-elei\u00e7\u00f5es-DCE-300x198.jpg\" alt=\"\" width=\"300\" height=\"198\" srcset=\"https:\/\/www.ufla.br\/dcom\/wp-content\/uploads\/2011\/11\/25.11-elei\u00e7\u00f5es-DCE-300x198.jpg 300w, https:\/\/www.ufla.br\/dcom\/wp-content\/uploads\/2011\/11\/25.11-elei\u00e7\u00f5es-DCE.jpg 303w\" sizes=\"auto, (max-width: 300px) 100vw, 300px\" \/><\/a>Estudantes de 19 cursos de gradua\u00e7\u00e3o da Universidade Federal de Lavras (UFLA) dever\u00e3o eleger os novos representantes do Diret\u00f3rio Central dos Estudantes (DCE) e os membros da diretoria dos Centros Acad\u00eamicos (CA\u2019s) para a gest\u00e3o 2012. A vota\u00e7\u00e3o ser\u00e1 realizada nos dias 29 e 30 de novembro (pr\u00f3xima quarta e quinta-feira), das 8 \u00e0s 21 horas, na Cantina Central do c\u00e2mpus e em outros locais estabelecidos pela Comiss\u00e3o Eleitoral, respons\u00e1vel pela organiza\u00e7\u00e3o do processo.<\/p>\n<p>Podem votar todos os estudantes de gradua\u00e7\u00e3o regularmente matriculados nos cursos presenciais da UFLA, de acordo com listagem fornecida pela Diretoria de Registro e Controle Acad\u00eamico (DRCA). O eleitor dever\u00e1 apresentar a Carteira de Estudante ou qualquer outro documento oficial de identifica\u00e7\u00e3o com foto. As mesas de vota\u00e7\u00e3o ser\u00e3o compostas por membros da Comiss\u00e3o Eleitoral.<\/p>\n<p>A apura\u00e7\u00e3o do resultado da elei\u00e7\u00e3o ser\u00e1 realizada nas depend\u00eancias do DCE\/UFLA pela Comiss\u00e3o Eleitoral e na presen\u00e7a de um representante de cada chapa, devendo o resultado ser encaminhado \u00e0 Reitoria da Universidade no dia 2 de dezembro. A posse dos membros e diretorias eleitas se dar\u00e1 no primeiro dia letivo de 2012.<\/p>\n<p>Para a composi\u00e7\u00e3o do DCE s\u00e3o duas chapas inscritas: Centen\u00e1ria e Ascender. Ambas desenvolvem a campanha com a utiliza\u00e7\u00e3o das redes sociais, apresentando as propostas no Facebook, em perfil pr\u00f3prio. Tamb\u00e9m foi realizado na quarta-feira (23) um debate entre os representantes das chapas.\u00a0<\/p>\n<p>Para visualizar o perfil da Chapa Centen\u00e1ria <a href=\"http:\/\/www.facebook.com\/pages\/UFLA-Universidade-Federal-de-Lavras\/157846814289104#!\/centenaria\">clique aqui <\/a><\/p>\n<p>Para visualizar o perfil da Chapa Ascender <a href=\"http:\/\/www.facebook.com\/pages\/UFLA-Universidade-Federal-de-Lavras\/157846814289104#!\/chapaascender?sk=info\">clique aqui\u00a0<\/a><\/p>\n<p>&nbsp;<\/p>\n","protected":false},"excerpt":{"rendered":"<p>Estudantes de 19 cursos de gradua\u00e7\u00e3o da Universidade Federal de Lavras (UFLA) dever\u00e3o eleger os novos representantes do Diret\u00f3rio Central dos Estudantes (DCE) e os membros da diretoria dos Centros Acad\u00eamicos (CA\u2019s) para a gest\u00e3o 2012. (&#8230;)<\/p>\n","protected":false},"author":6,"featured_media":0,"comment_status":"closed","ping_status":"closed","sticky":false,"template":"","format":"standard","meta":{"ngg_post_thumbnail":0,"footnotes":""},"categories":[1],"tags":[],"class_list":["post-7814","post","type-post","status-publish","format-standard","hentry","category-noticias"],"_links":{"self":[{"href":"https:\/\/www.ufla.br\/dcom\/wp-json\/wp\/v2\/posts\/7814","targetHints":{"allow":["GET"]}}],"collection":[{"href":"https:\/\/www.ufla.br\/dcom\/wp-json\/wp\/v2\/posts"}],"about":[{"href":"https:\/\/www.ufla.br\/dcom\/wp-json\/wp\/v2\/types\/post"}],"author":[{"embeddable":true,"href":"https:\/\/www.ufla.br\/dcom\/wp-json\/wp\/v2\/users\/6"}],"replies":[{"embeddable":true,"href":"https:\/\/www.ufla.br\/dcom\/wp-json\/wp\/v2\/comments?post=7814"}],"version-history":[{"count":2,"href":"https:\/\/www.ufla.br\/dcom\/wp-json\/wp\/v2\/posts\/7814\/revisions"}],"predecessor-version":[{"id":7918,"href":"https:\/\/www.ufla.br\/dcom\/wp-json\/wp\/v2\/posts\/7814\/revisions\/7918"}],"wp:attachment":[{"href":"https:\/\/www.ufla.br\/dcom\/wp-json\/wp\/v2\/media?parent=7814"}],"wp:term":[{"taxonomy":"category","embeddable":true,"href":"https:\/\/www.ufla.br\/dcom\/wp-json\/wp\/v2\/categories?post=7814"},{"taxonomy":"post_tag","embeddable":true,"href":"https:\/\/www.ufla.br\/dcom\/wp-json\/wp\/v2\/tags?post=7814"}],"curies":[{"name":"wp","href":"https:\/\/api.w.org\/{rel}","templated":true}]}}