{"id":7801,"date":"2011-11-25T16:21:14","date_gmt":"2011-11-25T19:21:14","guid":{"rendered":"http:\/\/www.ufla.br\/ascom\/?p=7801"},"modified":"2011-11-30T08:23:40","modified_gmt":"2011-11-30T11:23:40","slug":"escolha-do-reitor-e-vice-reitor-sera-nesta-terca-feira-29","status":"publish","type":"post","link":"https:\/\/www.ufla.br\/dcom\/2011\/11\/25\/escolha-do-reitor-e-vice-reitor-sera-nesta-terca-feira-29\/","title":{"rendered":"Escolha do reitor e vice-reitor ser\u00e1 nesta ter\u00e7a-feira (29)"},"content":{"rendered":"<h6>Cibele Aguiar<\/h6>\n<p><a href=\"http:\/\/www.ufla.br\/ascom\/wp-content\/uploads\/2011\/11\/25.11-imagem-elei\u00e7\u00e3o.jpg\"><img loading=\"lazy\" decoding=\"async\" class=\"alignleft size-medium wp-image-7802\" title=\"25.11 imagem elei\u00e7\u00e3o\" src=\"http:\/\/www.ufla.br\/ascom\/wp-content\/uploads\/2011\/11\/25.11-imagem-elei\u00e7\u00e3o-300x208.jpg\" alt=\"\" width=\"300\" height=\"208\" srcset=\"https:\/\/www.ufla.br\/dcom\/wp-content\/uploads\/2011\/11\/25.11-imagem-elei\u00e7\u00e3o-300x208.jpg 300w, https:\/\/www.ufla.br\/dcom\/wp-content\/uploads\/2011\/11\/25.11-imagem-elei\u00e7\u00e3o-1024x713.jpg 1024w, https:\/\/www.ufla.br\/dcom\/wp-content\/uploads\/2011\/11\/25.11-imagem-elei\u00e7\u00e3o.jpg 1697w\" sizes=\"auto, (max-width: 300px) 100vw, 300px\" \/><\/a>A Universidade Federal de Lavras (UFLA) realiza na pr\u00f3xima ter\u00e7a-feira, 29 de novembro, uma consulta \u00e0 comunidade universit\u00e1ria para a escolha do reitor e vice-reitor. A vota\u00e7\u00e3o ser\u00e1 na Cantina Central da Universidade, das 8 \u00e0s 23 horas. A apura\u00e7\u00e3o dos votos e divulga\u00e7\u00e3o do resultado ser\u00e1 na quarta-feira (30).<\/p>\n<p>Foram homologadas as inscri\u00e7\u00f5es de duas chapas de candidatos a reitor e vice-reitor da UFLA para o per\u00edodo 2012-2016.<\/p>\n<p>Por ordem de inscri\u00e7\u00e3o:<\/p>\n<p>CHAPA 1: <em>Participa\u00e7\u00e3o e Equil\u00edbrio na Diversidade<\/em>, composta pelos candidatos\u00a0<strong>Jos\u00e9 Tarcisio Lima<\/strong> (reitor) e <strong>Maria das Gra\u00e7as Paula<\/strong> (vice-reitora).<\/p>\n<p>CHAPA 2: <em>Unir, Valorizar e Avan\u00e7ar<\/em>, composta pelos candidatos<strong> Jos\u00e9 Roberto Scolforo<\/strong> (reitor) e <strong>\u00c9dila Vilela de Resende von Pinho<\/strong> (vice-reitora).<\/p>\n<p>Todos os docentes e t\u00e9cnicos administrativos em efetivo exerc\u00edcio, bem como todos os discentes de gradua\u00e7\u00e3o e p\u00f3s-gradua\u00e7\u00e3o regularmente matriculados em cursos presenciais ter\u00e3o direito a voto. A participa\u00e7\u00e3o de todos fortalece o esp\u00edrito democr\u00e1tico que deve nortear a escolha dos dirigentes e representantes m\u00e1ximos da Institui\u00e7\u00e3o.<\/p>\n<p>O processo de consulta \u00e0 comunidade est\u00e1 sendo conduzido por uma Comiss\u00e3o Eleitoral, homologada pelo Col\u00e9gio Eleitoral da UFLA em reuni\u00e3o do dia 25 de agosto de 2011, tendo em vista a <a href=\"http:\/\/www.ufla.br\/eleicoes2011\/wp-content\/uploads\/2011\/10\/Resolu\u00e7ao-conjuta-001-2010-CEPE-CUNI.pdf\">resolu\u00e7\u00e3o conjunta CUNI\/CEPE N\u00ba001, de 7 de abril de 2010<\/a>.<\/p>\n","protected":false},"excerpt":{"rendered":"<p>A Universidade Federal de Lavras (UFLA) realiza na pr\u00f3xima ter\u00e7a-feira, 29 de novembro, uma consulta \u00e0 comunidade universit\u00e1ria para a escolha do reitor e vice-reitor. A vota\u00e7\u00e3o ser\u00e1 na Cantina Central da Universidade, das 8 \u00e0s 23 horas.(&#8230;)<\/p>\n","protected":false},"author":6,"featured_media":0,"comment_status":"closed","ping_status":"closed","sticky":false,"template":"","format":"standard","meta":{"ngg_post_thumbnail":0,"footnotes":""},"categories":[1],"tags":[],"class_list":["post-7801","post","type-post","status-publish","format-standard","hentry","category-noticias"],"_links":{"self":[{"href":"https:\/\/www.ufla.br\/dcom\/wp-json\/wp\/v2\/posts\/7801","targetHints":{"allow":["GET"]}}],"collection":[{"href":"https:\/\/www.ufla.br\/dcom\/wp-json\/wp\/v2\/posts"}],"about":[{"href":"https:\/\/www.ufla.br\/dcom\/wp-json\/wp\/v2\/types\/post"}],"author":[{"embeddable":true,"href":"https:\/\/www.ufla.br\/dcom\/wp-json\/wp\/v2\/users\/6"}],"replies":[{"embeddable":true,"href":"https:\/\/www.ufla.br\/dcom\/wp-json\/wp\/v2\/comments?post=7801"}],"version-history":[{"count":5,"href":"https:\/\/www.ufla.br\/dcom\/wp-json\/wp\/v2\/posts\/7801\/revisions"}],"predecessor-version":[{"id":7804,"href":"https:\/\/www.ufla.br\/dcom\/wp-json\/wp\/v2\/posts\/7801\/revisions\/7804"}],"wp:attachment":[{"href":"https:\/\/www.ufla.br\/dcom\/wp-json\/wp\/v2\/media?parent=7801"}],"wp:term":[{"taxonomy":"category","embeddable":true,"href":"https:\/\/www.ufla.br\/dcom\/wp-json\/wp\/v2\/categories?post=7801"},{"taxonomy":"post_tag","embeddable":true,"href":"https:\/\/www.ufla.br\/dcom\/wp-json\/wp\/v2\/tags?post=7801"}],"curies":[{"name":"wp","href":"https:\/\/api.w.org\/{rel}","templated":true}]}}