{"id":77769,"date":"2015-02-09T10:31:25","date_gmt":"2015-02-09T12:31:25","guid":{"rendered":"http:\/\/www.ufla.br\/ascom\/?p=77769"},"modified":"2015-02-20T09:09:22","modified_gmt":"2015-02-20T11:09:22","slug":"exposicao-itinerante-leonardo-da-vinci-maravilhas-mecanicas-permanece-no-museu-da-ufla","status":"publish","type":"post","link":"https:\/\/www.ufla.br\/dcom\/2015\/02\/09\/exposicao-itinerante-leonardo-da-vinci-maravilhas-mecanicas-permanece-no-museu-da-ufla\/","title":{"rendered":"Exposi\u00e7\u00e3o itinerante \u201cLeonardo da Vinci: Maravilhas Mec\u00e2nicas\u201d permanece no Museu da UFLA"},"content":{"rendered":"<figure id=\"attachment_77770\" aria-describedby=\"caption-attachment-77770\" style=\"width: 249px\" class=\"wp-caption alignleft\"><a href=\"http:\/\/www.ufla.br\/ascom\/wp-content\/uploads\/2015\/02\/museu.jpg\"><img loading=\"lazy\" decoding=\"async\" class=\"size-medium wp-image-77770\" src=\"http:\/\/www.ufla.br\/ascom\/wp-content\/uploads\/2015\/02\/museu-249x166.jpg\" alt=\"Exposi\u00e7\u00e3o segue at\u00e9 maio no c\u00e2mpus hist\u00f3rico da UFLA. N\u00e3o perca essa oportunidade!\" width=\"249\" height=\"166\" srcset=\"https:\/\/www.ufla.br\/dcom\/wp-content\/uploads\/2015\/02\/museu-249x166.jpg 249w, https:\/\/www.ufla.br\/dcom\/wp-content\/uploads\/2015\/02\/museu-612x408.jpg 612w, https:\/\/www.ufla.br\/dcom\/wp-content\/uploads\/2015\/02\/museu.jpg 900w\" sizes=\"auto, (max-width: 249px) 100vw, 249px\" \/><\/a><figcaption id=\"caption-attachment-77770\" class=\"wp-caption-text\">Exposi\u00e7\u00e3o segue at\u00e9 maio no c\u00e2mpus hist\u00f3rico da UFLA. N\u00e3o perca essa oportunidade!<\/figcaption><\/figure>\n<p>\u201c<a href=\"http:\/\/www.mast.br\/exposicoes_hotsites\/exposicao_itinerante_leonardo_da_vinci\/index.html\"><strong>Leonardo da Vinci: Maravilhas Mec\u00e2nicas\u201d<\/strong><\/a> segue em exposi\u00e7\u00e3o no Museu Bi Moreira, no C\u00e2mpus Hist\u00f3rico da Universidade Federal de Lavras (UFLA), at\u00e9 o dia 29 de maio. Pela primeira vez em Lavras, a mostra itinerante simbolizada pelos quatro elementos da natureza (ar, \u00e1gua, fogo e terra) est\u00e1 com ampla repercuss\u00e3o na cidade.<\/p>\n<p>A partir dessa visita \u00e9 poss\u00edvel conhecer a complexidade de um dos maiores g\u00eanios da Humanidade, considerado revolucion\u00e1rio no seu tempo e amplamente reconhecido por todas as gera\u00e7\u00f5es. A mostra apresenta os inventos de Leonardo da Vinci por meio de maquetes, juntamente com seus respectivos esbo\u00e7os e desenhos, como o conceito do helic\u00f3ptero e da ponte girat\u00f3ria.<\/p>\n<p>A exposi\u00e7\u00e3o \u00e9 gratuita, com funcionamento de segunda a sexta-feira, das<strong>\u00a0<\/strong>9 \u00e0s 12 horas e das 14 \u00e0s 18 horas. Os educadores que desejam conceder esse privil\u00e9gio aos seus alunos podem agendar uma visita escolar por meio do telefone (35) 3829 \u2013 1205.<\/p>\n<p>\u201c<a href=\"http:\/\/www.mast.br\/exposicoes_hotsites\/exposicao_itinerante_leonardo_da_vinci\/index.html\"><strong>Leonardo da Vinci: Maravilhas Mec\u00e2nicas\u201d<\/strong><\/a> foi concebida pela Coordena\u00e7\u00e3o de\u00a0<a href=\"http:\/\/www.mast.br\/museologia.html\"><strong>Museologia do Museu de Astronomia e Ci\u00eancias Afins (MAST)<\/strong><\/a>, vinculada ao\u00a0Minist\u00e9rio da Ci\u00eancia, Tecnologia e Inova\u00e7\u00e3o (MCTI). A exposi\u00e7\u00e3o em Lavras \u00e9 uma realiza\u00e7\u00e3o da Pr\u00f3-Reitoria de Extens\u00e3o e Cultura (Proec \u2013 UFLA) \/ Coordenadoria de Museus e Patrim\u00f4nio Hist\u00f3rico (CMPH-UFLA).<\/p>\n<p>Camila Caetano &#8211; jornalista bolsista\/UFLA<\/p>\n","protected":false},"excerpt":{"rendered":"<p>\u201cLeonardo da Vinci: Maravilhas Mec\u00e2nicas\u201d segue em exposi\u00e7\u00e3o no Museu Bi Moreira, no C\u00e2mpus Hist\u00f3rico da Universidade Federal de Lavras (UFLA), at\u00e9 o dia 29 de maio. Pela primeira vez em Lavras, a mostra itinerante simbolizada pelos quatro elementos da natureza (ar, \u00e1gua, fogo e terra) est\u00e1 com ampla repercuss\u00e3o na cidade. A partir dessa &hellip; <a href=\"https:\/\/www.ufla.br\/dcom\/2015\/02\/09\/exposicao-itinerante-leonardo-da-vinci-maravilhas-mecanicas-permanece-no-museu-da-ufla\/\" class=\"more-link\">Continue lendo <span class=\"screen-reader-text\">Exposi\u00e7\u00e3o itinerante \u201cLeonardo da Vinci: Maravilhas Mec\u00e2nicas\u201d permanece no Museu da UFLA<\/span> <span class=\"meta-nav\">&rarr;<\/span><\/a><\/p>\n","protected":false},"author":9,"featured_media":0,"comment_status":"closed","ping_status":"closed","sticky":false,"template":"","format":"standard","meta":{"ngg_post_thumbnail":0,"footnotes":""},"categories":[1,10],"tags":[71,241,506],"class_list":["post-77769","post","type-post","status-publish","format-standard","hentry","category-noticias","category-menores","tag-cultura","tag-exposicao","tag-museus"],"_links":{"self":[{"href":"https:\/\/www.ufla.br\/dcom\/wp-json\/wp\/v2\/posts\/77769","targetHints":{"allow":["GET"]}}],"collection":[{"href":"https:\/\/www.ufla.br\/dcom\/wp-json\/wp\/v2\/posts"}],"about":[{"href":"https:\/\/www.ufla.br\/dcom\/wp-json\/wp\/v2\/types\/post"}],"author":[{"embeddable":true,"href":"https:\/\/www.ufla.br\/dcom\/wp-json\/wp\/v2\/users\/9"}],"replies":[{"embeddable":true,"href":"https:\/\/www.ufla.br\/dcom\/wp-json\/wp\/v2\/comments?post=77769"}],"version-history":[{"count":1,"href":"https:\/\/www.ufla.br\/dcom\/wp-json\/wp\/v2\/posts\/77769\/revisions"}],"predecessor-version":[{"id":77771,"href":"https:\/\/www.ufla.br\/dcom\/wp-json\/wp\/v2\/posts\/77769\/revisions\/77771"}],"wp:attachment":[{"href":"https:\/\/www.ufla.br\/dcom\/wp-json\/wp\/v2\/media?parent=77769"}],"wp:term":[{"taxonomy":"category","embeddable":true,"href":"https:\/\/www.ufla.br\/dcom\/wp-json\/wp\/v2\/categories?post=77769"},{"taxonomy":"post_tag","embeddable":true,"href":"https:\/\/www.ufla.br\/dcom\/wp-json\/wp\/v2\/tags?post=77769"}],"curies":[{"name":"wp","href":"https:\/\/api.w.org\/{rel}","templated":true}]}}