{"id":76759,"date":"2014-12-17T18:06:14","date_gmt":"2014-12-17T20:06:14","guid":{"rendered":"http:\/\/www.ufla.br\/ascom\/?p=76759"},"modified":"2014-12-30T12:26:35","modified_gmt":"2014-12-30T14:26:35","slug":"fapemig-divulga-resultado-de-seis-editais-ufla-aprova-63-projetos","status":"publish","type":"post","link":"https:\/\/www.ufla.br\/dcom\/2014\/12\/17\/fapemig-divulga-resultado-de-seis-editais-ufla-aprova-63-projetos\/","title":{"rendered":"Fapemig divulga resultado de seis editais \u2013 UFLA aprova 64 projetos"},"content":{"rendered":"<p><a href=\"http:\/\/www.ufla.br\/ascom\/wp-content\/uploads\/2014\/12\/fapemigok.jpeg\"><img loading=\"lazy\" decoding=\"async\" class=\"alignleft size-medium wp-image-76766\" src=\"http:\/\/www.ufla.br\/ascom\/wp-content\/uploads\/2014\/12\/fapemigok-249x186.jpeg\" alt=\"fapemigok\" width=\"249\" height=\"186\" srcset=\"https:\/\/www.ufla.br\/dcom\/wp-content\/uploads\/2014\/12\/fapemigok-249x186.jpeg 249w, https:\/\/www.ufla.br\/dcom\/wp-content\/uploads\/2014\/12\/fapemigok.jpeg 400w\" sizes=\"auto, (max-width: 249px) 100vw, 249px\" \/><\/a>A Funda\u00e7\u00e3o de Amparo \u00e0 Pesquisa do Estado de Minas Gerais (Fapemig) divulgou nesta quarta-feira (17\/12) o resultado de seis importantes editais. Foram destinados mais de R$ 30 milh\u00f5es para financiamento de projetos de institui\u00e7\u00f5es e centros de pesquisa do Estado, entre eles, a Universidade Federal de Lavras (UFLA).<\/p>\n<p>Os pesquisadores que tiveram as propostas aprovadas dever\u00e3o atualizar seu credenciamento na Fapemig <strong>EM AT\u00c9 10 DIAS CORRIDOS<\/strong> da publica\u00e7\u00e3o dos resultados, sob pena de desclassifica\u00e7\u00e3o das propostas. D\u00favidas podem ser encaminhas para a Central de Informa\u00e7\u00f5es, pelo e-mail\u00a0<a href=\"mailto:ci@fapemig.br\">ci@fapemig.br<\/a>.<\/p>\n<p><strong>Demanda Universal (01\/2014)<\/strong><\/p>\n<p>Cerca de 800 projetos de pesquisa de todas as \u00e1reas do conhecimento ser\u00e3o financiados pela Fapemig. Os recursos ultrapassam R$ 23 milh\u00f5es e ser\u00e1 destinado \u00e0s pesquisas desenvolvidas por universidades e centros de pesquisas mineiros. O resultado pode ser visto\u00a0<a href=\"http:\/\/www.fapemig.br\/admin\/editais\/upload\/2014-01%20-%20Universal%20Aprovados.pdf\">aqui<\/a>.<\/p>\n<p>O Edital Universal oferece apoio a projetos voltados para diversas \u00e1reas do conhecimento e re\u00fane o maior volume de recursos. A modalidade se caracteriza pela liberdade dada ao pesquisador de propor seu tema, motivando-o a permanecer no Estado e, simultaneamente, cria condi\u00e7\u00f5es para aparelhar e manter os laborat\u00f3rios de pesquisa. Os projetos aprovados foram avaliados quanto ao m\u00e9rito t\u00e9cnico, cient\u00edfico, relev\u00e2ncia, estrutura\u00e7\u00e3o e adequa\u00e7\u00e3o metodol\u00f3gica, or\u00e7amento e qualifica\u00e7\u00e3o da equipe e classificadas em ordem de prioridade.<\/p>\n<p><strong>Assessoria Internacional (EDITAL 11\/2014)<\/strong><\/p>\n<p>A internacionaliza\u00e7\u00e3o \u00e9 uma a\u00e7\u00e3o estrat\u00e9gica para o est\u00edmulo e, tamb\u00e9m, para a divulga\u00e7\u00e3o da ci\u00eancia mineira internacionalmente. Este edital d\u00e1 continuidade \u00e0s a\u00e7\u00f5es da Fapemig na \u00e1rea. Nos \u00faltimos tr\u00eas anos, a Funda\u00e7\u00e3o assinou acordos com institui\u00e7\u00f5es de v\u00e1rias partes do mundo, como Canad\u00e1, Fran\u00e7a, It\u00e1lia, Cor\u00e9ia do Sul, Su\u00e9cia, Austr\u00e1lia, Mo\u00e7ambique e Estados Unidos.<\/p>\n<p>Um total de 16 projetos foram aprovados e mais de R$ 900 mil ser\u00e3o destinados \u00e0 consolida\u00e7\u00e3o das Assessorias Internacionais nas Institui\u00e7\u00f5es de Ensino Superior (IES) p\u00fablicas e em institui\u00e7\u00f5es confessionais no Estado de Minas Gerais. A Diretoria de Rela\u00e7\u00f5es Internacionais da UFLA aprovou o projeto &#8211; Sustentabilidade, Pol\u00edticas P\u00fablicas e o Desenvolvimento<\/p>\n<p>Socioecon\u00f4mico: experi\u00eancia estrangeira e avan\u00e7os transdisciplinares, coordenado pelo professor Ant\u00f4nio Chalfun J\u00fanior.<\/p>\n<p>Clique\u00a0<a href=\"http:\/\/www.fapemig.br\/admin\/editais\/upload\/2014-11%20-%20Assessoria%20Internacional%20Aprovados.pdf\">aqui\u00a0<\/a>para conferir o resultado.<\/p>\n<p><strong>Programa Dataviva (Edital 12\/2014)<\/strong><\/p>\n<p>O objetivo do edital \u00e9 financiar projetos de pesquisa cient\u00edfica, tecnol\u00f3gica e de inova\u00e7\u00e3o que utilizem a plataforma como uma das bases de informa\u00e7\u00f5es para an\u00e1lise e proposi\u00e7\u00f5es de pol\u00edticas p\u00fablicas.<\/p>\n<p>A plataforma DataViva foi desenvolvida pelo Governo de Minas como uma ferramenta estrat\u00e9gica para o desenvolvimento de pol\u00edticas p\u00fablicas. O programa tem como principais objetivos orientar as pol\u00edticas de desenvolvimento econ\u00f4mico e de atra\u00e7\u00e3o ativa, al\u00e9m de facilitar processos de decis\u00e3o de investimento. Ao todo, foram investidos R$ 500 mil e sete propostas foram aprovadas. Cliquei\u00a0<a href=\"http:\/\/www.fapemig.br\/admin\/editais\/upload\/2014-12%20-%20DATAVIVA%20Aprovados.pdf\">aqui<\/a> para ver o resultado.<\/p>\n<p><strong>Apoio a Projetos de Extens\u00e3o em Interface com a Pesquisa (07\/2014)<\/strong><\/p>\n<p>Ao todo, ser\u00e3o investidos mais de R$ 2 milh\u00f5es no financiamento das 57 propostas aprovadas. Neste edital, a UFLA teve cinco projetos aprovados. Eles t\u00eam em comum o objetivo de fortalecer a a\u00e7\u00e3o transformadora da pesquisa sobre a atual realidade social, por meio da integra\u00e7\u00e3o entre academia e comunidade. Clique\u00a0<a href=\"http:\/\/www.fapemig.br\/admin\/editais\/upload\/2014-07%20-%20Extensao%20Aprovados.pdf\">aqui\u00a0<\/a>para o resultado.\u00a0O prazo para a execu\u00e7\u00e3o dos projetos aprovados \u00e9 de no m\u00e1ximo 24 meses, contados a partir da data de assinatura do Termo de Outorga Eletr\u00f4nico.<\/p>\n<p><strong>\u00a0<\/strong><strong>Programa de Apoio a N\u00facleos Emergentes (PRONEM 18\/2013)<\/strong><\/p>\n<p>Como diz o nome do programa, a proposta \u00e9 criar, fortalecer e consolidar grupos emergentes de pesquisa em Minas Gerais. Um grupo emergente de pesquisa \u00e9 aquele formado por um conjunto de pesquisadores (m\u00ednimo de tr\u00eas doutores), de uma ou mais institui\u00e7\u00e3o, reunidos por uma linha de pesquisa comum e que, dado seu tempo de forma\u00e7\u00e3o e institui\u00e7\u00e3o de origem, ainda n\u00e3o atingiram patamar de competitividade suficiente para captar recursos de valores mais elevados. Mais de sete milh\u00f5es ser\u00e3o investidos e 22 projetos foram aprovados. O resultado pode ser conferido\u00a0<a href=\"http:\/\/www.fapemig.br\/admin\/editais\/upload\/2013-18%20-%20PRONEM%20Aprovados.pdf\">aqui<\/a>.<\/p>\n<p><strong>\u00a0<\/strong><strong>Programa Primeiros Projetos (PPP \u2013 17\/2013)<\/strong><\/p>\n<p>Apoiar \u00e0 fixa\u00e7\u00e3o de jovens pesquisadores em Minas Gerais, atrav\u00e9s do financiamento de seus projetos de pesquisa e cria\u00e7\u00e3o de novos grupos em qualquer \u00e1rea do conhecimento \u00e9 o objetivo do edital Programa Primeiros Projetos (PPP). Este ano, 212 propostas foram aprovadas, entre eles, 13 propostas s\u00e3o da UFLA.<\/p>\n<p>Neste edital ser\u00e1 investido o montante de R$ 4.993.368,21. O PPP financia um pacote b\u00e1sico de instala\u00e7\u00e3o do pesquisador na sua institui\u00e7\u00e3o de origem. Como resultado, ele ganha experi\u00eancia e fortalece seu curr\u00edculo para, posteriormente, competir nos diversos editais da Fapemig e de ag\u00eancias nacionais. O resultado pode ser visto\u00a0<a href=\"http:\/\/www.fapemig.br\/admin\/editais\/upload\/2013-17%20-%20PPP%20Aprovados.pdf\">aqui<\/a>.<\/p>\n<p><strong>Confira a lista de projetos aprovados pela UFLA no edital \u201cDemanda Universal\u201d<\/strong><\/p>\n<p><strong>\u00a0<\/strong><\/p>\n<p>\u00c9dison Jos\u00e9 Fassani &#8211; Fibra Insol\u00favel na Alimenta\u00e7\u00e3o de Frangas de Reposi\u00e7\u00e3o Submetidas \u00e1 Debicagem Convencional ou Por Infravermelho &#8211; 39.794,48<\/p>\n<p>Wilson Roberto Maluf &#8211; Sele\u00e7\u00e3o Visando \u00e0 Resist\u00eancia a Pragas e a Estresse H\u00eddrico em Tomateiro &#8211; 24.386,25<\/p>\n<p>Rafael Pio &#8211; Competi\u00e7\u00e3o de Cultivares de Pessegueiro e Ameixeira para as Condi\u00e7\u00f5es Clim\u00e1ticas do Alto do Rio Grande e Campos das Vertentes de Minas Gerais &#8211; 16.999,50<\/p>\n<p>Ricardo Rodrigues Magalh\u00e3es &#8211; Predi\u00e7\u00e3o do Comportamento Mec\u00e2nico de Cafeeiros Utilizando o M\u00e9todo dos Elementos Finitos &#8211; 10.500,00<\/p>\n<p>Antonio Eduardo Furtini Neto &#8211; Magn\u00e9sio Na Nutri\u00e7\u00e3o Mineral e sua Rela\u00e7\u00e3o com a Escaldadura em Cafeeiros (Coffea Arabica L.) Cultivados a Pleno Sol &#8211; 30.234,75<\/p>\n<p>Sanderson Lincohn Gonzaga De Oliveira &#8211; Gera\u00e7\u00e3o de Malhas H\u00edbridas para Solu\u00e7\u00f5es de Equa\u00e7\u00f5es Diferenciais Parciais por Discretiza\u00e7\u00f5es de Volumes Finitos &#8211; 6.300,00<\/p>\n<p>Thiago Fernandes Bernardes &#8211; Desenvolvimento e Avalia\u00e7\u00e3o de M\u00e9todos Laboratoriais para Caracteriza\u00e7\u00e3o de Processos Fermentativos em Silagens &#8211; 36.750,00<\/p>\n<p>Leila Aparecida Salles Pio &#8211; Indu\u00e7\u00e3o de Estresse Abi\u00f3tico In Vitro em Bananeira 24.150,00<\/p>\n<p>Paulo Fernando Trugilho &#8211; Qualidade da Madeira e do Carv\u00e3o Vegetal de Clones de Eucalyptus Sp. Plantados em Regime Adensado &#8211; 15.487,50<\/p>\n<p>Andre Luiz Zambalde &#8211; Marketing de Patentes \u00e0 Inova\u00e7\u00e3o: As Rela\u00e7\u00f5es de Marketing no Processo de Transfer\u00eancia de Tecnologia nas Universidades P\u00fablicas de Minas Gerais &#8211; 13.513,50<\/p>\n<p>Renato Luiz Grisi Macedo &#8211; Continuidade e Manuten\u00e7\u00e3o da Pesquisa de Sistemas Integrados de Produ\u00e7\u00e3o Pecu\u00e1ria &#8211; Florestas para Recupera\u00e7\u00e3o de Pastagens Degradadas &#8211; 14.892,15<\/p>\n<p>M\u00e1rvio Lob\u00e3o Teixeira de Abreu &#8211; Arginina e Amino\u00e1cidos de Cadeia Ramificada na Nutri\u00e7\u00e3o de Matrizes Su\u00ednas Hiperprol\u00edficas &#8211; 39.530,40<\/p>\n<p>Cleber Paulo Andrada Anconi &#8211; Abordagem Te\u00f3rica de Nanotubos de Ciclodextrinas &#8211; 16.555,35<\/p>\n<p>Denilson Alves Pereira &#8211; Estudo e Desenvolvimento de Solu\u00e7\u00f5es para o Problema de Resolu\u00e7\u00e3o de Entidades Descritas por Dados Textuais &#8211; 12.905,55<\/p>\n<p>Whasley Ferreira Duarte &#8211; Avalia\u00e7\u00e3o do Potencial Probi\u00f3tico de Leveduras n\u00e3o Saccharomyces e Seu Uso na Elabora\u00e7\u00e3o de Uma Bebida Fermentada de Cana-De-A\u00e7\u00facar e Abacaxi &#8211; 23.835,00<\/p>\n<p>Vanessa Rios De Souza &#8211; Desenvolvimento de Sucos de Frutas Funcionais Elaborados com Frutas do Cerrado &#8211; 24.916,50<\/p>\n<p>F\u00e1bio Akira Mori &#8211; Taninos das Cascas de Clones de Eucalyptus na Produ\u00e7\u00e3o de Adesivos Naturais &#8211; 35.910,00<\/p>\n<p>M\u00f4nica Carvalho Alves Cappelle &#8211; Planejamento De Carreira No Esporte De Alto Rendimento:<br \/>\nConstruindo Uma Nova Carreira P\u00f3s-Atleta &#8211; 34.580,07<\/p>\n<p>Luis David Solis Murgas &#8211; Curvas de Congelamento para S\u00eamen de Peixes Nativos e suas Correla\u00e7\u00f5es com os Par\u00e2metros de Qualidade Seminal &#8211; 22.507,46<\/p>\n<p>Edila Vilela De Resende Von Pinho &#8211; Indu\u00e7\u00e3o de Haploides e Confirma\u00e7\u00e3o de Duplica\u00e7\u00e3o Cromoss\u00f4mica em Milho &#8211; 33.297,01<\/p>\n<p>Gideon Carvalho De Benedicto &#8211; Rela\u00e7\u00e3o Entre Investimentos em Intang\u00edveis e a Produtividade Total de Fatores: Um Estudo do Setor Industrial Brasileiro &#8211; 14.290,50<\/p>\n<p>Cristina Lelis Leal Calegar &#8211; Avalia\u00e7\u00e3o da Atua\u00e7\u00e3o das Multinacionais como Determinante da Intensidade Inovativa das Subsidi\u00e1rias Brasileiras &#8211; 20.848,80<\/p>\n<p>Sandra Maria Pinto &#8211; Viabilidade do Uso de Extensores Proteicos na Elabora\u00e7\u00e3o de Queijos Tipo Camembert &#8211; 25.755,72<\/p>\n<p>Ronald Zanetti Bonetti Filho &#8211; Diversidade, Distribui\u00e7\u00e3o Geogr\u00e1fica e Padr\u00f5es de Distribui\u00e7\u00e3o Espacial de Formigas Cortadeiras (Hymenoptera: Formicidae) em Eucaliptais Cultivados no Cerrado E Mata Atl\u00e2ntica De Minas Gerais &#8211; 17.671,50<\/p>\n<p>Ros\u00e2ngela Alves Trist\u00e3o Bor\u00e9m &#8211; An\u00e1lise da Estrutura da Paisagem e Mapeamento das \u00c1reas de Preserva\u00e7\u00e3o Permanente do Parque Cafeeiro da Serra da Mantiqueira de Minas Gerais &#8211; 20.472,90<\/p>\n<p>Marcelo de Carvalho Alves &#8211; An\u00e1lise da Incerteza dos Produtos Lst e Et do Meteosat 10 na Superf\u00edcie de Minas Gerais por Meio de Esta\u00e7\u00f5es Climatol\u00f3gicas &#8211; 26.288,85<\/p>\n<p>Patr\u00edcia Duarte de Oliveira Paiva &#8211; An\u00e1lise da Evolu\u00e7\u00e3o Paisag\u00edstica e S\u00f3cio-Cultural de Pra\u00e7as da Regi\u00e3o da Estrada Real com \u00canfase em Cidades Hist\u00f3ricas de Minas Gerais &#8211; 19.635,00<\/p>\n<p>Rosane Freitas Schwan &#8211; Nova Tecnologia de Elabora\u00e7\u00e3o de Vinagre de Ma\u00e7\u00e3 (Malus Spp.) empregando os Gr\u00e3os de Kefir como In\u00f3culo do Processo Fermentativo e Avalia\u00e7\u00e3o da Atividade Metab\u00f3lica dos Gr\u00e3os de Kefir por Transmiss\u00e3o da Luz Laser (Biospeckle) 37.427,25<\/p>\n<p>Zuy Maria Magriotis &#8211; \u00d3xidos de C\u00e9rio e Tungst\u00eanio Suportados em Ze\u00f3lita Para a Produ\u00e7\u00e3o de Biodesel &#8211; 21.231,00<\/p>\n<p>Rubens Manoel dos Santos &#8211; Estudo Ecol\u00f3gico da Vegeta\u00e7\u00e3o Arb\u00f3rea em Regi\u00f5es de Alagamento do M\u00e9dio S\u00e3o Francisco &#8211; 31.632,63<\/p>\n<p>Moacir Pasqual &#8211; Caracteriza\u00e7\u00e3o Gen\u00e9tica, F\u00edsico-Qu\u00edmica e Propaga\u00e7\u00e3o de Acessos de Cambuci (Campomanesia Phaea) &#8211; 17.858,04<\/p>\n<p>Gustavo Henrique Denzin Tonoli Filmes Celul\u00f3sicos Nano &#8211; Estruturados para Desenvolvimento de Comp\u00f3sitos Avan\u00e7ados &#8211; 949,55<\/p>\n<p>Ana Carolina Maioli Campos Barbosa Dendroclimatologia em Florestas Sazonalmente Secas na Bacia do S\u00e3o Francisco &#8211; 25.753,52<\/p>\n<p>Cristina Ferreira Silva &#8211; Uso do Vinhoto e Baga\u00e7o Oriundos da Produ\u00e7\u00e3o de Cacha\u00e7a e Tequila como Substrato para Cultivo de Leveduras em um Conceito de Biorefinaria &#8211; 112,95<\/p>\n<p>Joziana Muniz De Paiva Bar\u00e7ante &#8211; Investiga\u00e7\u00e3o da Fauna Flebotom\u00ednica (Diptera: Psychodidae: Phlebotominae) e Aspectos Epidemiol\u00f3gicos da Leishmaniose Visceral no Munic\u00edpio de Lavras, Minas Gerais, Brasil &#8211; 45.809,06<\/p>\n<p>Jose Donizeti Alves &#8211; Avalia\u00e7\u00f5es Ultraestruturais e Fisiol\u00f3gicas de Ped\u00fanculos e Frutos de Caf\u00e9 com Diferentes For\u00e7as de Desprendimento do Ramo &#8211; 42.638,40<\/p>\n<p>Geraldo Andrade Carvalho Alcaloides de Psychotria Spp. (Rubiaceae) Bioativos para Spodoptera Frugiperda (J.E. Smith) &#8211; 34.572,30<\/p>\n<p>Lucas Del Bianco Faria &#8211; Uma An\u00e1lise Experimental do Trade-Off entre Crescer, Defender e Reproduzir e suas Consequ\u00eancias para Insetos associados a Frutos &#8211; 24.816,75<\/p>\n<p>Marcio Pozzobon Pedroso &#8211; Desenvolvimento de Metodologias para a Determina\u00e7\u00e3o de Bisfenol a em Amostras de Interesse Socioambiental por Cromatografia Gasosa Acoplada \u00e0 Espectrometria de Massas (Gc\/Ms) &#8211; 24.633,00<\/p>\n<p>Dulcin\u00e9ia De Carvalho &#8211; \u201cCandeia (Eremanthus Erythropappus): Existe a Sustentabilidade Gen\u00e9tica do Manejo Florestal?\u201d &#8211; 33.285,00<\/p>\n<p>Raimundo Vicente De Sousa &#8211; Integra\u00e7\u00e3o do Metabolismo em Su\u00ednos Alimentados com Dietas Contendo N\u00edveis Crescentes de Glicerina Bruta, na Aus\u00eancia e Presen\u00e7a ee Agonista &amp;946;- Adren\u00e9rgico &#8211; 48.284,45<\/p>\n<p>Mary Suzan Varaschin &#8211; Caracteriza\u00e7\u00e3o de Evento Imunopatol\u00f3gicos em Placenta e Soro de Caprinos Naturalmente Infectados por Neospora Caninum Utilizando M\u00e9todos Imuno-Histoqu\u00edmicos e Elisa &#8211; 33.636,78<\/p>\n<p>Julio Neil Cassa Louzada &#8211; Convers\u00e3o do Bioma Cerrado em Pastagens Introduzidas e seus Efeitos Sobre a Diversidade de Besouros Scarabaeinae &#8211; 405,00<\/p>\n<p>Natalino Calegario &#8211; Manejo Florestal de Povoamento Clonal de Cedro Australiano (Toona Ciliata M. Roem.) &#8211; 9.555,00<\/p>\n<p>Renato Ribeiro De Lima &#8211; Meta-An\u00e1lise, Redes Neurais Artificiais e Bayesian Networks na Predi\u00e7\u00e3o de Valores Energ\u00e9ticos de Alimentos &#8211; 8.400,00<\/p>\n<p>&nbsp;<\/p>\n<p>&nbsp;<\/p>\n","protected":false},"excerpt":{"rendered":"<p>A Funda\u00e7\u00e3o de Amparo \u00e0 Pesquisa do Estado de Minas Gerais (Fapemig) divulgou nesta quarta-feira (17\/12) o resultado de seis importantes editais. Foram destinados mais de R$ 30 milh\u00f5es (&#8230;)<\/p>\n","protected":false},"author":6,"featured_media":0,"comment_status":"closed","ping_status":"closed","sticky":false,"template":"","format":"standard","meta":{"ngg_post_thumbnail":0,"footnotes":""},"categories":[10],"tags":[],"class_list":["post-76759","post","type-post","status-publish","format-standard","hentry","category-menores"],"_links":{"self":[{"href":"https:\/\/www.ufla.br\/dcom\/wp-json\/wp\/v2\/posts\/76759","targetHints":{"allow":["GET"]}}],"collection":[{"href":"https:\/\/www.ufla.br\/dcom\/wp-json\/wp\/v2\/posts"}],"about":[{"href":"https:\/\/www.ufla.br\/dcom\/wp-json\/wp\/v2\/types\/post"}],"author":[{"embeddable":true,"href":"https:\/\/www.ufla.br\/dcom\/wp-json\/wp\/v2\/users\/6"}],"replies":[{"embeddable":true,"href":"https:\/\/www.ufla.br\/dcom\/wp-json\/wp\/v2\/comments?post=76759"}],"version-history":[{"count":6,"href":"https:\/\/www.ufla.br\/dcom\/wp-json\/wp\/v2\/posts\/76759\/revisions"}],"predecessor-version":[{"id":76832,"href":"https:\/\/www.ufla.br\/dcom\/wp-json\/wp\/v2\/posts\/76759\/revisions\/76832"}],"wp:attachment":[{"href":"https:\/\/www.ufla.br\/dcom\/wp-json\/wp\/v2\/media?parent=76759"}],"wp:term":[{"taxonomy":"category","embeddable":true,"href":"https:\/\/www.ufla.br\/dcom\/wp-json\/wp\/v2\/categories?post=76759"},{"taxonomy":"post_tag","embeddable":true,"href":"https:\/\/www.ufla.br\/dcom\/wp-json\/wp\/v2\/tags?post=76759"}],"curies":[{"name":"wp","href":"https:\/\/api.w.org\/{rel}","templated":true}]}}