{"id":75940,"date":"2014-12-15T15:29:36","date_gmt":"2014-12-15T17:29:36","guid":{"rendered":"http:\/\/www.ufla.br\/ascom\/?p=75940"},"modified":"2014-12-17T15:23:00","modified_gmt":"2014-12-17T17:23:00","slug":"biblioteca-universitaria-informa-sobre-horario-especial-de-atendimento","status":"publish","type":"post","link":"https:\/\/www.ufla.br\/dcom\/2014\/12\/15\/biblioteca-universitaria-informa-sobre-horario-especial-de-atendimento\/","title":{"rendered":"Biblioteca Universit\u00e1ria informa sobre hor\u00e1rio especial de atendimento"},"content":{"rendered":"<p><a href=\"http:\/\/www.ufla.br\/ascom\/wp-content\/uploads\/2014\/08\/biblioteca3.jpg\"><img loading=\"lazy\" decoding=\"async\" class=\"alignleft size-medium wp-image-52224\" src=\"http:\/\/www.ufla.br\/ascom\/wp-content\/uploads\/2014\/08\/biblioteca3-249x164.jpg\" alt=\"biblioteca\" width=\"249\" height=\"164\" srcset=\"https:\/\/www.ufla.br\/dcom\/wp-content\/uploads\/2014\/08\/biblioteca3-249x164.jpg 249w, https:\/\/www.ufla.br\/dcom\/wp-content\/uploads\/2014\/08\/biblioteca3-612x405.jpg 612w, https:\/\/www.ufla.br\/dcom\/wp-content\/uploads\/2014\/08\/biblioteca3.jpg 1106w\" sizes=\"auto, (max-width: 249px) 100vw, 249px\" \/><\/a>De dezembro a fevereiro de 2015, a <strong>Biblioteca Universit\u00e1ria da UFLA<\/strong> passar\u00e1 por altera\u00e7\u00f5es nos hor\u00e1rios de atendimento, devido aos recessos, feriados e f\u00e9rias do final de ano. Uma das altera\u00e7\u00f5es \u00e9 o atendimento aos s\u00e1bados, que ser\u00e1 interrompido de 20\/12\/2014 a 28\/2\/2015.<\/p>\n<p>No m\u00eas de dezembro, o hor\u00e1rio de atendimento sofrer\u00e1 as seguintes mudan\u00e7as: nos dias 22 e 23 (segunda e ter\u00e7a-feira), assim como em 29 e 30, ir\u00e1 das 7 \u00e0s 19 horas. De 24 a 27 (quarta-feira a s\u00e1bado) e no dia 31 (quarta-feira) n\u00e3o haver\u00e1 expediente.<\/p>\n<p>Nos tr\u00eas primeiros dias de janeiro a Biblioteca permanecer\u00e1 sem expediente. No per\u00edodo de f\u00e9rias (5\/1\/2015 a 28\/2\/2015), o atendimento ocorrer\u00e1 das 7 \u00e0s 19 horas. Neste prazo, \u00e9 v\u00e1lido lembrar que, de 16 a 18\/2, tamb\u00e9m n\u00e3o haver\u00e1 expediente, devido ao Carnaval.<\/p>\n<p>A Biblioteca retomar\u00e1 seu hor\u00e1rio normal de atendimento (7 \u00e0s 22 horas) a partir de\u00a02\/3\/2015.<\/p>\n<p><strong>Empr\u00e9stimo de f\u00e9rias<\/strong><\/p>\n<p>A <a href=\"http:\/\/www.biblioteca.ufla.br\">Biblioteca Universit\u00e1ria<\/a> disponibiliza, tradicionalmente, o servi\u00e7o de\u00a0empr\u00e9stimo de f\u00e9rias, que ser\u00e1 realizado neste ano a partir de 17 de dezembro. A data de devolu\u00e7\u00e3o, neste caso, \u00e9 prevista para o terceiro dia ap\u00f3s o in\u00edcio das aulas:\u00a04 de mar\u00e7o de 2015.<\/p>\n<p>&nbsp;<\/p>\n<table border=\"1\" width=\"600\" rules=\"all\">\n<tbody>\n<tr>\n<td><strong>\u00a0Data<\/strong><\/td>\n<td><strong>Expediente da BU<\/strong><\/td>\n<\/tr>\n<tr>\n<td>22 e 23\/12\/2014 (segunda e ter\u00e7a-feira)<\/td>\n<td>7 \u00e0s 19h<\/td>\n<\/tr>\n<tr>\n<td>24 a 27\/12\/2014 (quarta-feira a s\u00e1bado \u2013 Natal)<\/td>\n<td>N\u00e3o haver\u00e1 expediente<\/td>\n<\/tr>\n<tr>\n<td>29 e 30\/12\/2014 (segunda e ter\u00e7a-feira)<\/td>\n<td>7 \u00e0s 19h<\/td>\n<\/tr>\n<tr>\n<td>31\/12\/2014 a 3\/1\/2015 (quarta-feira a s\u00e1bado \u2013 Ano Novo)<\/td>\n<td>N\u00e3o haver\u00e1 expediente<\/td>\n<\/tr>\n<tr>\n<td>16 a 18\/2\/2015 (segunda a quarta-feira \u2013 Carnaval)<\/td>\n<td>N\u00e3o haver\u00e1 expediente<\/td>\n<\/tr>\n<tr>\n<td>5\/01 a 28\/2\/2015 (per\u00edodo de f\u00e9rias)<\/td>\n<td>7 \u00e0s 19h<\/td>\n<\/tr>\n<\/tbody>\n<\/table>\n<p>&nbsp;<\/p>\n","protected":false},"excerpt":{"rendered":"<p>De dezembro a fevereiro de 2015, a Biblioteca Universit\u00e1ria da UFLA passar\u00e1 por altera\u00e7\u00f5es nos hor\u00e1rios de atendimento, devido aos recessos, feriados e f\u00e9rias do final de ano. Uma das altera\u00e7\u00f5es \u00e9 o atendimento aos s\u00e1bados, que ser\u00e1 interrompido de 20\/12\/2014 a 28\/2\/2015. No m\u00eas de dezembro, o hor\u00e1rio de atendimento sofrer\u00e1 as seguintes mudan\u00e7as: &hellip; <a href=\"https:\/\/www.ufla.br\/dcom\/2014\/12\/15\/biblioteca-universitaria-informa-sobre-horario-especial-de-atendimento\/\" class=\"more-link\">Continue lendo <span class=\"screen-reader-text\">Biblioteca Universit\u00e1ria informa sobre hor\u00e1rio especial de atendimento<\/span> <span class=\"meta-nav\">&rarr;<\/span><\/a><\/p>\n","protected":false},"author":8,"featured_media":0,"comment_status":"closed","ping_status":"closed","sticky":false,"template":"","format":"standard","meta":{"ngg_post_thumbnail":0,"footnotes":""},"categories":[1,10],"tags":[418],"class_list":["post-75940","post","type-post","status-publish","format-standard","hentry","category-noticias","category-menores","tag-biblioteca"],"_links":{"self":[{"href":"https:\/\/www.ufla.br\/dcom\/wp-json\/wp\/v2\/posts\/75940","targetHints":{"allow":["GET"]}}],"collection":[{"href":"https:\/\/www.ufla.br\/dcom\/wp-json\/wp\/v2\/posts"}],"about":[{"href":"https:\/\/www.ufla.br\/dcom\/wp-json\/wp\/v2\/types\/post"}],"author":[{"embeddable":true,"href":"https:\/\/www.ufla.br\/dcom\/wp-json\/wp\/v2\/users\/8"}],"replies":[{"embeddable":true,"href":"https:\/\/www.ufla.br\/dcom\/wp-json\/wp\/v2\/comments?post=75940"}],"version-history":[{"count":3,"href":"https:\/\/www.ufla.br\/dcom\/wp-json\/wp\/v2\/posts\/75940\/revisions"}],"predecessor-version":[{"id":75943,"href":"https:\/\/www.ufla.br\/dcom\/wp-json\/wp\/v2\/posts\/75940\/revisions\/75943"}],"wp:attachment":[{"href":"https:\/\/www.ufla.br\/dcom\/wp-json\/wp\/v2\/media?parent=75940"}],"wp:term":[{"taxonomy":"category","embeddable":true,"href":"https:\/\/www.ufla.br\/dcom\/wp-json\/wp\/v2\/categories?post=75940"},{"taxonomy":"post_tag","embeddable":true,"href":"https:\/\/www.ufla.br\/dcom\/wp-json\/wp\/v2\/tags?post=75940"}],"curies":[{"name":"wp","href":"https:\/\/api.w.org\/{rel}","templated":true}]}}