{"id":74464,"date":"2014-11-26T08:55:54","date_gmt":"2014-11-26T10:55:54","guid":{"rendered":"http:\/\/www.ufla.br\/ascom\/?p=74464"},"modified":"2014-11-28T17:37:56","modified_gmt":"2014-11-28T19:37:56","slug":"biblioteca-universitaria-realiza-i-encontro-sobre-pesquisa-cientifica-e-base-de-dados-inscreva-se","status":"publish","type":"post","link":"https:\/\/www.ufla.br\/dcom\/2014\/11\/26\/biblioteca-universitaria-realiza-i-encontro-sobre-pesquisa-cientifica-e-base-de-dados-inscreva-se\/","title":{"rendered":"Biblioteca Universit\u00e1ria realiza I Encontro sobre Pesquisa Cient\u00edfica e Base de Dados \u2013 inscreva-se"},"content":{"rendered":"<p><a href=\"http:\/\/www.ufla.br\/ascom\/wp-content\/uploads\/2014\/11\/29.11-biblioteca1-249x159.jpg\"><img loading=\"lazy\" decoding=\"async\" class=\"alignleft size-full wp-image-74465\" src=\"http:\/\/www.ufla.br\/ascom\/wp-content\/uploads\/2014\/11\/29.11-biblioteca1-249x159.jpg\" alt=\"29.11-biblioteca1-249x159\" width=\"249\" height=\"159\" \/><\/a>No dia 27 de novembro, quinta-feira, acontecer\u00e1 o I Encontro sobre Pesquisa Cient\u00edfica e Base de Dados, promovido pela Biblioteca Universit\u00e1ria. O evento conta com a apresenta\u00e7\u00e3o de dois editores de bases de dados de repercuss\u00e3o internacional,\u00a0oficina que explica os recursos do Reposit\u00f3rio Institucional da UFLA e ainda,\u00a0palestra sobre fontes de informa\u00e7\u00e3o e \u00a0normaliza\u00e7\u00e3o de trabalhos acad\u00eamicos. O evento ter\u00e1 in\u00edcio \u00e0s 9 horas, no anfiteatro da Biblioteca Universit\u00e1ria.<\/p>\n<p>Confira a programa\u00e7\u00e3o:<\/p>\n<p><strong>9 horas \u2013 Aprendendo a depositar artigos cient\u00edficos no Reposit\u00f3rio Institucional da UFLA (100 vagas)<\/strong><br \/>\nEliana J. Bernardes \u2013 Bibliotec\u00e1ria &#8211; Documentalista<br \/>\n<strong>13 horas \u2013 Recursos informacionais EBSCO (100 vagas)<\/strong><br \/>\nAnt\u00f4nio Ribeiro \u2013 Account Manager<br \/>\n<strong>15 horas \u2013 Conhecendo a Base de Dados J. Wiley (100 vagas)<\/strong><br \/>\nJo\u00e3o Ricardo Abreu &#8211;\u00a0Account Manager<br \/>\n<strong>19 horas \u2013 Normaliza\u00e7\u00e3o de trabalhos acad\u00eamicos (100 vagas)<\/strong><br \/>\nFernanda Vasconcelos Amaral \u00a0&#8211; Bibliotec\u00e1ria &#8211; Documentalista<\/p>\n<p>As inscri\u00e7\u00f5es devem ser realizadas por meio do\u00a0<a href=\"https:\/\/sig.ufla.br\/modulos\/publico\/eventos\/index.php\">SIGUFLA<\/a>.<\/p>\n<p>&nbsp;<\/p>\n","protected":false},"excerpt":{"rendered":"<p>No dia 27 de novembro, quinta-feira, acontecer\u00e1 o I Encontro sobre Pesquisa Cient\u00edfica e Base de Dados, promovido pela Biblioteca Universit\u00e1ria. O evento conta com a apresenta\u00e7\u00e3o de dois editores de bases de dados de repercuss\u00e3o internacional,\u00a0oficina que explica os recursos do Reposit\u00f3rio Institucional da UFLA e ainda,\u00a0palestra sobre fontes de informa\u00e7\u00e3o e \u00a0normaliza\u00e7\u00e3o de &hellip; <a href=\"https:\/\/www.ufla.br\/dcom\/2014\/11\/26\/biblioteca-universitaria-realiza-i-encontro-sobre-pesquisa-cientifica-e-base-de-dados-inscreva-se\/\" class=\"more-link\">Continue lendo <span class=\"screen-reader-text\">Biblioteca Universit\u00e1ria realiza I Encontro sobre Pesquisa Cient\u00edfica e Base de Dados \u2013 inscreva-se<\/span> <span class=\"meta-nav\">&rarr;<\/span><\/a><\/p>\n","protected":false},"author":6,"featured_media":0,"comment_status":"closed","ping_status":"closed","sticky":false,"template":"","format":"standard","meta":{"ngg_post_thumbnail":0,"footnotes":""},"categories":[1,10],"tags":[418],"class_list":["post-74464","post","type-post","status-publish","format-standard","hentry","category-noticias","category-menores","tag-biblioteca"],"_links":{"self":[{"href":"https:\/\/www.ufla.br\/dcom\/wp-json\/wp\/v2\/posts\/74464","targetHints":{"allow":["GET"]}}],"collection":[{"href":"https:\/\/www.ufla.br\/dcom\/wp-json\/wp\/v2\/posts"}],"about":[{"href":"https:\/\/www.ufla.br\/dcom\/wp-json\/wp\/v2\/types\/post"}],"author":[{"embeddable":true,"href":"https:\/\/www.ufla.br\/dcom\/wp-json\/wp\/v2\/users\/6"}],"replies":[{"embeddable":true,"href":"https:\/\/www.ufla.br\/dcom\/wp-json\/wp\/v2\/comments?post=74464"}],"version-history":[{"count":1,"href":"https:\/\/www.ufla.br\/dcom\/wp-json\/wp\/v2\/posts\/74464\/revisions"}],"predecessor-version":[{"id":74466,"href":"https:\/\/www.ufla.br\/dcom\/wp-json\/wp\/v2\/posts\/74464\/revisions\/74466"}],"wp:attachment":[{"href":"https:\/\/www.ufla.br\/dcom\/wp-json\/wp\/v2\/media?parent=74464"}],"wp:term":[{"taxonomy":"category","embeddable":true,"href":"https:\/\/www.ufla.br\/dcom\/wp-json\/wp\/v2\/categories?post=74464"},{"taxonomy":"post_tag","embeddable":true,"href":"https:\/\/www.ufla.br\/dcom\/wp-json\/wp\/v2\/tags?post=74464"}],"curies":[{"name":"wp","href":"https:\/\/api.w.org\/{rel}","templated":true}]}}