{"id":74459,"date":"2014-11-26T08:31:34","date_gmt":"2014-11-26T10:31:34","guid":{"rendered":"http:\/\/www.ufla.br\/ascom\/?p=74459"},"modified":"2014-12-02T15:50:22","modified_gmt":"2014-12-02T17:50:22","slug":"equipe-da-ufla-e-destaque-no-estadual-de-ginastica-aerobica-e-participa-do-sul-americano","status":"publish","type":"post","link":"https:\/\/www.ufla.br\/dcom\/2014\/11\/26\/equipe-da-ufla-e-destaque-no-estadual-de-ginastica-aerobica-e-participa-do-sul-americano\/","title":{"rendered":"Equipe da UFLA \u00e9 destaque no Estadual de Gin\u00e1stica Aer\u00f3bica e participa do Sul-Americano"},"content":{"rendered":"<p><a href=\"http:\/\/www.ufla.br\/ascom\/wp-content\/uploads\/2014\/11\/campeonato-estadual-ginastica-aerobica-2014.jpg\"><img loading=\"lazy\" decoding=\"async\" class=\"alignleft size-medium wp-image-74460\" src=\"http:\/\/www.ufla.br\/ascom\/wp-content\/uploads\/2014\/11\/campeonato-estadual-ginastica-aerobica-2014-249x166.jpg\" alt=\"campeonato-estadual-ginastica-aerobica-2014\" width=\"249\" height=\"166\" srcset=\"https:\/\/www.ufla.br\/dcom\/wp-content\/uploads\/2014\/11\/campeonato-estadual-ginastica-aerobica-2014-249x166.jpg 249w, https:\/\/www.ufla.br\/dcom\/wp-content\/uploads\/2014\/11\/campeonato-estadual-ginastica-aerobica-2014-612x408.jpg 612w, https:\/\/www.ufla.br\/dcom\/wp-content\/uploads\/2014\/11\/campeonato-estadual-ginastica-aerobica-2014.jpg 960w\" sizes=\"auto, (max-width: 249px) 100vw, 249px\" \/><\/a>A equipe da UFLA consolida o Estado de Minas Gerais como uma pot\u00eancia na Gin\u00e1stica Aer\u00f3bica. Participando do Campeonato Estadual da modalidade em Belo Horizonte, no dia 15, o grupo conquistou tr\u00eas medalhas de ouro, tr\u00eas pratas, um bronze e ainda um importante 5\u00ba lugar.<\/p>\n<p>Al\u00e9m dos atletas, tamb\u00e9m compuseram a equipe no Campeonato Estadual a professora L\u00edvia Pacheco (\u00e1rbitro), o professor Luiz Henrique Maciel (t\u00e9cnico e \u00e1rbitro), o professor Felipe Lasmar (auxiliar t\u00e9cnico) e a estudante Let\u00edcia Dias (auxiliar t\u00e9cnico). Os atletas participantes e seus respectivos resultados foram:<\/p>\n<ul>\n<li>Ouro no Grupo Adulto &#8211; Christian Andrade, Edson Nunes, Jos\u00e9 Henrique Oliveira, Maelton Siqueira e Marcelo Martins<\/li>\n<li>Ouro no Trio Adulto &#8211; Jos\u00e9 Henrique Oliveira, Maelton Siqueira e Marcelo Martins<\/li>\n<li>Ouro no Individual Feminino Infantil &#8211; Isabelle Rascalha<\/li>\n<li>Prata no Individual Masculino Adulto &#8211; Edson Nunes<\/li>\n<li>Prata no Individual Feminino Infanto Juvenil &#8211; J\u00falia Dias<\/li>\n<li>Prata no Trio Juvenil &#8211; Giovana Rascalha, Milena Penido e Raphaela Azevedo<\/li>\n<li>Bronze no Individual Feminino Juvenil &#8211; Milena Penido<\/li>\n<li>5\u00b0 Lugar no Individual Feminino Juvenil &#8211; Raphaela Azevedo<\/li>\n<\/ul>\n<p>&nbsp;<\/p>\n<p>A maioria desses ginastas comp\u00f5e a Sele\u00e7\u00e3o Brasileira de Gin\u00e1stica Aer\u00f3bica, que viajou ontem (25\/11) para Assun\u00e7\u00e3o, no Paraguai. L\u00e1, a Sele\u00e7\u00e3o disputar\u00e1\u00a0o Campeonato Sul-Americano, at\u00e9 o dia 30. Os membros da Sele\u00e7\u00e3o Brasileira vinculados \u00e0 UFLA s\u00e3o: o t\u00e9cnico, professor Luiz Henrique Maciel (<a href=\"http:\/\/www.def.ufla.br\/\">DEF<\/a>); os ginastas\/estudantes Christian Andrade, Edson Nunes, Jos\u00e9 Henrique Oliveira, Maelton Siqueira e Marcelo Martins, da categoria adulta; e a ginasta J\u00falia Dias, da categoria infanto-juvenil.<\/p>\n<p>&nbsp;<\/p>\n","protected":false},"excerpt":{"rendered":"<p>A equipe da UFLA consolida o Estado de Minas Gerais como uma pot\u00eancia na Gin\u00e1stica Aer\u00f3bica. Participando do Campeonato Estadual da modalidade em Belo Horizonte, no dia 15, o grupo conquistou tr\u00eas medalhas de ouro (&#8230;)<\/p>\n","protected":false},"author":8,"featured_media":0,"comment_status":"closed","ping_status":"closed","sticky":false,"template":"","format":"standard","meta":{"ngg_post_thumbnail":0,"footnotes":""},"categories":[1],"tags":[210,426],"class_list":["post-74459","post","type-post","status-publish","format-standard","hentry","category-noticias","tag-esporte-2","tag-ginastica-aerobica"],"_links":{"self":[{"href":"https:\/\/www.ufla.br\/dcom\/wp-json\/wp\/v2\/posts\/74459","targetHints":{"allow":["GET"]}}],"collection":[{"href":"https:\/\/www.ufla.br\/dcom\/wp-json\/wp\/v2\/posts"}],"about":[{"href":"https:\/\/www.ufla.br\/dcom\/wp-json\/wp\/v2\/types\/post"}],"author":[{"embeddable":true,"href":"https:\/\/www.ufla.br\/dcom\/wp-json\/wp\/v2\/users\/8"}],"replies":[{"embeddable":true,"href":"https:\/\/www.ufla.br\/dcom\/wp-json\/wp\/v2\/comments?post=74459"}],"version-history":[{"count":2,"href":"https:\/\/www.ufla.br\/dcom\/wp-json\/wp\/v2\/posts\/74459\/revisions"}],"predecessor-version":[{"id":74462,"href":"https:\/\/www.ufla.br\/dcom\/wp-json\/wp\/v2\/posts\/74459\/revisions\/74462"}],"wp:attachment":[{"href":"https:\/\/www.ufla.br\/dcom\/wp-json\/wp\/v2\/media?parent=74459"}],"wp:term":[{"taxonomy":"category","embeddable":true,"href":"https:\/\/www.ufla.br\/dcom\/wp-json\/wp\/v2\/categories?post=74459"},{"taxonomy":"post_tag","embeddable":true,"href":"https:\/\/www.ufla.br\/dcom\/wp-json\/wp\/v2\/tags?post=74459"}],"curies":[{"name":"wp","href":"https:\/\/api.w.org\/{rel}","templated":true}]}}