{"id":74451,"date":"2014-11-25T17:58:47","date_gmt":"2014-11-25T19:58:47","guid":{"rendered":"http:\/\/www.ufla.br\/ascom\/?p=74451"},"modified":"2014-11-27T15:21:00","modified_gmt":"2014-11-27T17:21:00","slug":"o-prezi-esta-na-ufla-embaixadores-divulgam-o-software-na-universidade","status":"publish","type":"post","link":"https:\/\/www.ufla.br\/dcom\/2014\/11\/25\/o-prezi-esta-na-ufla-embaixadores-divulgam-o-software-na-universidade\/","title":{"rendered":"O Prezi est\u00e1 na UFLA! Embaixadores divulgam o software na Universidade"},"content":{"rendered":"<figure id=\"attachment_74452\" aria-describedby=\"caption-attachment-74452\" style=\"width: 249px\" class=\"wp-caption alignright\"><a href=\"http:\/\/www.ufla.br\/ascom\/wp-content\/uploads\/2014\/11\/prezi1.jpg\"><img loading=\"lazy\" decoding=\"async\" class=\"wp-image-74452 size-medium\" src=\"http:\/\/www.ufla.br\/ascom\/wp-content\/uploads\/2014\/11\/prezi1-249x165.jpg\" alt=\"Participantes do Workshop de Cria\u00e7\u00e3o de Apresenta\u00e7\u00f5es com Prezi \" width=\"249\" height=\"165\" srcset=\"https:\/\/www.ufla.br\/dcom\/wp-content\/uploads\/2014\/11\/prezi1-249x165.jpg 249w, https:\/\/www.ufla.br\/dcom\/wp-content\/uploads\/2014\/11\/prezi1-612x407.jpg 612w, https:\/\/www.ufla.br\/dcom\/wp-content\/uploads\/2014\/11\/prezi1.jpg 1280w\" sizes=\"auto, (max-width: 249px) 100vw, 249px\" \/><\/a><figcaption id=\"caption-attachment-74452\" class=\"wp-caption-text\">Participantes do Workshop de Cria\u00e7\u00e3o de Apresenta\u00e7\u00f5es com Prezi<\/figcaption><\/figure>\n<p>Nos dias 22 e 23 de novembro, o programa Embaixadores do Prezi na Universidade Federal de Lavras (UFLA) realizou mais uma a\u00e7\u00e3o para divulgar o software no meio acad\u00eamico. Foi realizado o 1\u00ba Workshop de Cria\u00e7\u00e3o de Apresenta\u00e7\u00f5es com Prezi, software que j\u00e1 conquistou 50 milh\u00f5es de usu\u00e1rios em todo o mundo. Em seu primeiro ano de atividades na Institui\u00e7\u00e3o, o Programa tem ampliado o uso da ferramenta de forma r\u00e1pida, din\u00e2mica e profissional.<\/p>\n<p>Trata-se de uma iniciativa da empresa H\u00fangara, que mobiliza estudantes universit\u00e1rios volunt\u00e1rios por todo o mundo, com o prop\u00f3sito de divulgar e disseminar o uso da ferramenta por meio de a\u00e7\u00f5es criativas de capacita\u00e7\u00e3o, incentivando a criatividade e inova\u00e7\u00e3o no processo educacional.<\/p>\n<p>Na UFLA, o embaixador selecionado \u00e9 o estudante Igor Lacerdino, do curso de Sistemas de Informa\u00e7\u00e3o. Ele foi o instrutor do workshop e compartilhou informa\u00e7\u00f5es para que o participante conseguisse criar uma apresenta\u00e7\u00e3o inovadora utilizando a ferramenta. Na oportunidade, o tema proposto foi a pr\u00f3pria Universidade. (<a href=\"https:\/\/prezi.com\/embed\/ld6t0k-sld5b\/?bgcolor=ffffff&amp;amp%3Block_to_path=1&amp;amp%3Bautoplay=0&amp;amp%3Bautohide_ctrls=0&amp;amp%3Bfeatures=undefined&amp;amp%3Btoken=undefined&amp;amp%3Bdisabled_features=undefined\">Veja aqui um exemplo de apresenta\u00e7\u00e3o criada pelos participantes<\/a>).<\/p>\n<p>De acordo com Igor Lacerdino, o Software, baseado em computa\u00e7\u00e3o na nuvem &#8211; caracterizada como SaaS (<em>Software as a service<\/em>), \u00a0tem mostrado um grande impacto sobre as ferramentas de apoio a apresenta\u00e7\u00f5es desde que o Microsoft PowerPoint levou as transpar\u00eancias para os monitores de computador. O Prezi permite que o usu\u00e1rio amplie ou reduza a visualiza\u00e7\u00e3o de seu conte\u00fado composto por imagens, textos, v\u00eddeos, \u00e1udios, tudo, em uma \u00fanica tela.<\/p>\n<p><strong>Licen\u00e7a Educacional<\/strong><\/p>\n<figure id=\"attachment_74453\" aria-describedby=\"caption-attachment-74453\" style=\"width: 249px\" class=\"wp-caption alignleft\"><a href=\"http:\/\/www.ufla.br\/ascom\/wp-content\/uploads\/2014\/11\/prezi-2.jpg\"><img loading=\"lazy\" decoding=\"async\" class=\"size-medium wp-image-74453\" src=\"http:\/\/www.ufla.br\/ascom\/wp-content\/uploads\/2014\/11\/prezi-2-249x165.jpg\" alt=\"O estudante poder\u00e1 solicitar a licen\u00e7a educacional gratuita\" width=\"249\" height=\"165\" srcset=\"https:\/\/www.ufla.br\/dcom\/wp-content\/uploads\/2014\/11\/prezi-2-249x165.jpg 249w, https:\/\/www.ufla.br\/dcom\/wp-content\/uploads\/2014\/11\/prezi-2-612x407.jpg 612w, https:\/\/www.ufla.br\/dcom\/wp-content\/uploads\/2014\/11\/prezi-2.jpg 1280w\" sizes=\"auto, (max-width: 249px) 100vw, 249px\" \/><\/a><figcaption id=\"caption-attachment-74453\" class=\"wp-caption-text\">O estudante poder\u00e1 solicitar a licen\u00e7a educacional gratuita<\/figcaption><\/figure>\n<p>O Prezi oferece para toda a comunidade acad\u00eamica licen\u00e7as educacionais gratuitas para serem utilizadas durante todo o per\u00edodo de estudos.<\/p>\n<p>Para registrar-se em uma licen\u00e7a Educacional e aproveitar as vantagens basta seguir as instru\u00e7\u00f5es no link: <a href=\"http:\/\/prezi.com\/mel51rngybui\/como-registrar-sua-licenca-prezi-edu\/\">http:\/\/prezi.com\/mel51rngybui\/como-registrar-sua-licenca-prezi-edu\/<\/a><\/p>\n<p>Para se informar sobre as atividades do programa na UFLA curta a p\u00e1gina no facebook: <a href=\"https:\/\/www.facebook.com\/prezinaufla\">https:\/\/www.facebook.com\/prezinaufla<\/a><\/p>\n<p><strong>Pr\u00f3xima apresenta\u00e7\u00e3o<\/strong><\/p>\n<p>Na quarta-feira (26\/11), Igor Lacerdino vai apresentar a palestra: &#8220;Criando apresenta\u00e7\u00f5es de alto impacto com Prezi&#8221;, na programa\u00e7\u00e3o da II Fenep, feira que congrega N\u00facleos de Estudo, Empresas Juniores, Programas de Educa\u00e7\u00e3o Tutorial (PET), Programas de Educa\u00e7\u00e3o Tutorial Institucional (Peti) e a Incubadora Tecnol\u00f3gica de Cooperativas Populares (Incubacoop). A palestra ser\u00e1 ministrada no Anfiteatro do Departamento de Ci\u00eancia da Computa\u00e7\u00e3o (DCC), \u00e0s 19 horas.<\/p>\n","protected":false},"excerpt":{"rendered":"<p>Nos dias 22 e 23 de novembro, o programa Embaixadores do Prezi na Universidade Federal de Lavras (UFLA) realizou mais uma a\u00e7\u00e3o para divulgar o software no meio acad\u00eamico. Foi realizado o 1\u00ba Workshop de Cria\u00e7\u00e3o de Apresenta\u00e7\u00f5es com Prezi, software que j\u00e1 conquistou 50 milh\u00f5es de usu\u00e1rios em todo o mundo. Em seu primeiro &hellip; <a href=\"https:\/\/www.ufla.br\/dcom\/2014\/11\/25\/o-prezi-esta-na-ufla-embaixadores-divulgam-o-software-na-universidade\/\" class=\"more-link\">Continue lendo <span class=\"screen-reader-text\">O Prezi est\u00e1 na UFLA! Embaixadores divulgam o software na Universidade<\/span> <span class=\"meta-nav\">&rarr;<\/span><\/a><\/p>\n","protected":false},"author":6,"featured_media":0,"comment_status":"closed","ping_status":"closed","sticky":false,"template":"","format":"standard","meta":{"ngg_post_thumbnail":0,"footnotes":""},"categories":[10],"tags":[976,1374,18],"class_list":["post-74451","post","type-post","status-publish","format-standard","hentry","category-menores","tag-palestras","tag-prezi","tag-tecnologia"],"_links":{"self":[{"href":"https:\/\/www.ufla.br\/dcom\/wp-json\/wp\/v2\/posts\/74451","targetHints":{"allow":["GET"]}}],"collection":[{"href":"https:\/\/www.ufla.br\/dcom\/wp-json\/wp\/v2\/posts"}],"about":[{"href":"https:\/\/www.ufla.br\/dcom\/wp-json\/wp\/v2\/types\/post"}],"author":[{"embeddable":true,"href":"https:\/\/www.ufla.br\/dcom\/wp-json\/wp\/v2\/users\/6"}],"replies":[{"embeddable":true,"href":"https:\/\/www.ufla.br\/dcom\/wp-json\/wp\/v2\/comments?post=74451"}],"version-history":[{"count":1,"href":"https:\/\/www.ufla.br\/dcom\/wp-json\/wp\/v2\/posts\/74451\/revisions"}],"predecessor-version":[{"id":74454,"href":"https:\/\/www.ufla.br\/dcom\/wp-json\/wp\/v2\/posts\/74451\/revisions\/74454"}],"wp:attachment":[{"href":"https:\/\/www.ufla.br\/dcom\/wp-json\/wp\/v2\/media?parent=74451"}],"wp:term":[{"taxonomy":"category","embeddable":true,"href":"https:\/\/www.ufla.br\/dcom\/wp-json\/wp\/v2\/categories?post=74451"},{"taxonomy":"post_tag","embeddable":true,"href":"https:\/\/www.ufla.br\/dcom\/wp-json\/wp\/v2\/tags?post=74451"}],"curies":[{"name":"wp","href":"https:\/\/api.w.org\/{rel}","templated":true}]}}