{"id":72708,"date":"2014-11-12T18:01:23","date_gmt":"2014-11-12T20:01:23","guid":{"rendered":"http:\/\/www.ufla.br\/ascom\/?p=72708"},"modified":"2014-11-14T15:17:20","modified_gmt":"2014-11-14T17:17:20","slug":"doacao-de-sangue-permanece-na-agenda-de-grupos-da-ufla","status":"publish","type":"post","link":"https:\/\/www.ufla.br\/dcom\/2014\/11\/12\/doacao-de-sangue-permanece-na-agenda-de-grupos-da-ufla\/","title":{"rendered":"Doa\u00e7\u00e3o de sangue permanece na agenda de grupos da UFLA"},"content":{"rendered":"<p><a href=\"http:\/\/www.ufla.br\/ascom\/wp-content\/uploads\/2014\/11\/foto-doacao1.jpg\"><img loading=\"lazy\" decoding=\"async\" class=\"alignleft size-medium wp-image-72709\" src=\"http:\/\/www.ufla.br\/ascom\/wp-content\/uploads\/2014\/11\/foto-doacao1-249x164.jpg\" alt=\"foto-doacao1\" width=\"249\" height=\"164\" srcset=\"https:\/\/www.ufla.br\/dcom\/wp-content\/uploads\/2014\/11\/foto-doacao1-249x164.jpg 249w, https:\/\/www.ufla.br\/dcom\/wp-content\/uploads\/2014\/11\/foto-doacao1-612x405.jpg 612w, https:\/\/www.ufla.br\/dcom\/wp-content\/uploads\/2014\/11\/foto-doacao1.jpg 800w\" sizes=\"auto, (max-width: 249px) 100vw, 249px\" \/><\/a>A comunidade acad\u00eamica da Universidade Federal de Lavras (UFLA) mant\u00e9m a mobiliza\u00e7\u00e3o pela doa\u00e7\u00e3o de sangue. Na \u00faltima quinta-feira (6\/11) foram ao Posto Avan\u00e7ado de Coleta Externa da Funda\u00e7\u00e3o Hemominas, em Lavras, doadores mobilizados pelo grupo de Integra\u00e7\u00e3o dos Programas de Educa\u00e7\u00e3o Tutorial da Universidade Federal de Lavras (Interpet), al\u00e9m de integrantes da PQ J\u00fanior.<\/p>\n<p>Desde 30\/9, quando o Interpet come\u00e7ou a campanha na Universidade, grupos t\u00eam sido formados semanalmente para doar sangue. Para esta quinta-feira (13\/11), 12 integrantes da UFLA est\u00e3o com doa\u00e7\u00f5es agendadas. Quem deseja participar da campanha em datas futuras pode entrar em contato com o Interpet por meio de sua\u00a0<a href=\"https:\/\/www.facebook.com\/grupointerpetufla?fref=ts\"><strong>p\u00e1gina no Facebok.<\/strong><\/a><\/p>\n<p><strong>A participa\u00e7\u00e3o da PQ J\u00fanior<\/strong><\/p>\n<p>Na semana passada, a mobiliza\u00e7\u00e3o ganhou ares mais coloridos com a presen\u00e7a de integrantes da PQ J\u00fanior, que doaram sangue utilizando os mesmos acess\u00f3rios com os quais desenvolveram um projeto na Unidade Regional de Atendimento (Urpa). O projeto resultou do trabalho de <em>trainees<\/em> do primeiro semestre de 2014. Eles frequentaram a Urpa por duas semanas, com o prop\u00f3sito de levar a alegria aos pacientes do local. A doa\u00e7\u00e3o de sangue refor\u00e7ou o\u00a0envolvimento da equipe com a sa\u00fade p\u00fablica.<\/p>\n<p><!-- default-view.php -->\n<div\n\tclass=\"ngg-galleryoverview default-view\n\t ngg-ajax-pagination-none\t\"\n\tid=\"ngg-gallery-2ca7c666fd0bbc7c8cd7645853c7f6ff-1\">\n\n\t\t<!-- Thumbnails -->\n\t\t\t\t<div id=\"ngg-image-0\" class=\"ngg-gallery-thumbnail-box\n\t\t\t\t\t\t\t\tngg-5-columns\t\t\t\"\n\t\t\t>\n\t\t\t\t\t\t<div class=\"ngg-gallery-thumbnail\">\n\t\t\t<a href=\"https:\/\/www.ufla.br\/dcom\/wp-content\/gallery\/doacao-de-sangue-6-11\/foto-doacao1.jpg\"\n\t\t\t\ttitle=\"\"\n\t\t\t\tdata-src=\"https:\/\/www.ufla.br\/dcom\/wp-content\/gallery\/doacao-de-sangue-6-11\/foto-doacao1.jpg\"\n\t\t\t\tdata-thumbnail=\"https:\/\/www.ufla.br\/dcom\/wp-content\/gallery\/doacao-de-sangue-6-11\/thumbs\/thumbs_foto-doacao1.jpg\"\n\t\t\t\tdata-image-id=\"25986\"\n\t\t\t\tdata-title=\"foto-doacao1\"\n\t\t\t\tdata-description=\"\"\n\t\t\t\tdata-image-slug=\"foto-doacao1\"\n\t\t\t\tclass=\"shutterset_2ca7c666fd0bbc7c8cd7645853c7f6ff\">\n\t\t\t\t<img\n\t\t\t\t\ttitle=\"foto-doacao1\"\n\t\t\t\t\talt=\"foto-doacao1\"\n\t\t\t\t\tsrc=\"https:\/\/www.ufla.br\/dcom\/nextgen-image\/25986\/100x75x100\/crop\/7cbaa772397f9b21ce8f2eb82a435974\"\n\t\t\t\t\twidth=\"100\"\n\t\t\t\t\theight=\"75\"\n\t\t\t\t\tstyle=\"max-width:100%;\"\n\t\t\t\t\/>\n\t\t\t<\/a>\n\t\t<\/div>\n\t\t\t\t\t\t\t<\/div>\n\t\t\t\n\t\t\t\t<div id=\"ngg-image-1\" class=\"ngg-gallery-thumbnail-box\n\t\t\t\t\t\t\t\tngg-5-columns\t\t\t\"\n\t\t\t>\n\t\t\t\t\t\t<div class=\"ngg-gallery-thumbnail\">\n\t\t\t<a href=\"https:\/\/www.ufla.br\/dcom\/wp-content\/gallery\/doacao-de-sangue-6-11\/foto-doacao2.jpg\"\n\t\t\t\ttitle=\"\"\n\t\t\t\tdata-src=\"https:\/\/www.ufla.br\/dcom\/wp-content\/gallery\/doacao-de-sangue-6-11\/foto-doacao2.jpg\"\n\t\t\t\tdata-thumbnail=\"https:\/\/www.ufla.br\/dcom\/wp-content\/gallery\/doacao-de-sangue-6-11\/thumbs\/thumbs_foto-doacao2.jpg\"\n\t\t\t\tdata-image-id=\"25987\"\n\t\t\t\tdata-title=\"foto-doacao2\"\n\t\t\t\tdata-description=\"\"\n\t\t\t\tdata-image-slug=\"foto-doacao2\"\n\t\t\t\tclass=\"shutterset_2ca7c666fd0bbc7c8cd7645853c7f6ff\">\n\t\t\t\t<img\n\t\t\t\t\ttitle=\"foto-doacao2\"\n\t\t\t\t\talt=\"foto-doacao2\"\n\t\t\t\t\tsrc=\"https:\/\/www.ufla.br\/dcom\/nextgen-image\/25987\/100x75x100\/crop\/55f290c8e15808a8b03128c83feafaad\"\n\t\t\t\t\twidth=\"100\"\n\t\t\t\t\theight=\"75\"\n\t\t\t\t\tstyle=\"max-width:100%;\"\n\t\t\t\t\/>\n\t\t\t<\/a>\n\t\t<\/div>\n\t\t\t\t\t\t\t<\/div>\n\t\t\t\n\t\t\t\t<div id=\"ngg-image-2\" class=\"ngg-gallery-thumbnail-box\n\t\t\t\t\t\t\t\tngg-5-columns\t\t\t\"\n\t\t\t>\n\t\t\t\t\t\t<div class=\"ngg-gallery-thumbnail\">\n\t\t\t<a href=\"https:\/\/www.ufla.br\/dcom\/wp-content\/gallery\/doacao-de-sangue-6-11\/foto-doacao3.jpg\"\n\t\t\t\ttitle=\"\"\n\t\t\t\tdata-src=\"https:\/\/www.ufla.br\/dcom\/wp-content\/gallery\/doacao-de-sangue-6-11\/foto-doacao3.jpg\"\n\t\t\t\tdata-thumbnail=\"https:\/\/www.ufla.br\/dcom\/wp-content\/gallery\/doacao-de-sangue-6-11\/thumbs\/thumbs_foto-doacao3.jpg\"\n\t\t\t\tdata-image-id=\"25988\"\n\t\t\t\tdata-title=\"foto-doacao3\"\n\t\t\t\tdata-description=\"\"\n\t\t\t\tdata-image-slug=\"foto-doacao3\"\n\t\t\t\tclass=\"shutterset_2ca7c666fd0bbc7c8cd7645853c7f6ff\">\n\t\t\t\t<img\n\t\t\t\t\ttitle=\"foto-doacao3\"\n\t\t\t\t\talt=\"foto-doacao3\"\n\t\t\t\t\tsrc=\"https:\/\/www.ufla.br\/dcom\/nextgen-image\/25988\/100x75x100\/crop\/5c7977c9edd792a4e0b45a4a7e243143\"\n\t\t\t\t\twidth=\"100\"\n\t\t\t\t\theight=\"75\"\n\t\t\t\t\tstyle=\"max-width:100%;\"\n\t\t\t\t\/>\n\t\t\t<\/a>\n\t\t<\/div>\n\t\t\t\t\t\t\t<\/div>\n\t\t\t\n\t\t\t\t<div id=\"ngg-image-3\" class=\"ngg-gallery-thumbnail-box\n\t\t\t\t\t\t\t\tngg-5-columns\t\t\t\"\n\t\t\t>\n\t\t\t\t\t\t<div class=\"ngg-gallery-thumbnail\">\n\t\t\t<a href=\"https:\/\/www.ufla.br\/dcom\/wp-content\/gallery\/doacao-de-sangue-6-11\/foto-doacao4.jpg\"\n\t\t\t\ttitle=\"\"\n\t\t\t\tdata-src=\"https:\/\/www.ufla.br\/dcom\/wp-content\/gallery\/doacao-de-sangue-6-11\/foto-doacao4.jpg\"\n\t\t\t\tdata-thumbnail=\"https:\/\/www.ufla.br\/dcom\/wp-content\/gallery\/doacao-de-sangue-6-11\/thumbs\/thumbs_foto-doacao4.jpg\"\n\t\t\t\tdata-image-id=\"25989\"\n\t\t\t\tdata-title=\"foto-doacao4\"\n\t\t\t\tdata-description=\"\"\n\t\t\t\tdata-image-slug=\"foto-doacao4\"\n\t\t\t\tclass=\"shutterset_2ca7c666fd0bbc7c8cd7645853c7f6ff\">\n\t\t\t\t<img\n\t\t\t\t\ttitle=\"foto-doacao4\"\n\t\t\t\t\talt=\"foto-doacao4\"\n\t\t\t\t\tsrc=\"https:\/\/www.ufla.br\/dcom\/nextgen-image\/25989\/100x75x100\/crop\/8e9bf312aca939337313d31ff337d297\"\n\t\t\t\t\twidth=\"100\"\n\t\t\t\t\theight=\"75\"\n\t\t\t\t\tstyle=\"max-width:100%;\"\n\t\t\t\t\/>\n\t\t\t<\/a>\n\t\t<\/div>\n\t\t\t\t\t\t\t<\/div>\n\t\t\t\n\t\n\t<br style=\"clear: both\" \/>\n\n\t\n\t\t<!-- Pagination -->\n\t\t<div class='ngg-clear'><\/div>\t<\/div>\n<\/p>\n","protected":false},"excerpt":{"rendered":"<p>A comunidade acad\u00eamica da Universidade Federal de Lavras (UFLA) mant\u00e9m a mobiliza\u00e7\u00e3o pela doa\u00e7\u00e3o de sangue. Na \u00faltima quinta-feira (6\/11) foram ao Posto Avan\u00e7ado de Coleta Externa da Funda\u00e7\u00e3o Hemominas, em Lavras, doadores mobilizados pelo grupo de Integra\u00e7\u00e3o dos Programas de Educa\u00e7\u00e3o Tutorial da Universidade Federal de Lavras (Interpet), al\u00e9m de integrantes da PQ J\u00fanior. &hellip; <a href=\"https:\/\/www.ufla.br\/dcom\/2014\/11\/12\/doacao-de-sangue-permanece-na-agenda-de-grupos-da-ufla\/\" class=\"more-link\">Continue lendo <span class=\"screen-reader-text\">Doa\u00e7\u00e3o de sangue permanece na agenda de grupos da UFLA<\/span> <span class=\"meta-nav\">&rarr;<\/span><\/a><\/p>\n","protected":false},"author":13,"featured_media":0,"comment_status":"closed","ping_status":"closed","sticky":false,"template":"","format":"standard","meta":{"ngg_post_thumbnail":0,"footnotes":""},"categories":[1,10],"tags":[],"class_list":["post-72708","post","type-post","status-publish","format-standard","hentry","category-noticias","category-menores"],"_links":{"self":[{"href":"https:\/\/www.ufla.br\/dcom\/wp-json\/wp\/v2\/posts\/72708","targetHints":{"allow":["GET"]}}],"collection":[{"href":"https:\/\/www.ufla.br\/dcom\/wp-json\/wp\/v2\/posts"}],"about":[{"href":"https:\/\/www.ufla.br\/dcom\/wp-json\/wp\/v2\/types\/post"}],"author":[{"embeddable":true,"href":"https:\/\/www.ufla.br\/dcom\/wp-json\/wp\/v2\/users\/13"}],"replies":[{"embeddable":true,"href":"https:\/\/www.ufla.br\/dcom\/wp-json\/wp\/v2\/comments?post=72708"}],"version-history":[{"count":1,"href":"https:\/\/www.ufla.br\/dcom\/wp-json\/wp\/v2\/posts\/72708\/revisions"}],"predecessor-version":[{"id":72724,"href":"https:\/\/www.ufla.br\/dcom\/wp-json\/wp\/v2\/posts\/72708\/revisions\/72724"}],"wp:attachment":[{"href":"https:\/\/www.ufla.br\/dcom\/wp-json\/wp\/v2\/media?parent=72708"}],"wp:term":[{"taxonomy":"category","embeddable":true,"href":"https:\/\/www.ufla.br\/dcom\/wp-json\/wp\/v2\/categories?post=72708"},{"taxonomy":"post_tag","embeddable":true,"href":"https:\/\/www.ufla.br\/dcom\/wp-json\/wp\/v2\/tags?post=72708"}],"curies":[{"name":"wp","href":"https:\/\/api.w.org\/{rel}","templated":true}]}}