{"id":72290,"date":"2014-11-11T09:17:49","date_gmt":"2014-11-11T11:17:49","guid":{"rendered":"http:\/\/www.ufla.br\/ascom\/?p=72290"},"modified":"2014-11-11T17:57:24","modified_gmt":"2014-11-11T19:57:24","slug":"projeto-rondon-lanca-convite-para-operacoes-de-julho-e-agosto-de-2015","status":"publish","type":"post","link":"https:\/\/www.ufla.br\/dcom\/2014\/11\/11\/projeto-rondon-lanca-convite-para-operacoes-de-julho-e-agosto-de-2015\/","title":{"rendered":"Projeto Rondon lan\u00e7a convite para opera\u00e7\u00f5es de julho e agosto de 2015"},"content":{"rendered":"<p><a href=\"http:\/\/www.ufla.br\/ascom\/wp-content\/uploads\/2014\/11\/rondon.jpg\"><img loading=\"lazy\" decoding=\"async\" class=\"alignleft size-medium wp-image-72291\" src=\"http:\/\/www.ufla.br\/ascom\/wp-content\/uploads\/2014\/11\/rondon-249x186.jpg\" alt=\"rondon\" width=\"249\" height=\"186\" srcset=\"https:\/\/www.ufla.br\/dcom\/wp-content\/uploads\/2014\/11\/rondon-249x186.jpg 249w, https:\/\/www.ufla.br\/dcom\/wp-content\/uploads\/2014\/11\/rondon-612x459.jpg 612w, https:\/\/www.ufla.br\/dcom\/wp-content\/uploads\/2014\/11\/rondon.jpg 640w\" sizes=\"auto, (max-width: 249px) 100vw, 249px\" \/><\/a>As institui\u00e7\u00f5es de ensino superior que desejam participar das opera\u00e7\u00f5es do <strong>Projeto Rondon<\/strong>, que ser\u00e3o realizadas em julho e agosto de 2015, j\u00e1 podem elaborar suas propostas de trabalho. As propostas devem ser enviadas at\u00e9 12 de dezembro deste ano, para o site <a href=\"http:\/\/www.defesa.gov.br\/projetorondon\">www.defesa.gov.br\/projetorondon<\/a>. No in\u00edcio do segundo semestre de 2015, o projeto realizar\u00e1 as opera\u00e7\u00f5es Bororos (10 a 26 de julho) e Itacai\u00fanas (17 de julho a 2 de agosto).<\/p>\n<p>Para participar, a institui\u00e7\u00e3o deve elaborar uma proposta de trabalho contemplando todas as atividades de cada \u00e1rea de atua\u00e7\u00e3o do conjunto A (Cultura, Direitos Humanos e Justi\u00e7a, Educa\u00e7\u00e3o e Sa\u00fade) ou do conjunto B (Comunica\u00e7\u00e3o, Tecnologia e Produ\u00e7\u00e3o, Meio Ambiente e Trabalho).<\/p>\n<p>A Pr\u00f3-Reitoria de Extens\u00e3o e Cultura (<a href=\"http:\/\/www.proec.ufla.br\/\">Proec<\/a>) disponibilizar\u00e1 um formul\u00e1rio aos estudantes da UFLA interessados em integrar uma das miss\u00f5es. Cada institui\u00e7\u00e3o de ensino superior poder\u00e1 apresentar apenas uma Proposta de Trabalho para cada uma das opera\u00e7\u00f5es.<\/p>\n<p>A inscri\u00e7\u00e3o \u00e9 iniciada no\u00a0<a href=\"http:\/\/projetorondon.pagina-oficial.com\/portal\/\">site do Projeto Rondon<\/a>\u00a0(tamb\u00e9m acess\u00edvel em\u00a0<a href=\"http:\/\/www.defesa.gov.br\/\">www.defesa.gov.br<\/a>), com o cadastro ou atualiza\u00e7\u00e3o dos dados da institui\u00e7\u00e3o. Tamb\u00e9m \u00e9 ela a respons\u00e1vel por selecionar o conjunto de atividades e priorizar os munic\u00edpios de interesse. Em uma etapa seguinte, a institui\u00e7\u00e3o dever\u00e1 enviar, on-line, o arquivo da proposta de trabalho e preencher as fichas de cadastro do professor coordenador, docente adjunto e professor reserva.<\/p>\n<p><strong>Sobre as opera\u00e7\u00f5es<\/strong><\/p>\n<p>A Opera\u00e7\u00e3o Bororos ser\u00e1 desenvolvida entre os dias 10 e 26 de julho de 2015, em 15 munic\u00edpios do Estado do Mato Grosso: Acorizal, Aren\u00e1polis, Bar\u00e3o de Melga\u00e7o, Barra do Bugres, Chapada dos Guimar\u00e3es, Diamantino, Jangada, Juscimeira, Nortel\u00e2ndia, Nossa Senhora do Livramento, Nova Ol\u00edmpia, Pocon\u00e9, Ros\u00e1rio Oeste, Santo Ant\u00f4nio do Leverger e S\u00e3o Pedro da Cipa. Ter\u00e1 como Centro Regional a cidade de Cuiab\u00e1 (MT).<\/p>\n<p>A Opera\u00e7\u00e3o Itacai\u00fanas ser\u00e1 desenvolvida entre os dias 17 de julho e 2 de agosto de 2015, em 11 munic\u00edpios do Par\u00e1: Abel Figueiredo, \u00c1gua Azul do Norte, Dom Eliseu, Itupiranga, Jacund\u00e1, Nova Ipixuna, Rio Maria, Rondon do Par\u00e1, S\u00e3o Domingos do Araguaia, Ulian\u00f3polis e Xinguara; e quatro munic\u00edpios do Tocantins: Anan\u00e1s, Araguatins, S\u00e3o Bento do Tocantins e Wanderl\u00e2ndia. Ter\u00e1 como Centro Regional a cidade de Marab\u00e1 (PA).<\/p>\n<p><strong>Equipes<\/strong><\/p>\n<p>Cada equipe ser\u00e1 composta por 10 rondonistas, sendo dois professores e oito alunos dos cursos de gradua\u00e7\u00e3o. Todos devem pertencer \u00e0 institui\u00e7\u00e3o de ensino selecionada para a opera\u00e7\u00e3o. Quanto aos alunos, dever\u00e3o estar cursando a segunda metade do curso, mas n\u00e3o poder\u00e3o ter participado de opera\u00e7\u00f5es anteriores do Projeto Rondon. Uma das preocupa\u00e7\u00f5es \u00e9 que as equipes sejam t\u00e3o multidisciplinares quanto for poss\u00edvel \u2013 ou seja, devem incluir estudantes de diferentes \u00e1reas do conhecimento.<\/p>\n<p><strong>Informa\u00e7\u00f5es<\/strong><\/p>\n<ul>\n<li><strong>Pr\u00f3-Reitoria de Extens\u00e3o e Cultura<\/strong><\/li>\n<li><a href=\"http:\/\/www.proec.ufla.br\">www.proec.ufla.br<\/a><\/li>\n<li>(35) 3829-1317<\/li>\n<\/ul>\n<p>&nbsp;<\/p>\n","protected":false},"excerpt":{"rendered":"<p>As institui\u00e7\u00f5es de ensino superior que desejam participar das opera\u00e7\u00f5es do Projeto Rondon, que ser\u00e3o realizadas em julho e agosto de 2015, j\u00e1 podem elaborar suas propostas de trabalho. As propostas devem ser enviadas at\u00e9 12 de dezembro deste ano, para o site www.defesa.gov.br\/projetorondon. No in\u00edcio do segundo semestre de 2015, o projeto realizar\u00e1 as &hellip; <a href=\"https:\/\/www.ufla.br\/dcom\/2014\/11\/11\/projeto-rondon-lanca-convite-para-operacoes-de-julho-e-agosto-de-2015\/\" class=\"more-link\">Continue lendo <span class=\"screen-reader-text\">Projeto Rondon lan\u00e7a convite para opera\u00e7\u00f5es de julho e agosto de 2015<\/span> <span class=\"meta-nav\">&rarr;<\/span><\/a><\/p>\n","protected":false},"author":8,"featured_media":0,"comment_status":"closed","ping_status":"closed","sticky":false,"template":"","format":"standard","meta":{"ngg_post_thumbnail":0,"footnotes":""},"categories":[1,10],"tags":[92,1340],"class_list":["post-72290","post","type-post","status-publish","format-standard","hentry","category-noticias","category-menores","tag-extensao","tag-rondon"],"_links":{"self":[{"href":"https:\/\/www.ufla.br\/dcom\/wp-json\/wp\/v2\/posts\/72290","targetHints":{"allow":["GET"]}}],"collection":[{"href":"https:\/\/www.ufla.br\/dcom\/wp-json\/wp\/v2\/posts"}],"about":[{"href":"https:\/\/www.ufla.br\/dcom\/wp-json\/wp\/v2\/types\/post"}],"author":[{"embeddable":true,"href":"https:\/\/www.ufla.br\/dcom\/wp-json\/wp\/v2\/users\/8"}],"replies":[{"embeddable":true,"href":"https:\/\/www.ufla.br\/dcom\/wp-json\/wp\/v2\/comments?post=72290"}],"version-history":[{"count":3,"href":"https:\/\/www.ufla.br\/dcom\/wp-json\/wp\/v2\/posts\/72290\/revisions"}],"predecessor-version":[{"id":72303,"href":"https:\/\/www.ufla.br\/dcom\/wp-json\/wp\/v2\/posts\/72290\/revisions\/72303"}],"wp:attachment":[{"href":"https:\/\/www.ufla.br\/dcom\/wp-json\/wp\/v2\/media?parent=72290"}],"wp:term":[{"taxonomy":"category","embeddable":true,"href":"https:\/\/www.ufla.br\/dcom\/wp-json\/wp\/v2\/categories?post=72290"},{"taxonomy":"post_tag","embeddable":true,"href":"https:\/\/www.ufla.br\/dcom\/wp-json\/wp\/v2\/tags?post=72290"}],"curies":[{"name":"wp","href":"https:\/\/api.w.org\/{rel}","templated":true}]}}