{"id":72254,"date":"2014-11-10T16:09:40","date_gmt":"2014-11-10T18:09:40","guid":{"rendered":"http:\/\/www.ufla.br\/ascom\/?p=72254"},"modified":"2014-11-11T13:51:39","modified_gmt":"2014-11-11T15:51:39","slug":"conexao-publica-tera-abertura-hoje-10-com-palestra-sobre-atuacao-do-banco-central","status":"publish","type":"post","link":"https:\/\/www.ufla.br\/dcom\/2014\/11\/10\/conexao-publica-tera-abertura-hoje-10-com-palestra-sobre-atuacao-do-banco-central\/","title":{"rendered":"Conex\u00e3o P\u00fablica ter\u00e1 abertura hoje (10), com palestra sobre atua\u00e7\u00e3o do Banco Central"},"content":{"rendered":"<p><a href=\"http:\/\/www.ufla.br\/ascom\/wp-content\/uploads\/2013\/11\/conexao-publica.jpg\"><img loading=\"lazy\" decoding=\"async\" class=\"alignleft size-medium wp-image-27923\" src=\"http:\/\/www.ufla.br\/ascom\/wp-content\/uploads\/2013\/11\/conexao-publica-249x177.jpg\" alt=\"conexao publica\" width=\"249\" height=\"177\" srcset=\"https:\/\/www.ufla.br\/dcom\/wp-content\/uploads\/2013\/11\/conexao-publica-249x177.jpg 249w, https:\/\/www.ufla.br\/dcom\/wp-content\/uploads\/2013\/11\/conexao-publica.jpg 513w\" sizes=\"auto, (max-width: 249px) 100vw, 249px\" \/><\/a>Os desafios da profiss\u00e3o e o papel do gestor p\u00fablico, em suas inst\u00e2ncias, ser\u00e3o discutidos na Conex\u00e3o P\u00fablica, evento que ocorrer\u00e1 na UFLA de 10 a 14 de novembro. Nesta segunda edi\u00e7\u00e3o, pol\u00edticos e administradores de institui\u00e7\u00f5es de \u00e2mbito nacional participam das palestras, discutindo temas atuais e compartilhando suas experi\u00eancias na gest\u00e3o p\u00fablica.<\/p>\n<p>A palestra de abertura ser\u00e1 com o chefe de Gabinete do Banco Central, Eug\u00eanio Pacceli Ribeiro. Ele far\u00e1 a palestra \u201cPol\u00edtica Econ\u00f4mica: o papel da pol\u00edtica monet\u00e1ria para os pr\u00f3ximos 4 anos\u201d, \u00e0s 19h30, no Sal\u00e3o de Conven\u00e7\u00f5es.<\/p>\n<p>Na ter\u00e7a-feira, \u00e0s 19 horas, o professor de Economia Lamunier Erthal Villela (Instituto de Ci\u00eancias Humanas e Sociais da UFRRJ) abordar\u00e1 gest\u00e3o social e gest\u00e3o estrat\u00e9gica, em sua palestra, no Sal\u00e3o de Conven\u00e7\u00f5es. O professor \u00e9 p\u00f3s-doutor em Administra\u00e7\u00e3o P\u00fablica pela Ebape\/FGV e doutor em Economia Aplicada pela Universit\u00e9 Paris III (Sorbonne Nouvelle).<\/p>\n<p>A quarta-feira ser\u00e1 dedicada \u00e0 realiza\u00e7\u00e3o de minicursos, no Departamento de Administra\u00e7\u00e3o e Economia (<a href=\"http:\/\/www.dae.ufla.br\/\">DAE<\/a>). Consultoria legislativa, planejamento estrat\u00e9gico no \u00e2mbito local e marketing e estat\u00edstica eleitoral s\u00e3o os temas tratados nos minicursos.<\/p>\n<p>Na quinta-feira, haver\u00e1 uma mesa-redonda sobre a participa\u00e7\u00e3o popular na administra\u00e7\u00e3o p\u00fablica, \u00e0s 19 horas, no Anfiteatro Magno Ant\u00f4nio Patto Ramalho (Dep. de Biologia).<\/p>\n<p>A sexta-feira ser\u00e1 dedicada \u00e0s atividades de encerramento, no Clube de Campo do Sind-UFLA. A partir das 20 horas, ser\u00e3o realizadas uma palestra motivacional e, em seguida, uma confraterniza\u00e7\u00e3o.<\/p>\n<p>Ser\u00e1 poss\u00edvel se inscrever para o evento antes da palestra de abertura, no Sal\u00e3o de Conven\u00e7\u00f5es. As informa\u00e7\u00f5es sobre a Conex\u00e3o P\u00fablica (programa\u00e7\u00e3o e inscri\u00e7\u00f5es, entre outras) est\u00e3o dispon\u00edveis <a href=\"https:\/\/www.doity.com.br\/iiconexaopub\">neste site<\/a>. O evento \u00e9 organizado pelo Centro Acad\u00eamico de Administra\u00e7\u00e3o P\u00fablica.<\/p>\n<p>&nbsp;<\/p>\n","protected":false},"excerpt":{"rendered":"<p>Os desafios da profiss\u00e3o e o papel do gestor p\u00fablico, em suas inst\u00e2ncias, ser\u00e3o discutidos na Conex\u00e3o P\u00fablica, evento que ocorrer\u00e1 na UFLA de 10 a 14 de novembro. Nesta segunda edi\u00e7\u00e3o, pol\u00edticos e administradores de institui\u00e7\u00f5es de \u00e2mbito nacional participam das palestras, discutindo temas atuais e compartilhando suas experi\u00eancias na gest\u00e3o p\u00fablica. A palestra &hellip; <a href=\"https:\/\/www.ufla.br\/dcom\/2014\/11\/10\/conexao-publica-tera-abertura-hoje-10-com-palestra-sobre-atuacao-do-banco-central\/\" class=\"more-link\">Continue lendo <span class=\"screen-reader-text\">Conex\u00e3o P\u00fablica ter\u00e1 abertura hoje (10), com palestra sobre atua\u00e7\u00e3o do Banco Central<\/span> <span class=\"meta-nav\">&rarr;<\/span><\/a><\/p>\n","protected":false},"author":8,"featured_media":0,"comment_status":"closed","ping_status":"closed","sticky":false,"template":"","format":"standard","meta":{"ngg_post_thumbnail":0,"footnotes":""},"categories":[1],"tags":[818],"class_list":["post-72254","post","type-post","status-publish","format-standard","hentry","category-noticias","tag-administracao-publica"],"_links":{"self":[{"href":"https:\/\/www.ufla.br\/dcom\/wp-json\/wp\/v2\/posts\/72254","targetHints":{"allow":["GET"]}}],"collection":[{"href":"https:\/\/www.ufla.br\/dcom\/wp-json\/wp\/v2\/posts"}],"about":[{"href":"https:\/\/www.ufla.br\/dcom\/wp-json\/wp\/v2\/types\/post"}],"author":[{"embeddable":true,"href":"https:\/\/www.ufla.br\/dcom\/wp-json\/wp\/v2\/users\/8"}],"replies":[{"embeddable":true,"href":"https:\/\/www.ufla.br\/dcom\/wp-json\/wp\/v2\/comments?post=72254"}],"version-history":[{"count":1,"href":"https:\/\/www.ufla.br\/dcom\/wp-json\/wp\/v2\/posts\/72254\/revisions"}],"predecessor-version":[{"id":72255,"href":"https:\/\/www.ufla.br\/dcom\/wp-json\/wp\/v2\/posts\/72254\/revisions\/72255"}],"wp:attachment":[{"href":"https:\/\/www.ufla.br\/dcom\/wp-json\/wp\/v2\/media?parent=72254"}],"wp:term":[{"taxonomy":"category","embeddable":true,"href":"https:\/\/www.ufla.br\/dcom\/wp-json\/wp\/v2\/categories?post=72254"},{"taxonomy":"post_tag","embeddable":true,"href":"https:\/\/www.ufla.br\/dcom\/wp-json\/wp\/v2\/tags?post=72254"}],"curies":[{"name":"wp","href":"https:\/\/api.w.org\/{rel}","templated":true}]}}