{"id":71476,"date":"2014-10-29T14:39:17","date_gmt":"2014-10-29T17:39:17","guid":{"rendered":"http:\/\/www.ufla.br\/ascom\/?p=71476"},"modified":"2014-11-03T07:57:24","modified_gmt":"2014-11-03T10:57:24","slug":"semana-do-servidor-participe-das-atividades-ate-3110","status":"publish","type":"post","link":"https:\/\/www.ufla.br\/dcom\/2014\/10\/29\/semana-do-servidor-participe-das-atividades-ate-3110\/","title":{"rendered":"Semana do Servidor: participe das atividades, at\u00e9 31\/10"},"content":{"rendered":"<p><a href=\"http:\/\/www.ufla.br\/ascom\/wp-content\/uploads\/2014\/10\/palestra-servidores.jpg\"><img loading=\"lazy\" decoding=\"async\" class=\"alignright size-medium wp-image-71477\" src=\"http:\/\/www.ufla.br\/ascom\/wp-content\/uploads\/2014\/10\/palestra-servidores-249x166.jpg\" alt=\"palestra-servidores\" width=\"249\" height=\"166\" srcset=\"https:\/\/www.ufla.br\/dcom\/wp-content\/uploads\/2014\/10\/palestra-servidores-249x166.jpg 249w, https:\/\/www.ufla.br\/dcom\/wp-content\/uploads\/2014\/10\/palestra-servidores-612x408.jpg 612w, https:\/\/www.ufla.br\/dcom\/wp-content\/uploads\/2014\/10\/palestra-servidores.jpg 900w\" sizes=\"auto, (max-width: 249px) 100vw, 249px\" \/><\/a>Nesta semana, Adufla e Sind-UFLA promovem, em conjunto, a Semana do Servidor, com uma programa\u00e7\u00e3o que abrange docentes, t\u00e9cnicos administrativos, profissionais terceirizados e aposentados. As atividades come\u00e7aram com um caf\u00e9 para os aposentados e a palestra \u201cAlegria de Viver: uma op\u00e7\u00e3o pessoal\u201d, ministrada pela enfermeira Fl\u00e1via Alvarenga Fernandes Bruzi (Praec). Na solenidade de in\u00edcio, a servidora Ma\u00edsa Aparecida de Lima (Sind-UFLA) e o professor Francisval de Melo Carvalho (Adufla) destacaram a import\u00e2ncia de valorizar inicialmente os aposentados, respons\u00e1veis pela consolida\u00e7\u00e3o da UFLA. Tamb\u00e9m enfatizaram a parceria entre os sindicatos nesta realiza\u00e7\u00e3o.<\/p>\n<p><strong>Forma\u00e7\u00e3o sindical foi o tema da palestra da tarde no primeiro dia<\/strong><\/p>\n<p><a href=\"http:\/\/www.ufla.br\/ascom\/wp-content\/uploads\/2014\/10\/palestra-semana-servidor.jpg\"><img loading=\"lazy\" decoding=\"async\" class=\"alignleft size-medium wp-image-71478\" src=\"http:\/\/www.ufla.br\/ascom\/wp-content\/uploads\/2014\/10\/palestra-semana-servidor-249x176.jpg\" alt=\"palestra-semana-servidor\" width=\"249\" height=\"176\" srcset=\"https:\/\/www.ufla.br\/dcom\/wp-content\/uploads\/2014\/10\/palestra-semana-servidor-249x176.jpg 249w, https:\/\/www.ufla.br\/dcom\/wp-content\/uploads\/2014\/10\/palestra-semana-servidor-612x434.jpg 612w, https:\/\/www.ufla.br\/dcom\/wp-content\/uploads\/2014\/10\/palestra-semana-servidor.jpg 998w\" sizes=\"auto, (max-width: 249px) 100vw, 249px\" \/><\/a>Na tarde do dia 27\/10, a palestra dirigida aos servidores foi proferida pelo professor da Universidade Estadual do Rio de Janeiro (Uerj) Helder Molina. Com 27 anos de atua\u00e7\u00e3o no movimento sindical, o professor falou sobre forma\u00e7\u00e3o sindical. Ele j\u00e1 esteve na UFLA em outras duas ocasi\u00f5es a convite do Sind-UFLA.<\/p>\n<p>Inicialmente, o professor Molina convidou os servidores a refletirem sobre o envolvimento das pessoas com a mobiliza\u00e7\u00e3o dos sindicados. Citou, entre outros pontos, os estudos sociol\u00f3gicos que caracterizam o comportamento dos trabalhadores no atual per\u00edodo hist\u00f3rico, o papel que as redes sociais t\u00eam desempenhado nesse contexto, as formas de participa\u00e7\u00e3o dos jovens nos movimentos e a burocratiza\u00e7\u00e3o do movimento sindical.<\/p>\n<p>Ele tamb\u00e9m destacou a import\u00e2ncia de os servidores mais jovens tomarem consci\u00eancia de que os direitos em vigor no presente, como os concursos p\u00fablicos e os planos de carreira, s\u00e3o resultados de conquistas feitas pelo movimento sindical no passado. \u201cTudo \u00e9 conquistado por meio da luta e do movimento dos trabalhadores\u201d, enfatizou.<\/p>\n<p>A integrante da diretoria da Adufla, professora Amanda Castro, avaliou positivamente a palestra. \u201cS\u00e3o temas sobre os quais precisamos refletir: diante da conjuntura atual, o movimento sindical enfrenta dificuldades, mas \u00e9 preciso persistir na luta, debater, abrir espa\u00e7os de discuss\u00e3o e avan\u00e7ar nos cursos de forma\u00e7\u00e3o sindical\u201d, diz. Para saber mais sobre o professor Helder Molina, acesse <a href=\"http:\/\/heldermolina.blogspot.com.br\/\">http:\/\/heldermolina.blogspot.com.br\/<\/a>.<\/p>\n<p>Na ter\u00e7a-feira, houve uma palestra sobre aposentadoria pelo INSS, com Maria Jos\u00e9 de Carvalho Alvarenga. Tamb\u00e9m foram iniciados torneios de truco e t\u00eanis de mesa, no SindClube. Na quarta-feira, foram realizadas duas palestras: uma sobre as vantagens e desvantagens da Funda\u00e7\u00e3o de Previd\u00eancia Complementar do Servidor P\u00fablico Federal (Funpresp), ministrada por Henrique Ara\u00fajo da Cunha; e outra sobre processo administrativo e den\u00fancias no servi\u00e7o p\u00fablico federal, pelo advogado Marcelo Aroeira Braga.<\/p>\n<p><strong>Participe da programa\u00e7\u00e3o<\/strong><\/p>\n<p>Nesta noite (29\/10), \u00e0s 19h30, ser\u00e3o iniciados, no Clube de Campo da Adufla, os torneios de futebol de campo e v\u00f4lei feminino.<\/p>\n<p>Na quinta-feira (30), Ros\u00e2ngela Gomes Soares da Costa e Liliane Machado (representantes da Fasubra e Andes) far\u00e3o uma palestra sobre os desafios, conquistas e expectativas para a mulher no servi\u00e7o p\u00fablico. Ser\u00e1 no Anfiteatro da Biblioteca, \u00e0s 8h30. Durante a noite, os torneios de futebol de campo (Sind-Clube) e v\u00f4lei feminino (clube da Adufla) ter\u00e3o continuidade, a partir das 19h30.<\/p>\n<p>A sa\u00fade preventiva ser\u00e1 o tema de palestra no dia 31, \u00e0s 8 horas, no Anfiteatro da Biblioteca. O palestrante \u00e9 Alfredo Melhem Baruqui.<\/p>\n<p><strong>Caminhada e premia\u00e7\u00f5es<\/strong><\/p>\n<p>A tradicional caminhada de servidores e convidados ocorrer\u00e1 no dia 31, \u00e0s 17 horas. Os participantes sair\u00e3o do SindClube, passar\u00e3o pela avenida principal da UFLA e pela avenida da esta\u00e7\u00e3o experimental da Epamig, e chegar\u00e3o ao clube de campo da Adufla. \u00a0Ap\u00f3s a chegada, ocorrer\u00e3o as finais do futebol e truco, e ser\u00e3o entregues as medalhas aos vencedores dos torneios. Haver\u00e1, ainda, um concurso de batidas (drinks).<\/p>\n<h5>Colabora\u00e7\u00e3o: Ana Eliza Alvim (foto e texto da palestra de Forma\u00e7\u00e3o Sindical)<\/h5>\n<p>&nbsp;<\/p>\n","protected":false},"excerpt":{"rendered":"<p>Nesta semana, Adufla e Sind-UFLA promovem, em conjunto, a Semana do Servidor, com uma programa\u00e7\u00e3o que abrange docentes, t\u00e9cnicos administrativos, profissionais terceirizados e aposentados. As atividades come\u00e7aram com um caf\u00e9 para os aposentados e a palestra \u201cAlegria de Viver: uma op\u00e7\u00e3o pessoal\u201d, ministrada pela enfermeira Fl\u00e1via Alvarenga Fernandes Bruzi (Praec). Na solenidade de in\u00edcio, a &hellip; <a href=\"https:\/\/www.ufla.br\/dcom\/2014\/10\/29\/semana-do-servidor-participe-das-atividades-ate-3110\/\" class=\"more-link\">Continue lendo <span class=\"screen-reader-text\">Semana do Servidor: participe das atividades, at\u00e9 31\/10<\/span> <span class=\"meta-nav\">&rarr;<\/span><\/a><\/p>\n","protected":false},"author":8,"featured_media":0,"comment_status":"closed","ping_status":"closed","sticky":false,"template":"","format":"standard","meta":{"ngg_post_thumbnail":0,"footnotes":""},"categories":[1],"tags":[447,237,396],"class_list":["post-71476","post","type-post","status-publish","format-standard","hentry","category-noticias","tag-adufla","tag-servidores","tag-sindufla"],"_links":{"self":[{"href":"https:\/\/www.ufla.br\/dcom\/wp-json\/wp\/v2\/posts\/71476","targetHints":{"allow":["GET"]}}],"collection":[{"href":"https:\/\/www.ufla.br\/dcom\/wp-json\/wp\/v2\/posts"}],"about":[{"href":"https:\/\/www.ufla.br\/dcom\/wp-json\/wp\/v2\/types\/post"}],"author":[{"embeddable":true,"href":"https:\/\/www.ufla.br\/dcom\/wp-json\/wp\/v2\/users\/8"}],"replies":[{"embeddable":true,"href":"https:\/\/www.ufla.br\/dcom\/wp-json\/wp\/v2\/comments?post=71476"}],"version-history":[{"count":3,"href":"https:\/\/www.ufla.br\/dcom\/wp-json\/wp\/v2\/posts\/71476\/revisions"}],"predecessor-version":[{"id":71593,"href":"https:\/\/www.ufla.br\/dcom\/wp-json\/wp\/v2\/posts\/71476\/revisions\/71593"}],"wp:attachment":[{"href":"https:\/\/www.ufla.br\/dcom\/wp-json\/wp\/v2\/media?parent=71476"}],"wp:term":[{"taxonomy":"category","embeddable":true,"href":"https:\/\/www.ufla.br\/dcom\/wp-json\/wp\/v2\/categories?post=71476"},{"taxonomy":"post_tag","embeddable":true,"href":"https:\/\/www.ufla.br\/dcom\/wp-json\/wp\/v2\/tags?post=71476"}],"curies":[{"name":"wp","href":"https:\/\/api.w.org\/{rel}","templated":true}]}}