{"id":7057,"date":"2011-10-31T14:17:10","date_gmt":"2011-10-31T17:17:10","guid":{"rendered":"http:\/\/www.ufla.br\/ascom\/?p=7057"},"modified":"2011-11-21T10:31:51","modified_gmt":"2011-11-21T13:31:51","slug":"ufla-realiza-palestra-sobre-caramujo-africano-nesta-terca-feira","status":"publish","type":"post","link":"https:\/\/www.ufla.br\/dcom\/2011\/10\/31\/ufla-realiza-palestra-sobre-caramujo-africano-nesta-terca-feira\/","title":{"rendered":"UFLA realiza palestra sobre caramujo africano nesta ter\u00e7a-feira (1\u00ba)"},"content":{"rendered":"<h6>Cibele Aguiar<\/h6>\n<p><a href=\"http:\/\/www.ufla.br\/ascom\/wp-content\/uploads\/2011\/10\/31.10-caramujo.jpg\"><img loading=\"lazy\" decoding=\"async\" class=\"alignleft size-full wp-image-7058\" title=\"31.10 caramujo\" src=\"http:\/\/www.ufla.br\/ascom\/wp-content\/uploads\/2011\/10\/31.10-caramujo.jpg\" alt=\"\" width=\"220\" height=\"110\" \/><\/a>A Coordena\u00e7\u00e3o de Preven\u00e7\u00e3o de Endemias da Universidade Federal de Lavras (UFLA), realiza nesta ter\u00e7a-feira (1\u00ba), \u00e0s 16 horas, no anfiteatro do Pavilh\u00e3o 7, a palestra: \u201c<em>Achatina fulica<\/em> no contexto da sa\u00fade p\u00fablica e preven\u00e7\u00e3o de endemias\u201d, ministrada pelo bi\u00f3logo F\u00e1bio Andr\u00e9 Faraco, do Instituto Chico Mendes de Conserva\u00e7\u00e3o da Biodiversidade (ICMBio).<\/p>\n<p>De acordo com a professora Joziana Muniz de Paiva Bar\u00e7ante, do departamento de Medicina veterin\u00e1ria (DMV), o molusco <em>Achatina fulica, <\/em>ou caramujo gigante africano, \u00e9 um importante hospedeiro intermedi\u00e1rio do parasito <em>Angiostrongylus cantonensis<\/em>, agente etiol\u00f3gico da meningite eosinof\u00edlica. \u201cEsse tipo de meningite ocorre principalmente na \u00c1sia, por\u00e9m, em 2007, foi feito o primeiro relato deste parasito no Brasil, no Estado do Esp\u00edrito Santo. Desde ent\u00e3o, v\u00e1rios relatos t\u00eam sido feitos em diversas partes do pa\u00eds. O molusco j\u00e1 foi relatado em 17 Estados brasileiros e sua ocorr\u00eancia j\u00e1 foi verificada no munic\u00edpio de Lavras, inclusive dentro do <em>c\u00e2mpus <\/em>da UFLA\u201d, explica a professora. <em><\/em><\/p>\n<p>Ainda segundo Joziana Bar\u00e7ante, o caramujo africano tamb\u00e9m \u00e9 um responsavel indireto pela potencial transmiss\u00e3o do v\u00edrus do Dengue e da Febre Amarela. J\u00e1 foi constatado em S\u00e3o Paulo que as conchas de moluscos mortos podiam encher-se d&#8217;\u00e1gua e tornar-se um potencial criadouro do <em>Aedes aegypti<\/em>, mosquito transmissor dos v\u00edrus citados.<\/p>\n<p>Al\u00e9m de sua import\u00e2ncia no contexto da sa\u00fade p\u00fablica, devido a sua r\u00e1pida reprodu\u00e7\u00e3o, este molusco se tornou uma praga agr\u00edcola, alimentando-se vorazmente de diversos vegetais de consumo humano. Em parecer t\u00e9cnico 003\/03 publicado pelo Ibama e pelo Minist\u00e9rio da Agricultura, Pecu\u00e1ria e Abastecimento (Mapa), em 2003, considera ilegal a cria\u00e7\u00e3o de moluscos africanos no pa\u00eds e determina a erradica\u00e7\u00e3o da esp\u00e9cie, prevendo a notifica\u00e7\u00e3o dos produtores sobre a ilegalidade da atividade. Este parecer vem refor\u00e7ar a Portaria 102\/98 do Ibama, de 1998, que regulamenta os criadouros de fauna ex\u00f3tica para fins comerciais com o estabelecimento de modelos de cria\u00e7\u00e3o e a exig\u00eancia de registro dos criadouros junto ao Ibama.<\/p>\n<p>&nbsp;<\/p>\n","protected":false},"excerpt":{"rendered":"<p>A Coordena\u00e7\u00e3o de Preven\u00e7\u00e3o de Endemias da Universidade Federal de Lavras (UFLA), realiza nesta ter\u00e7a-feira (1\u00ba), \u00e0s 16 horas, no anfiteatro do Pavilh\u00e3o 7, a palestra: \u201cAchatina fulica no contexto da sa\u00fade p\u00fablica e preven\u00e7\u00e3o de endemias\u201d (&#8230;)<\/p>\n","protected":false},"author":6,"featured_media":0,"comment_status":"closed","ping_status":"closed","sticky":false,"template":"","format":"standard","meta":{"ngg_post_thumbnail":0,"footnotes":""},"categories":[1],"tags":[],"class_list":["post-7057","post","type-post","status-publish","format-standard","hentry","category-noticias"],"_links":{"self":[{"href":"https:\/\/www.ufla.br\/dcom\/wp-json\/wp\/v2\/posts\/7057","targetHints":{"allow":["GET"]}}],"collection":[{"href":"https:\/\/www.ufla.br\/dcom\/wp-json\/wp\/v2\/posts"}],"about":[{"href":"https:\/\/www.ufla.br\/dcom\/wp-json\/wp\/v2\/types\/post"}],"author":[{"embeddable":true,"href":"https:\/\/www.ufla.br\/dcom\/wp-json\/wp\/v2\/users\/6"}],"replies":[{"embeddable":true,"href":"https:\/\/www.ufla.br\/dcom\/wp-json\/wp\/v2\/comments?post=7057"}],"version-history":[{"count":5,"href":"https:\/\/www.ufla.br\/dcom\/wp-json\/wp\/v2\/posts\/7057\/revisions"}],"predecessor-version":[{"id":7685,"href":"https:\/\/www.ufla.br\/dcom\/wp-json\/wp\/v2\/posts\/7057\/revisions\/7685"}],"wp:attachment":[{"href":"https:\/\/www.ufla.br\/dcom\/wp-json\/wp\/v2\/media?parent=7057"}],"wp:term":[{"taxonomy":"category","embeddable":true,"href":"https:\/\/www.ufla.br\/dcom\/wp-json\/wp\/v2\/categories?post=7057"},{"taxonomy":"post_tag","embeddable":true,"href":"https:\/\/www.ufla.br\/dcom\/wp-json\/wp\/v2\/tags?post=7057"}],"curies":[{"name":"wp","href":"https:\/\/api.w.org\/{rel}","templated":true}]}}