{"id":7027,"date":"2011-10-31T09:38:25","date_gmt":"2011-10-31T12:38:25","guid":{"rendered":"http:\/\/www.ufla.br\/ascom\/?p=7027"},"modified":"2011-11-10T07:57:25","modified_gmt":"2011-11-10T10:57:25","slug":"mec-confirma-vazamento-no-pre-teste-em-escola-de-fortaleza","status":"publish","type":"post","link":"https:\/\/www.ufla.br\/dcom\/2011\/10\/31\/mec-confirma-vazamento-no-pre-teste-em-escola-de-fortaleza\/","title":{"rendered":"MEC confirma vazamento no pr\u00e9-teste em escola de Fortaleza"},"content":{"rendered":"<p><a href=\"http:\/\/www.ufla.br\/ascom\/wp-content\/uploads\/2011\/10\/26.10-enem3.jpg\"><img loading=\"lazy\" decoding=\"async\" class=\"alignleft size-full wp-image-7034\" title=\"26.10 enem\" src=\"http:\/\/www.ufla.br\/ascom\/wp-content\/uploads\/2011\/10\/26.10-enem3.jpg\" alt=\"\" width=\"240\" height=\"158\" \/><\/a>Em nota divulgada na quinta-feira (27), o Minist\u00e9rio da Educa\u00e7\u00e3o (MEC) esclarece:<\/p>\n<p>Segundo os dados levantados pelo Instituto Nacional de Estudos e Pesquisas Educacionais (Inep), constatou-se que o Col\u00e9gio Christus, em Fortaleza, foi sorteado para a aplica\u00e7\u00e3o de pr\u00e9-testes para o Banco Nacional de Itens, realizados em outubro de 2010. O pr\u00e9-teste foi aplicado para duas turmas, tamb\u00e9m sorteadas, uma de 47 alunos e outra de 44 alunos, em um dia normal de aula. Os alunos e a escola haviam sido informados apenas de que se tratava de um pr\u00e9-teste para o Banco Nacional de Itens, que auxiliaria nas avalia\u00e7\u00f5es da educa\u00e7\u00e3o b\u00e1sica. Os pr\u00e9-testes aplicados pelo Inep seguem procedimentos sigilosos. Apenas os alunos t\u00eam acesso aos cadernos durante a aplica\u00e7\u00e3o que \u00e9 acompanhada por tr\u00eas fiscais em cada turma.<\/p>\n<p>Todos os cadernos foram devolvidos e devidamente conferidos. N\u00e3o houve, portanto, extravio do material. Entretanto, a an\u00e1lise das quest\u00f5es divulgadas pela rede social no in\u00edcio da semana levou os t\u00e9cnicos \u00e0 conclus\u00e3o de que as quest\u00f5es de matem\u00e1tica e ci\u00eancias da natureza e ci\u00eancias humanas e linguagens de dois dos 32 cadernos de quest\u00f5es do pr\u00e9-testes foram copiadas, das quais 14 constavam da prova do Enem 2011.<\/p>\n<p>Enfatiza-se que as quest\u00f5es reproduzidas n\u00e3o eram de dom\u00ednio p\u00fablico e n\u00e3o poderiam ter sido memorizadas pelos estudantes, devido ao grau de detalhismo e similaridade. Tamb\u00e9m est\u00e1 afastada a hip\u00f3tese de que as quest\u00f5es teriam circulado pela web antes da realiza\u00e7\u00e3o da prova.<\/p>\n<p>A decis\u00e3o do Inep de cancelar as provas realizadas pelos alunos do Col\u00e9gio Christus baseia-se unicamente no princ\u00edpio da isonomia, fazendo-se justi\u00e7a. Na medida em que os estudantes do col\u00e9gio tiveram acesso a essas quest\u00f5es, eles passaram a ter vantagem em rela\u00e7\u00e3o aos demais participantes. Assim, a reaplica\u00e7\u00e3o da prova \u00e9 a melhor forma de compensar preju\u00edzos ou favorecimentos a qualquer participante, j\u00e1 que a metodologia de an\u00e1lise dos resultados permite a comparabilidade.<\/p>\n<p>A Pol\u00edcia Federal segue na investiga\u00e7\u00e3o para apurar os respons\u00e1veis e as circunst\u00e2ncias em que se deu a fraude no pr\u00e9-teste aplicado no Col\u00e9gio Christus, em outubro de 2010.<\/p>\n<p><strong><em>Fonte: Portal MEC<\/em><\/strong><strong><em><\/em><\/strong><\/p>\n","protected":false},"excerpt":{"rendered":"<p>Segundo os dados levantados pelo Instituto Nacional de Estudos e Pesquisas Educacionais (Inep), constatou-se que o Col\u00e9gio Christus, em Fortaleza, foi sorteado para a aplica\u00e7\u00e3o de pr\u00e9-testes para o Banco Nacional de Itens (&#8230;)<\/p>\n","protected":false},"author":6,"featured_media":0,"comment_status":"closed","ping_status":"closed","sticky":false,"template":"","format":"standard","meta":{"ngg_post_thumbnail":0,"footnotes":""},"categories":[10],"tags":[],"class_list":["post-7027","post","type-post","status-publish","format-standard","hentry","category-menores"],"_links":{"self":[{"href":"https:\/\/www.ufla.br\/dcom\/wp-json\/wp\/v2\/posts\/7027","targetHints":{"allow":["GET"]}}],"collection":[{"href":"https:\/\/www.ufla.br\/dcom\/wp-json\/wp\/v2\/posts"}],"about":[{"href":"https:\/\/www.ufla.br\/dcom\/wp-json\/wp\/v2\/types\/post"}],"author":[{"embeddable":true,"href":"https:\/\/www.ufla.br\/dcom\/wp-json\/wp\/v2\/users\/6"}],"replies":[{"embeddable":true,"href":"https:\/\/www.ufla.br\/dcom\/wp-json\/wp\/v2\/comments?post=7027"}],"version-history":[{"count":5,"href":"https:\/\/www.ufla.br\/dcom\/wp-json\/wp\/v2\/posts\/7027\/revisions"}],"predecessor-version":[{"id":7406,"href":"https:\/\/www.ufla.br\/dcom\/wp-json\/wp\/v2\/posts\/7027\/revisions\/7406"}],"wp:attachment":[{"href":"https:\/\/www.ufla.br\/dcom\/wp-json\/wp\/v2\/media?parent=7027"}],"wp:term":[{"taxonomy":"category","embeddable":true,"href":"https:\/\/www.ufla.br\/dcom\/wp-json\/wp\/v2\/categories?post=7027"},{"taxonomy":"post_tag","embeddable":true,"href":"https:\/\/www.ufla.br\/dcom\/wp-json\/wp\/v2\/tags?post=7027"}],"curies":[{"name":"wp","href":"https:\/\/api.w.org\/{rel}","templated":true}]}}