{"id":70225,"date":"2014-10-10T14:15:45","date_gmt":"2014-10-10T17:15:45","guid":{"rendered":"http:\/\/www.ufla.br\/ascom\/?p=70225"},"modified":"2014-10-15T08:24:18","modified_gmt":"2014-10-15T11:24:18","slug":"festa-das-estrelas-exibira-neste-sabado-1110-o-quinto-episodio-da-serie-cosmos","status":"publish","type":"post","link":"https:\/\/www.ufla.br\/dcom\/2014\/10\/10\/festa-das-estrelas-exibira-neste-sabado-1110-o-quinto-episodio-da-serie-cosmos\/","title":{"rendered":"Festa das Estrelas exibir\u00e1 neste s\u00e1bado (11\/10) o quinto epis\u00f3dio da s\u00e9rie Cosmos"},"content":{"rendered":"<p><a href=\"http:\/\/www.ufla.br\/ascom\/wp-content\/uploads\/2014\/09\/cosmos.jpg\"><img loading=\"lazy\" decoding=\"async\" class=\"alignleft size-medium wp-image-67922\" src=\"http:\/\/www.ufla.br\/ascom\/wp-content\/uploads\/2014\/09\/cosmos-249x156.jpg\" alt=\"cosmos\" width=\"249\" height=\"156\" srcset=\"https:\/\/www.ufla.br\/dcom\/wp-content\/uploads\/2014\/09\/cosmos-249x156.jpg 249w, https:\/\/www.ufla.br\/dcom\/wp-content\/uploads\/2014\/09\/cosmos-612x384.jpg 612w, https:\/\/www.ufla.br\/dcom\/wp-content\/uploads\/2014\/09\/cosmos.jpg 841w\" sizes=\"auto, (max-width: 249px) 100vw, 249px\" \/><\/a>A oficina <em>Festa das Estrelas<\/em>, organizada pela equipe do projeto \u201cA Magia da F\u00edsica e do Universo\u201d, exibir\u00e1 neste s\u00e1bado (11\/10) o quinto epis\u00f3dio a s\u00e9rie <em>Cosmos<\/em> \u2013 <em>Escondido na Luz<\/em>. O evento tem in\u00edcio \u00e0s 19h, no Museu de Hist\u00f3ria Natural (MHN), c\u00e2mpus hist\u00f3rico da Universidade Federal de Lavras (UFLA). A entrada \u00e9 aberta \u00e0 comunidade e n\u00e3o tem custo.<\/p>\n<p>Este epis\u00f3dio da s\u00e9rie de Neil Tyson explora as propriedades da luz, as c\u00e2meras, o m\u00e9todo cient\u00edfico e a composi\u00e7\u00e3o do universo. O document\u00e1rio tem a contribui\u00e7\u00e3o do f\u00edsico que viveu no s\u00e9culo XI Ibn al-Haytham, considerado o \u201cpai do m\u00e9todo cient\u00edfico\u201d. Ap\u00f3s a exibi\u00e7\u00e3o, haver\u00e1 debate sobre o tema tratado pelo filme e observa\u00e7\u00e3o do c\u00e9u a olho nu e com telesc\u00f3pios.<\/p>\n<p>O projeto A Magia da F\u00edsica e do Universo \u00e9 coordenado pelos professores do Departamento de Ci\u00eancias Exatas (DEX) Jos\u00e9 Alberto Casto Nogales Vera e Karen Luz Burgoa Rosso. A iniciativa tem o apoio do CNPq, do Departamento de Ci\u00eancias Exatas (DEX), da Pr\u00f3-Reitoria de Assuntos Estudantis e Comunit\u00e1rios (Praec), do Museu de Hist\u00f3ria Natural (MHN), da Pr\u00f3-Reitoria de Extens\u00e3o e Cultura (Proec), da Pr\u00f3-Reitoria de Pesquisa (PRP), da Pr\u00f3-Reitoria de Gradua\u00e7\u00e3o (PRG) e do Programa de P\u00f3s-Gradua\u00e7\u00e3o em F\u00edsica.<\/p>\n","protected":false},"excerpt":{"rendered":"<p>A oficina Festa das Estrelas, organizada pela equipe do projeto \u201cA Magia da F\u00edsica e do Universo\u201d, exibir\u00e1 neste s\u00e1bado (11\/10) o quinto epis\u00f3dio a s\u00e9rie Cosmos \u2013 Escondido na Luz. O evento tem in\u00edcio \u00e0s 19h, no Museu de Hist\u00f3ria Natural (MHN), c\u00e2mpus hist\u00f3rico da Universidade Federal de Lavras (UFLA). A entrada \u00e9 aberta &hellip; <a href=\"https:\/\/www.ufla.br\/dcom\/2014\/10\/10\/festa-das-estrelas-exibira-neste-sabado-1110-o-quinto-episodio-da-serie-cosmos\/\" class=\"more-link\">Continue lendo <span class=\"screen-reader-text\">Festa das Estrelas exibir\u00e1 neste s\u00e1bado (11\/10) o quinto epis\u00f3dio da s\u00e9rie Cosmos<\/span> <span class=\"meta-nav\">&rarr;<\/span><\/a><\/p>\n","protected":false},"author":13,"featured_media":0,"comment_status":"closed","ping_status":"closed","sticky":false,"template":"","format":"standard","meta":{"ngg_post_thumbnail":0,"footnotes":""},"categories":[1],"tags":[988,1006,453],"class_list":["post-70225","post","type-post","status-publish","format-standard","hentry","category-noticias","tag-a-magia-da-fisica-e-do-universo","tag-festa-das-estrelas","tag-mhn"],"_links":{"self":[{"href":"https:\/\/www.ufla.br\/dcom\/wp-json\/wp\/v2\/posts\/70225","targetHints":{"allow":["GET"]}}],"collection":[{"href":"https:\/\/www.ufla.br\/dcom\/wp-json\/wp\/v2\/posts"}],"about":[{"href":"https:\/\/www.ufla.br\/dcom\/wp-json\/wp\/v2\/types\/post"}],"author":[{"embeddable":true,"href":"https:\/\/www.ufla.br\/dcom\/wp-json\/wp\/v2\/users\/13"}],"replies":[{"embeddable":true,"href":"https:\/\/www.ufla.br\/dcom\/wp-json\/wp\/v2\/comments?post=70225"}],"version-history":[{"count":2,"href":"https:\/\/www.ufla.br\/dcom\/wp-json\/wp\/v2\/posts\/70225\/revisions"}],"predecessor-version":[{"id":70227,"href":"https:\/\/www.ufla.br\/dcom\/wp-json\/wp\/v2\/posts\/70225\/revisions\/70227"}],"wp:attachment":[{"href":"https:\/\/www.ufla.br\/dcom\/wp-json\/wp\/v2\/media?parent=70225"}],"wp:term":[{"taxonomy":"category","embeddable":true,"href":"https:\/\/www.ufla.br\/dcom\/wp-json\/wp\/v2\/categories?post=70225"},{"taxonomy":"post_tag","embeddable":true,"href":"https:\/\/www.ufla.br\/dcom\/wp-json\/wp\/v2\/tags?post=70225"}],"curies":[{"name":"wp","href":"https:\/\/api.w.org\/{rel}","templated":true}]}}