{"id":7013,"date":"2011-10-27T11:09:28","date_gmt":"2011-10-27T14:09:28","guid":{"rendered":"http:\/\/www.ufla.br\/ascom\/?p=7013"},"modified":"2013-01-08T15:12:29","modified_gmt":"2013-01-08T18:12:29","slug":"premio-fejemg-sera-entregue-na-ufla","status":"publish","type":"post","link":"https:\/\/www.ufla.br\/dcom\/2011\/10\/27\/premio-fejemg-sera-entregue-na-ufla\/","title":{"rendered":"Pr\u00eamio Fejemg ser\u00e1 entregue na UFLA"},"content":{"rendered":"<h6><a href=\"http:\/\/www.ufla.br\/ascom\/wp-content\/uploads\/2011\/10\/logo.jpg\"><img loading=\"lazy\" decoding=\"async\" class=\"alignleft size-full wp-image-7014\" title=\"logo\" alt=\"\" src=\"http:\/\/www.ufla.br\/ascom\/wp-content\/uploads\/2011\/10\/logo.jpg\" width=\"213\" height=\"80\" \/><\/a><\/h6>\n<p>Empres\u00e1rios juniores de todo o estado se encontrar\u00e3o na Universidade Federal de Lavras (UFLA) nos dias 29 e 30. A Universidade sediar\u00e1 a s\u00e9tima edi\u00e7\u00e3o do Pr\u00eamio Fejemg, que seleciona as melhores pr\u00e1ticas de empresas juniores filiadas \u00e0 Federa\u00e7\u00e3o de Empresas Juniores do Estado de Minas Gerais (Fejemg) em cinco categorias.<\/p>\n<p>O an\u00fancio dos vencedores e a premia\u00e7\u00e3o ser\u00e3o feitos em uma solenidade no Sal\u00e3o de Conviv\u00eancia no dia 29. Antes da entrega, \u00e0s 20 horas, o consultor em gest\u00e3o empresarial Amintas Paiva Afonso far\u00e1 a palestra magna \u201cGest\u00e3o Estrat\u00e9gica na Era da Intui\u00e7\u00e3o\u201d.<\/p>\n<p>As categorias de premia\u00e7\u00e3o s\u00e3o divididas de acordo com o foco do projeto apresentado, analisando quesitos, como contribui\u00e7\u00e3o ao movimento de empresas juniores, gest\u00e3o interna, excel\u00eancia no trabalho realizado com clientes externos, responsabilidade social e avan\u00e7o na excel\u00eancia em gest\u00e3o.<\/p>\n<p>A programa\u00e7\u00e3o tamb\u00e9m inclui no s\u00e1bado, a partir das 13h30, a apresenta\u00e7\u00e3o de <em>cases<\/em>, <em>workshops<\/em> e rodas de discuss\u00e3o, proporcionando aprendizado na gest\u00e3o empresarial e troca de experi\u00eancia entre os participantes.<\/p>\n<p>O VII Pr\u00eamio Fejemg \u00e9 realizado pela Federa\u00e7\u00e3o de Empresas Juniores do Estado de Minas Gerais e UFLA J\u00fanior Consultoria Administrativa. Neste ano, o pr\u00eamio traz como tema a gest\u00e3o estrat\u00e9gica, apresentando como objetivos divulgar e fortalecer o movimento de empresas juniores e aproximar os universit\u00e1rios do mundo empresarial.<\/p>\n<p>&nbsp;<\/p>\n","protected":false},"excerpt":{"rendered":"<p>Empres\u00e1rios juniores de todo o estado se encontrar\u00e3o na Universidade Federal de Lavras (UFLA) nos dias 29 e 30. A Universidade sediar\u00e1 a s\u00e9tima edi\u00e7\u00e3o do Pr\u00eamio Fejemg, que seleciona as melhores pr\u00e1ticas de empresas juniores (&#8230;)<\/p>\n","protected":false},"author":8,"featured_media":0,"comment_status":"closed","ping_status":"closed","sticky":false,"template":"","format":"standard","meta":{"ngg_post_thumbnail":0,"footnotes":""},"categories":[10],"tags":[],"class_list":["post-7013","post","type-post","status-publish","format-standard","hentry","category-menores"],"_links":{"self":[{"href":"https:\/\/www.ufla.br\/dcom\/wp-json\/wp\/v2\/posts\/7013","targetHints":{"allow":["GET"]}}],"collection":[{"href":"https:\/\/www.ufla.br\/dcom\/wp-json\/wp\/v2\/posts"}],"about":[{"href":"https:\/\/www.ufla.br\/dcom\/wp-json\/wp\/v2\/types\/post"}],"author":[{"embeddable":true,"href":"https:\/\/www.ufla.br\/dcom\/wp-json\/wp\/v2\/users\/8"}],"replies":[{"embeddable":true,"href":"https:\/\/www.ufla.br\/dcom\/wp-json\/wp\/v2\/comments?post=7013"}],"version-history":[{"count":6,"href":"https:\/\/www.ufla.br\/dcom\/wp-json\/wp\/v2\/posts\/7013\/revisions"}],"predecessor-version":[{"id":7017,"href":"https:\/\/www.ufla.br\/dcom\/wp-json\/wp\/v2\/posts\/7013\/revisions\/7017"}],"wp:attachment":[{"href":"https:\/\/www.ufla.br\/dcom\/wp-json\/wp\/v2\/media?parent=7013"}],"wp:term":[{"taxonomy":"category","embeddable":true,"href":"https:\/\/www.ufla.br\/dcom\/wp-json\/wp\/v2\/categories?post=7013"},{"taxonomy":"post_tag","embeddable":true,"href":"https:\/\/www.ufla.br\/dcom\/wp-json\/wp\/v2\/tags?post=7013"}],"curies":[{"name":"wp","href":"https:\/\/api.w.org\/{rel}","templated":true}]}}