{"id":70044,"date":"2014-10-06T11:48:29","date_gmt":"2014-10-06T14:48:29","guid":{"rendered":"http:\/\/www.ufla.br\/ascom\/?p=70044"},"modified":"2014-10-17T18:11:13","modified_gmt":"2014-10-17T21:11:13","slug":"programa-de-internacionalizacao-da-ufla-reune-acoes-em-quatro-eixos-tematicos-veja-os-beneficios-previstos","status":"publish","type":"post","link":"https:\/\/www.ufla.br\/dcom\/2014\/10\/06\/programa-de-internacionalizacao-da-ufla-reune-acoes-em-quatro-eixos-tematicos-veja-os-beneficios-previstos\/","title":{"rendered":"Programa de Internacionaliza\u00e7\u00e3o da UFLA re\u00fane a\u00e7\u00f5es em quatro eixos tem\u00e1ticos \u2013 veja os benef\u00edcios previstos"},"content":{"rendered":"<figure id=\"attachment_70045\" aria-describedby=\"caption-attachment-70045\" style=\"width: 249px\" class=\"wp-caption alignleft\"><a href=\"http:\/\/www.ufla.br\/ascom\/wp-content\/uploads\/2014\/10\/lancamento-internacionalizacao-capa.jpg\"><img loading=\"lazy\" decoding=\"async\" class=\"wp-image-70045 size-medium\" src=\"http:\/\/www.ufla.br\/ascom\/wp-content\/uploads\/2014\/10\/lancamento-internacionalizacao-capa-249x166.jpg\" alt=\"Professor Scolforo apresenta os benef\u00edcios previstos no Programa\" width=\"249\" height=\"166\" srcset=\"https:\/\/www.ufla.br\/dcom\/wp-content\/uploads\/2014\/10\/lancamento-internacionalizacao-capa-249x166.jpg 249w, https:\/\/www.ufla.br\/dcom\/wp-content\/uploads\/2014\/10\/lancamento-internacionalizacao-capa-612x408.jpg 612w, https:\/\/www.ufla.br\/dcom\/wp-content\/uploads\/2014\/10\/lancamento-internacionalizacao-capa.jpg 1920w\" sizes=\"auto, (max-width: 249px) 100vw, 249px\" \/><\/a><figcaption id=\"caption-attachment-70045\" class=\"wp-caption-text\">Professor Scolforo apresenta os benef\u00edcios previstos no Programa<\/figcaption><\/figure>\n<p>Na quinta-feira (2\/10), foi realizada a cerim\u00f4nia de lan\u00e7amento do Programa de Internacionaliza\u00e7\u00e3o da Universidade Federal de Lavras (UFLA). Professores, t\u00e9cnicos administrativos e estudantes acompanharam a apresenta\u00e7\u00e3o do reitor, professor Jos\u00e9 Roberto Scolforo, que destacou o conjunto de pol\u00edticas, a\u00e7\u00f5es e metas que permitir\u00e3o inserir a Universidade em um novo patamar de reconhecimento internacional. A cerim\u00f4nia contou com a presen\u00e7a da vice-reitora, professora \u00c9dila Vilela de Resende Von Pinho, todos os pr\u00f3-reitores, chefes de departamentos e coordenadores de cursos de gradua\u00e7\u00e3o e p\u00f3s-gradua\u00e7\u00e3o.<\/p>\n<p>Entre as novidades apresentadas: a constru\u00e7\u00e3o do Centro de Idiomas, contrata\u00e7\u00e3o de professores de Ingl\u00eas, a oferta de cursos de ver\u00e3o para professores e t\u00e9cnicos na modalidade imers\u00e3o; a constru\u00e7\u00e3o da \u201cCasa de H\u00f3spedes\u201d, para professores e pesquisadores estrangeiros; a implementa\u00e7\u00e3o de um sistema de concess\u00e3o de recursos para os laborat\u00f3rios que receberem um professor visitante; reserva de vagas de professor substituto para professor visitante e para programas de p\u00f3s-doutoramento de professores da UFLA; o lan\u00e7amento do Programa de Est\u00edmulo \u00e0 Publica\u00e7\u00e3o em Peri\u00f3dicos de Alto Impacto Cient\u00edfico, que prev\u00ea benef\u00edcios para autores em peri\u00f3dicos classificados como A1, A2 e B1 e a estrutura\u00e7\u00e3o do escrit\u00f3rio virtual em Delaware (EUA) e Leuven (B\u00e9lgica), como base de apoio para o interc\u00e2mbio de estudantes e professores da UFLA.<\/p>\n<p>O Programa de Internacionaliza\u00e7\u00e3o re\u00fane a\u00e7\u00f5es em desenvolvimento na Institui\u00e7\u00e3o e tra\u00e7a metas para os pr\u00f3ximos 15 anos, visando a aumentar a competitividade acad\u00eamica em diferentes eixos (Ambiente Educacional Bil\u00edngue; Produ\u00e7\u00e3o Cient\u00edfica e Tecnol\u00f3gica Internacionalizada; Visibilidade Internacional e Coopera\u00e7\u00e3o Internacional). Cada um desses eixos prev\u00ea a\u00e7\u00f5es e metas espec\u00edficas.<\/p>\n<p>Em seu pronunciamento, o reitor relembrou que a Institui\u00e7\u00e3o nasceu de um processo de internacionaliza\u00e7\u00e3o e, ao longo de sua trajet\u00f3ria, re\u00fane iniciativas pessoais que contribu\u00edram para aumentar as parcerias internacionais. \u201cO objetivo central do Programa de Internacionaliza\u00e7\u00e3o \u00e9 justamente o de conjugar, apoiar e multiplicar as a\u00e7\u00f5es individuais, para garantir resultados ainda mais estrat\u00e9gicos e elevar a visibilidade da Universidade\u201d, considerou Scolforo.<\/p>\n<p>A internacionaliza\u00e7\u00e3o da UFLA \u00e9 um ponto vital e imediato que figura fortemente no planejamento da institui\u00e7\u00e3o. \u201cA realiza\u00e7\u00e3o de a\u00e7\u00f5es de internacionaliza\u00e7\u00e3o na institui\u00e7\u00e3o refletir\u00e1 um novo patamar de integra\u00e7\u00e3o global e ainda mais possibilidades de crescimento para a Institui\u00e7\u00e3o\u201d, considerou.<\/p>\n<p>Durante o evento, o reitor tamb\u00e9m fez o lan\u00e7amento do Guia do Estudante e Pesquisador Estrangeiro (<em>Student and Researcher\u2019s Guide<\/em>) e do programa de apoio ao estudante estrangeiro, chamado Brother UFLA (<a href=\"http:\/\/www.dri.ufla.br\/brotherprogram\/\">Consulte aqui<\/a>). Ap\u00f3s o lan\u00e7amento do Programa, houve a apresenta\u00e7\u00e3o das experi\u00eancias de internacionaliza\u00e7\u00e3o dos programas de p\u00f3s-gradua\u00e7\u00e3o da UFLA, com conceito 6 e 7 na Capes (leia mat\u00e9ria espec\u00edfica).<\/p>\n<p><strong><em>Ambiente Educacional Bil\u00edngue<\/em><\/strong><\/p>\n<figure id=\"attachment_70046\" aria-describedby=\"caption-attachment-70046\" style=\"width: 249px\" class=\"wp-caption alignright\"><a href=\"http:\/\/www.ufla.br\/ascom\/wp-content\/uploads\/2014\/10\/centro-de-linguas.jpg\"><img loading=\"lazy\" decoding=\"async\" class=\"size-medium wp-image-70046\" src=\"http:\/\/www.ufla.br\/ascom\/wp-content\/uploads\/2014\/10\/centro-de-linguas-249x130.jpg\" alt=\"Centro de Idiomas ser\u00e1 constru\u00eddo para apoiar conjunto de metas\" width=\"249\" height=\"130\" srcset=\"https:\/\/www.ufla.br\/dcom\/wp-content\/uploads\/2014\/10\/centro-de-linguas-249x130.jpg 249w, https:\/\/www.ufla.br\/dcom\/wp-content\/uploads\/2014\/10\/centro-de-linguas.jpg 291w\" sizes=\"auto, (max-width: 249px) 100vw, 249px\" \/><\/a><figcaption id=\"caption-attachment-70046\" class=\"wp-caption-text\">Centro de Idiomas ser\u00e1 constru\u00eddo para apoiar conjunto de metas<\/figcaption><\/figure>\n<p>O objetivo \u00e9 estabelecer o uso do idioma ingl\u00eas como segunda l\u00edngua no c\u00e2mpus da UFLA, incentivar o seu uso nas disciplinas dos cursos de gradua\u00e7\u00e3o e p\u00f3s-gradua\u00e7\u00e3o, propiciar a oferta de programas de p\u00f3s-gradua\u00e7\u00e3o em ingl\u00eas e tamb\u00e9m\u00a0o emprego de uma segunda l\u00edngua em eventos realizados na UFLA. Para atender a essas metas, est\u00e3o previstas diversas a\u00e7\u00f5es, entre elas, \u00a0a consolidado do Centro de Idiomas, a contrata\u00e7\u00e3o de docentes para ministra\u00e7\u00e3o sistem\u00e1tica e continuada de cursos de ingl\u00eas; a oferta de curso de ver\u00e3o de ingl\u00eas para servidores da UFLA, em ambiente de imers\u00e3o, a ser iniciado no ver\u00e3o 2014-2015; cria\u00e7\u00e3o de um Programa de Bolsas Institucionais para estudantes da l\u00edngua inglesa, estabelecimento de um programa de cursos de curta dura\u00e7\u00e3o de ingl\u00eas instrumental e de um programa de cursos de ingl\u00eas na modalidade EAD.<\/p>\n<p>Al\u00e9m disso, ser\u00e1 ampliados o acervo bibliogr\u00e1fico em ingl\u00eas e o incentivo para seu uso em sala de aula, fomentado a participa\u00e7\u00e3o de professores\/pesquisadores estrangeiros nas disciplinas de gradua\u00e7\u00e3o e p\u00f3s-gradua\u00e7\u00e3o por meio de videoconfer\u00eancia e a cria\u00e7\u00e3o de um programa de p\u00f3s-gradua\u00e7\u00e3o multidisciplinar ofertado no idioma ingl\u00eas. Haver\u00e1 apoio institucional para a realiza\u00e7\u00e3o de cursos internacionais de curta dura\u00e7\u00e3o capazes de atrair p\u00fablico estrangeiro e incentivo para apresenta\u00e7\u00f5es orais e escritas em ingl\u00eas nos congressos de Inicia\u00e7\u00e3o Cient\u00edfica e P\u00f3s-gradua\u00e7\u00e3o da UFLA.<\/p>\n<p><strong><em>Coopera\u00e7\u00e3o Internacional <\/em><\/strong><\/p>\n<figure id=\"attachment_70047\" aria-describedby=\"caption-attachment-70047\" style=\"width: 249px\" class=\"wp-caption alignleft\"><a href=\"http:\/\/www.ufla.br\/ascom\/wp-content\/uploads\/2014\/10\/casa-de-hospedes.jpg\"><img loading=\"lazy\" decoding=\"async\" class=\"size-medium wp-image-70047\" src=\"http:\/\/www.ufla.br\/ascom\/wp-content\/uploads\/2014\/10\/casa-de-hospedes-249x186.jpg\" alt=\"Casa de H\u00f3spedes dever\u00e1 abrigar professores e pesquisadores estrangeiros \" width=\"249\" height=\"186\" srcset=\"https:\/\/www.ufla.br\/dcom\/wp-content\/uploads\/2014\/10\/casa-de-hospedes-249x186.jpg 249w, https:\/\/www.ufla.br\/dcom\/wp-content\/uploads\/2014\/10\/casa-de-hospedes-612x459.jpg 612w, https:\/\/www.ufla.br\/dcom\/wp-content\/uploads\/2014\/10\/casa-de-hospedes.jpg 1632w\" sizes=\"auto, (max-width: 249px) 100vw, 249px\" \/><\/a><figcaption id=\"caption-attachment-70047\" class=\"wp-caption-text\">Casa de H\u00f3spedes dever\u00e1 abrigar professores e pesquisadores estrangeiros<\/figcaption><\/figure>\n<p>O objetivo deste eixo \u00e9 a implanta\u00e7\u00e3o de pol\u00edticas espec\u00edficas capazes de atrair docentes estrangeiros com elevada produ\u00e7\u00e3o cient\u00edfica para atua\u00e7\u00e3o e coopera\u00e7\u00e3o, regulamentar novos procedimentos para efetiva\u00e7\u00e3o da participa\u00e7\u00e3o dos estudantes no exterior e de estudantes estrangeiros na UFLA e estimular o est\u00e1gio de p\u00f3s-doutoramento para professores da Institui\u00e7\u00e3o.<\/p>\n<p>Entre as a\u00e7\u00f5es previstas, destaca-se a constru\u00e7\u00e3o da \u201cCasa de H\u00f3spedes\u201d, para professores e pesquisadores estrangeiros; a implementa\u00e7\u00e3o de um sistema de concess\u00e3o de recursos para pesquisa, como um <em>grant<\/em>, com cr\u00e9dito de R$ 25.000,00 para cada laborat\u00f3rio da institui\u00e7\u00e3o que receber um professor visitante, al\u00e9m do fornecimento a cada docente visitante de uma bolsa para aluno de gradua\u00e7\u00e3o de sua institui\u00e7\u00e3o de origem. Ser\u00e1 destinada uma reserva de vagas para professores substitutos para a contrata\u00e7\u00e3o de professores visitantes e tamb\u00e9m para a utiliza\u00e7\u00e3o em programas de p\u00f3s-doutoramento, sem sobrecarregar os pares. \u00a0Tamb\u00e9m haver\u00e1 o estabelecimento de novos procedimentos para matr\u00edcula de alunos estrangeiros na UFLA e ser\u00e3o criados programas de dupla titula\u00e7\u00e3o.<\/p>\n<p><strong><em>Produ\u00e7\u00e3o Cient\u00edfica e Tecnol\u00f3gica Internacionalizada<\/em><\/strong><\/p>\n<p>A meta \u00e9 aumentar a publica\u00e7\u00e3o cient\u00edfica internacionalizada, competitiva e multidisciplinar, capaz de atingir peri\u00f3dicos de alto impacto e aumentar a articula\u00e7\u00e3o interna entre grupos de pesquisa consolidados e com experi\u00eancia internacional com grupos emergentes. Entre as a\u00e7\u00f5es, ter\u00e1 in\u00edcio no dia 15 de outubro o Programa de Est\u00edmulo \u00e0 Publica\u00e7\u00e3o em Peri\u00f3dicos de Alto Impacto Cient\u00edfico, que prev\u00ea recursos para di\u00e1rias e passagens em congressos e reuni\u00f5es cient\u00edficas internacionais de alta relev\u00e2ncia, para autores em peri\u00f3dicos classificados como A1, A2 e B1 (todas as regras do programas ser\u00e3o brevemente divulgadas).<\/p>\n<p>Tamb\u00e9m ser\u00e3o lan\u00e7ados editais internos para apoio \u00e0 realiza\u00e7\u00e3o de pesquisas em projetos de coopera\u00e7\u00e3o internacional, que poder\u00e1 contar com um escrit\u00f3rio de assessoria jur\u00eddica internacional, junto \u00e0 DRI, assessorado por especialistas em direito internacional. Haver\u00e1 ainda lan\u00e7amento dos editais \u201cPrograma de Apoio ao Primeiro Projeto &#8211; PAPP 2\u201d, \u201cPrograma de Apoio aos Servidores T\u00e9cnicos &#8211; PAST 2\u201d, \u201cPrograma de Incentivo a Inova\u00e7\u00e3o \u2013 PII 3\u201d e \u00a0\u201cPrograma Grandes Equipamentos\u201d.<\/p>\n<figure id=\"attachment_69875\" aria-describedby=\"caption-attachment-69875\" style=\"width: 193px\" class=\"wp-caption alignright\"><a href=\"http:\/\/www.ufla.br\/ascom\/wp-content\/uploads\/2014\/10\/guide.jpg\"><img loading=\"lazy\" decoding=\"async\" class=\"wp-image-69875 size-medium\" src=\"http:\/\/www.ufla.br\/ascom\/wp-content\/uploads\/2014\/10\/guide-193x249.jpg\" alt=\"Guia do Estudante e Pesquisador Estrangeiro\" width=\"193\" height=\"249\" srcset=\"https:\/\/www.ufla.br\/dcom\/wp-content\/uploads\/2014\/10\/guide-193x249.jpg 193w, https:\/\/www.ufla.br\/dcom\/wp-content\/uploads\/2014\/10\/guide.jpg 322w\" sizes=\"auto, (max-width: 193px) 100vw, 193px\" \/><\/a><figcaption id=\"caption-attachment-69875\" class=\"wp-caption-text\">Guia do Estudante e Pesquisador Estrangeiro<\/figcaption><\/figure>\n<p><strong><em>Visibilidade Internacional <\/em><\/strong><\/p>\n<p>Para a melhoria da visibilidade internacional, ser\u00e1 enfatizado o conte\u00fado disponibilizado nas p\u00e1ginas das Pr\u00f3-Reitorias, Departamentos e Setores, incentivando a inser\u00e7\u00e3o de videoaulas, disserta\u00e7\u00f5es, teses e trabalhos acad\u00eamicos. Entre as a\u00e7\u00f5es, est\u00e3o previstos o fortalecimento do Reposit\u00f3rio Institucional da UFLA e a libera\u00e7\u00e3o do conte\u00fado dos ambientes virtuais de aprendizado.<\/p>\n<p>Tamb\u00e9m est\u00e1 em desenvolvimento a reestrutura\u00e7\u00e3o nos dom\u00ednios das p\u00e1ginas internas dos departamentos, aumento do <em>PageRank<\/em> , otimiza\u00e7\u00e3o dos <em>sites<\/em> para os mecanismos de busca e constru\u00e7\u00e3o da p\u00e1gina web da UFLA em ingl\u00eas, espanhol e franc\u00eas, com informa\u00e7\u00f5es espec\u00edficas de interesse do p\u00fablico estrangeiro, al\u00e9m de v\u00eddeo institucional e f\u00f4lderes. Outra novidade \u00e9 que ainda em outubro a UFLA ter\u00e1 Internet de alta performance, evoluindo dos atuais 165 megas, para um gigabites. Durante o evento, o reitor fez o lan\u00e7amento do \u201cGuia para Estudantes Estrangeiros na UFLA\u201d, em L\u00edngua Inglesa (consulte) e anunciou a estrutura\u00e7\u00e3o do escrit\u00f3rio virtual em Delaware (EUA) e Leuven (B\u00e9lgica), como base de apoio para o interc\u00e2mbio de estudantes e professores da UFLA.<\/p>\n<p>Consulte a galeria de fotos. Clique na primeira foto e siga a seta para abrir as demais em tamanho expandido.<\/p>\n<p><!-- default-view.php -->\n<div\n\tclass=\"ngg-galleryoverview default-view\n\t ngg-ajax-pagination-none\t\"\n\tid=\"ngg-gallery-0799488d02ebaad1c3a241d47818fe49-1\">\n\n\t\t<!-- Thumbnails -->\n\t\t\t\t<div id=\"ngg-image-0\" class=\"ngg-gallery-thumbnail-box\n\t\t\t\t\t\t\t\tngg-4-columns\t\t\t\"\n\t\t\t>\n\t\t\t\t\t\t<div class=\"ngg-gallery-thumbnail\">\n\t\t\t<a href=\"https:\/\/www.ufla.br\/dcom\/wp-content\/gallery\/lancamento-internacionalizacao\/IMG_3428.JPG\"\n\t\t\t\ttitle=\"\"\n\t\t\t\tdata-src=\"https:\/\/www.ufla.br\/dcom\/wp-content\/gallery\/lancamento-internacionalizacao\/IMG_3428.JPG\"\n\t\t\t\tdata-thumbnail=\"https:\/\/www.ufla.br\/dcom\/wp-content\/gallery\/lancamento-internacionalizacao\/thumbs\/thumbs_IMG_3428.JPG\"\n\t\t\t\tdata-image-id=\"25346\"\n\t\t\t\tdata-title=\"IMG_3428\"\n\t\t\t\tdata-description=\"\"\n\t\t\t\tdata-image-slug=\"img_3428\"\n\t\t\t\tclass=\"shutterset_0799488d02ebaad1c3a241d47818fe49\">\n\t\t\t\t<img\n\t\t\t\t\ttitle=\"IMG_3428\"\n\t\t\t\t\talt=\"IMG_3428\"\n\t\t\t\t\tsrc=\"https:\/\/www.ufla.br\/dcom\/nextgen-image\/25346\/100x75x100\/crop\/fc1fdb49a5252f9e5703f5b2ac16be37\"\n\t\t\t\t\twidth=\"100\"\n\t\t\t\t\theight=\"75\"\n\t\t\t\t\tstyle=\"max-width:100%;\"\n\t\t\t\t\/>\n\t\t\t<\/a>\n\t\t<\/div>\n\t\t\t\t\t\t\t<\/div>\n\t\t\t\n\t\t\t\t<div id=\"ngg-image-1\" class=\"ngg-gallery-thumbnail-box\n\t\t\t\t\t\t\t\tngg-4-columns\t\t\t\"\n\t\t\t>\n\t\t\t\t\t\t<div class=\"ngg-gallery-thumbnail\">\n\t\t\t<a href=\"https:\/\/www.ufla.br\/dcom\/wp-content\/gallery\/lancamento-internacionalizacao\/IMG_3431.JPG\"\n\t\t\t\ttitle=\"\"\n\t\t\t\tdata-src=\"https:\/\/www.ufla.br\/dcom\/wp-content\/gallery\/lancamento-internacionalizacao\/IMG_3431.JPG\"\n\t\t\t\tdata-thumbnail=\"https:\/\/www.ufla.br\/dcom\/wp-content\/gallery\/lancamento-internacionalizacao\/thumbs\/thumbs_IMG_3431.JPG\"\n\t\t\t\tdata-image-id=\"25347\"\n\t\t\t\tdata-title=\"IMG_3431\"\n\t\t\t\tdata-description=\"\"\n\t\t\t\tdata-image-slug=\"img_3431\"\n\t\t\t\tclass=\"shutterset_0799488d02ebaad1c3a241d47818fe49\">\n\t\t\t\t<img\n\t\t\t\t\ttitle=\"IMG_3431\"\n\t\t\t\t\talt=\"IMG_3431\"\n\t\t\t\t\tsrc=\"https:\/\/www.ufla.br\/dcom\/nextgen-image\/25347\/100x75x100\/crop\/98e0dd9cd125c1c236b682ff1f4bac4f\"\n\t\t\t\t\twidth=\"100\"\n\t\t\t\t\theight=\"75\"\n\t\t\t\t\tstyle=\"max-width:100%;\"\n\t\t\t\t\/>\n\t\t\t<\/a>\n\t\t<\/div>\n\t\t\t\t\t\t\t<\/div>\n\t\t\t\n\t\t\t\t<div id=\"ngg-image-2\" class=\"ngg-gallery-thumbnail-box\n\t\t\t\t\t\t\t\tngg-4-columns\t\t\t\"\n\t\t\t>\n\t\t\t\t\t\t<div class=\"ngg-gallery-thumbnail\">\n\t\t\t<a href=\"https:\/\/www.ufla.br\/dcom\/wp-content\/gallery\/lancamento-internacionalizacao\/IMG_3455.JPG\"\n\t\t\t\ttitle=\"\"\n\t\t\t\tdata-src=\"https:\/\/www.ufla.br\/dcom\/wp-content\/gallery\/lancamento-internacionalizacao\/IMG_3455.JPG\"\n\t\t\t\tdata-thumbnail=\"https:\/\/www.ufla.br\/dcom\/wp-content\/gallery\/lancamento-internacionalizacao\/thumbs\/thumbs_IMG_3455.JPG\"\n\t\t\t\tdata-image-id=\"25348\"\n\t\t\t\tdata-title=\"IMG_3455\"\n\t\t\t\tdata-description=\"\"\n\t\t\t\tdata-image-slug=\"img_3455\"\n\t\t\t\tclass=\"shutterset_0799488d02ebaad1c3a241d47818fe49\">\n\t\t\t\t<img\n\t\t\t\t\ttitle=\"IMG_3455\"\n\t\t\t\t\talt=\"IMG_3455\"\n\t\t\t\t\tsrc=\"https:\/\/www.ufla.br\/dcom\/nextgen-image\/25348\/100x75x100\/crop\/9fe0494d71968474381d02fafd0f6595\"\n\t\t\t\t\twidth=\"100\"\n\t\t\t\t\theight=\"75\"\n\t\t\t\t\tstyle=\"max-width:100%;\"\n\t\t\t\t\/>\n\t\t\t<\/a>\n\t\t<\/div>\n\t\t\t\t\t\t\t<\/div>\n\t\t\t\n\t\t\t\t<div id=\"ngg-image-3\" class=\"ngg-gallery-thumbnail-box\n\t\t\t\t\t\t\t\tngg-4-columns\t\t\t\"\n\t\t\t>\n\t\t\t\t\t\t<div class=\"ngg-gallery-thumbnail\">\n\t\t\t<a href=\"https:\/\/www.ufla.br\/dcom\/wp-content\/gallery\/lancamento-internacionalizacao\/IMG_3494.JPG\"\n\t\t\t\ttitle=\"\"\n\t\t\t\tdata-src=\"https:\/\/www.ufla.br\/dcom\/wp-content\/gallery\/lancamento-internacionalizacao\/IMG_3494.JPG\"\n\t\t\t\tdata-thumbnail=\"https:\/\/www.ufla.br\/dcom\/wp-content\/gallery\/lancamento-internacionalizacao\/thumbs\/thumbs_IMG_3494.JPG\"\n\t\t\t\tdata-image-id=\"25349\"\n\t\t\t\tdata-title=\"IMG_3494\"\n\t\t\t\tdata-description=\"\"\n\t\t\t\tdata-image-slug=\"img_3494\"\n\t\t\t\tclass=\"shutterset_0799488d02ebaad1c3a241d47818fe49\">\n\t\t\t\t<img\n\t\t\t\t\ttitle=\"IMG_3494\"\n\t\t\t\t\talt=\"IMG_3494\"\n\t\t\t\t\tsrc=\"https:\/\/www.ufla.br\/dcom\/nextgen-image\/25349\/100x75x100\/crop\/ac9a1d0f95be5db6eb7597ec9843828e\"\n\t\t\t\t\twidth=\"100\"\n\t\t\t\t\theight=\"75\"\n\t\t\t\t\tstyle=\"max-width:100%;\"\n\t\t\t\t\/>\n\t\t\t<\/a>\n\t\t<\/div>\n\t\t\t\t\t\t\t<\/div>\n\t\t\t\n\t\t\t\t<div id=\"ngg-image-4\" class=\"ngg-gallery-thumbnail-box\n\t\t\t\t\t\t\t\tngg-4-columns\t\t\t\"\n\t\t\t>\n\t\t\t\t\t\t<div class=\"ngg-gallery-thumbnail\">\n\t\t\t<a href=\"https:\/\/www.ufla.br\/dcom\/wp-content\/gallery\/lancamento-internacionalizacao\/IMG_3501.JPG\"\n\t\t\t\ttitle=\"\"\n\t\t\t\tdata-src=\"https:\/\/www.ufla.br\/dcom\/wp-content\/gallery\/lancamento-internacionalizacao\/IMG_3501.JPG\"\n\t\t\t\tdata-thumbnail=\"https:\/\/www.ufla.br\/dcom\/wp-content\/gallery\/lancamento-internacionalizacao\/thumbs\/thumbs_IMG_3501.JPG\"\n\t\t\t\tdata-image-id=\"25350\"\n\t\t\t\tdata-title=\"IMG_3501\"\n\t\t\t\tdata-description=\"\"\n\t\t\t\tdata-image-slug=\"img_3501\"\n\t\t\t\tclass=\"shutterset_0799488d02ebaad1c3a241d47818fe49\">\n\t\t\t\t<img\n\t\t\t\t\ttitle=\"IMG_3501\"\n\t\t\t\t\talt=\"IMG_3501\"\n\t\t\t\t\tsrc=\"https:\/\/www.ufla.br\/dcom\/nextgen-image\/25350\/100x75x100\/crop\/1ede91b3c34046733dde71b199857b71\"\n\t\t\t\t\twidth=\"100\"\n\t\t\t\t\theight=\"75\"\n\t\t\t\t\tstyle=\"max-width:100%;\"\n\t\t\t\t\/>\n\t\t\t<\/a>\n\t\t<\/div>\n\t\t\t\t\t\t\t<\/div>\n\t\t\t\n\t\t\t\t<div id=\"ngg-image-5\" class=\"ngg-gallery-thumbnail-box\n\t\t\t\t\t\t\t\tngg-4-columns\t\t\t\"\n\t\t\t>\n\t\t\t\t\t\t<div class=\"ngg-gallery-thumbnail\">\n\t\t\t<a href=\"https:\/\/www.ufla.br\/dcom\/wp-content\/gallery\/lancamento-internacionalizacao\/IMG_3508.JPG\"\n\t\t\t\ttitle=\"\"\n\t\t\t\tdata-src=\"https:\/\/www.ufla.br\/dcom\/wp-content\/gallery\/lancamento-internacionalizacao\/IMG_3508.JPG\"\n\t\t\t\tdata-thumbnail=\"https:\/\/www.ufla.br\/dcom\/wp-content\/gallery\/lancamento-internacionalizacao\/thumbs\/thumbs_IMG_3508.JPG\"\n\t\t\t\tdata-image-id=\"25351\"\n\t\t\t\tdata-title=\"IMG_3508\"\n\t\t\t\tdata-description=\"\"\n\t\t\t\tdata-image-slug=\"img_3508\"\n\t\t\t\tclass=\"shutterset_0799488d02ebaad1c3a241d47818fe49\">\n\t\t\t\t<img\n\t\t\t\t\ttitle=\"IMG_3508\"\n\t\t\t\t\talt=\"IMG_3508\"\n\t\t\t\t\tsrc=\"https:\/\/www.ufla.br\/dcom\/nextgen-image\/25351\/100x75x100\/crop\/f10c33e4d92c1e8935643aa098afb352\"\n\t\t\t\t\twidth=\"100\"\n\t\t\t\t\theight=\"75\"\n\t\t\t\t\tstyle=\"max-width:100%;\"\n\t\t\t\t\/>\n\t\t\t<\/a>\n\t\t<\/div>\n\t\t\t\t\t\t\t<\/div>\n\t\t\t\n\t\t\t\t<div id=\"ngg-image-6\" class=\"ngg-gallery-thumbnail-box\n\t\t\t\t\t\t\t\tngg-4-columns\t\t\t\"\n\t\t\t>\n\t\t\t\t\t\t<div class=\"ngg-gallery-thumbnail\">\n\t\t\t<a href=\"https:\/\/www.ufla.br\/dcom\/wp-content\/gallery\/lancamento-internacionalizacao\/IMG_3511.JPG\"\n\t\t\t\ttitle=\"\"\n\t\t\t\tdata-src=\"https:\/\/www.ufla.br\/dcom\/wp-content\/gallery\/lancamento-internacionalizacao\/IMG_3511.JPG\"\n\t\t\t\tdata-thumbnail=\"https:\/\/www.ufla.br\/dcom\/wp-content\/gallery\/lancamento-internacionalizacao\/thumbs\/thumbs_IMG_3511.JPG\"\n\t\t\t\tdata-image-id=\"25352\"\n\t\t\t\tdata-title=\"IMG_3511\"\n\t\t\t\tdata-description=\"\"\n\t\t\t\tdata-image-slug=\"img_3511\"\n\t\t\t\tclass=\"shutterset_0799488d02ebaad1c3a241d47818fe49\">\n\t\t\t\t<img\n\t\t\t\t\ttitle=\"IMG_3511\"\n\t\t\t\t\talt=\"IMG_3511\"\n\t\t\t\t\tsrc=\"https:\/\/www.ufla.br\/dcom\/nextgen-image\/25352\/100x75x100\/crop\/1b52a394862f2f9cd6daac8a6243f08d\"\n\t\t\t\t\twidth=\"100\"\n\t\t\t\t\theight=\"75\"\n\t\t\t\t\tstyle=\"max-width:100%;\"\n\t\t\t\t\/>\n\t\t\t<\/a>\n\t\t<\/div>\n\t\t\t\t\t\t\t<\/div>\n\t\t\t\n\t\t\t\t<div id=\"ngg-image-7\" class=\"ngg-gallery-thumbnail-box\n\t\t\t\t\t\t\t\tngg-4-columns\t\t\t\"\n\t\t\t>\n\t\t\t\t\t\t<div class=\"ngg-gallery-thumbnail\">\n\t\t\t<a href=\"https:\/\/www.ufla.br\/dcom\/wp-content\/gallery\/lancamento-internacionalizacao\/IMG_3525.JPG\"\n\t\t\t\ttitle=\"\"\n\t\t\t\tdata-src=\"https:\/\/www.ufla.br\/dcom\/wp-content\/gallery\/lancamento-internacionalizacao\/IMG_3525.JPG\"\n\t\t\t\tdata-thumbnail=\"https:\/\/www.ufla.br\/dcom\/wp-content\/gallery\/lancamento-internacionalizacao\/thumbs\/thumbs_IMG_3525.JPG\"\n\t\t\t\tdata-image-id=\"25353\"\n\t\t\t\tdata-title=\"IMG_3525\"\n\t\t\t\tdata-description=\"\"\n\t\t\t\tdata-image-slug=\"img_3525\"\n\t\t\t\tclass=\"shutterset_0799488d02ebaad1c3a241d47818fe49\">\n\t\t\t\t<img\n\t\t\t\t\ttitle=\"IMG_3525\"\n\t\t\t\t\talt=\"IMG_3525\"\n\t\t\t\t\tsrc=\"https:\/\/www.ufla.br\/dcom\/nextgen-image\/25353\/100x75x100\/crop\/32820e67702c2fe0e35361d020fe4798\"\n\t\t\t\t\twidth=\"100\"\n\t\t\t\t\theight=\"75\"\n\t\t\t\t\tstyle=\"max-width:100%;\"\n\t\t\t\t\/>\n\t\t\t<\/a>\n\t\t<\/div>\n\t\t\t\t\t\t\t<\/div>\n\t\t\t\n\t\t\t\t<div id=\"ngg-image-8\" class=\"ngg-gallery-thumbnail-box\n\t\t\t\t\t\t\t\tngg-4-columns\t\t\t\"\n\t\t\t>\n\t\t\t\t\t\t<div class=\"ngg-gallery-thumbnail\">\n\t\t\t<a href=\"https:\/\/www.ufla.br\/dcom\/wp-content\/gallery\/lancamento-internacionalizacao\/IMG_3531.JPG\"\n\t\t\t\ttitle=\"\"\n\t\t\t\tdata-src=\"https:\/\/www.ufla.br\/dcom\/wp-content\/gallery\/lancamento-internacionalizacao\/IMG_3531.JPG\"\n\t\t\t\tdata-thumbnail=\"https:\/\/www.ufla.br\/dcom\/wp-content\/gallery\/lancamento-internacionalizacao\/thumbs\/thumbs_IMG_3531.JPG\"\n\t\t\t\tdata-image-id=\"25354\"\n\t\t\t\tdata-title=\"IMG_3531\"\n\t\t\t\tdata-description=\"\"\n\t\t\t\tdata-image-slug=\"img_3531\"\n\t\t\t\tclass=\"shutterset_0799488d02ebaad1c3a241d47818fe49\">\n\t\t\t\t<img\n\t\t\t\t\ttitle=\"IMG_3531\"\n\t\t\t\t\talt=\"IMG_3531\"\n\t\t\t\t\tsrc=\"https:\/\/www.ufla.br\/dcom\/nextgen-image\/25354\/100x75x100\/crop\/53cc9cd88b6555d1aac02c9986da4107\"\n\t\t\t\t\twidth=\"100\"\n\t\t\t\t\theight=\"75\"\n\t\t\t\t\tstyle=\"max-width:100%;\"\n\t\t\t\t\/>\n\t\t\t<\/a>\n\t\t<\/div>\n\t\t\t\t\t\t\t<\/div>\n\t\t\t\n\t\t\t\t<div id=\"ngg-image-9\" class=\"ngg-gallery-thumbnail-box\n\t\t\t\t\t\t\t\tngg-4-columns\t\t\t\"\n\t\t\t>\n\t\t\t\t\t\t<div class=\"ngg-gallery-thumbnail\">\n\t\t\t<a href=\"https:\/\/www.ufla.br\/dcom\/wp-content\/gallery\/lancamento-internacionalizacao\/IMG_3549.JPG\"\n\t\t\t\ttitle=\"\"\n\t\t\t\tdata-src=\"https:\/\/www.ufla.br\/dcom\/wp-content\/gallery\/lancamento-internacionalizacao\/IMG_3549.JPG\"\n\t\t\t\tdata-thumbnail=\"https:\/\/www.ufla.br\/dcom\/wp-content\/gallery\/lancamento-internacionalizacao\/thumbs\/thumbs_IMG_3549.JPG\"\n\t\t\t\tdata-image-id=\"25355\"\n\t\t\t\tdata-title=\"IMG_3549\"\n\t\t\t\tdata-description=\"\"\n\t\t\t\tdata-image-slug=\"img_3549\"\n\t\t\t\tclass=\"shutterset_0799488d02ebaad1c3a241d47818fe49\">\n\t\t\t\t<img\n\t\t\t\t\ttitle=\"IMG_3549\"\n\t\t\t\t\talt=\"IMG_3549\"\n\t\t\t\t\tsrc=\"https:\/\/www.ufla.br\/dcom\/nextgen-image\/25355\/100x75x100\/crop\/563b4abb277dc91433419f4ec6b930c5\"\n\t\t\t\t\twidth=\"100\"\n\t\t\t\t\theight=\"75\"\n\t\t\t\t\tstyle=\"max-width:100%;\"\n\t\t\t\t\/>\n\t\t\t<\/a>\n\t\t<\/div>\n\t\t\t\t\t\t\t<\/div>\n\t\t\t\n\t\t\t\t<div id=\"ngg-image-10\" class=\"ngg-gallery-thumbnail-box\n\t\t\t\t\t\t\t\tngg-4-columns\t\t\t\"\n\t\t\t>\n\t\t\t\t\t\t<div class=\"ngg-gallery-thumbnail\">\n\t\t\t<a href=\"https:\/\/www.ufla.br\/dcom\/wp-content\/gallery\/lancamento-internacionalizacao\/IMG_3555.JPG\"\n\t\t\t\ttitle=\"\"\n\t\t\t\tdata-src=\"https:\/\/www.ufla.br\/dcom\/wp-content\/gallery\/lancamento-internacionalizacao\/IMG_3555.JPG\"\n\t\t\t\tdata-thumbnail=\"https:\/\/www.ufla.br\/dcom\/wp-content\/gallery\/lancamento-internacionalizacao\/thumbs\/thumbs_IMG_3555.JPG\"\n\t\t\t\tdata-image-id=\"25356\"\n\t\t\t\tdata-title=\"IMG_3555\"\n\t\t\t\tdata-description=\"\"\n\t\t\t\tdata-image-slug=\"img_3555\"\n\t\t\t\tclass=\"shutterset_0799488d02ebaad1c3a241d47818fe49\">\n\t\t\t\t<img\n\t\t\t\t\ttitle=\"IMG_3555\"\n\t\t\t\t\talt=\"IMG_3555\"\n\t\t\t\t\tsrc=\"https:\/\/www.ufla.br\/dcom\/nextgen-image\/25356\/100x75x100\/crop\/8de5b80ec2e72e9d54b6950004f78638\"\n\t\t\t\t\twidth=\"100\"\n\t\t\t\t\theight=\"75\"\n\t\t\t\t\tstyle=\"max-width:100%;\"\n\t\t\t\t\/>\n\t\t\t<\/a>\n\t\t<\/div>\n\t\t\t\t\t\t\t<\/div>\n\t\t\t\n\t\t\t\t<div id=\"ngg-image-11\" class=\"ngg-gallery-thumbnail-box\n\t\t\t\t\t\t\t\tngg-4-columns\t\t\t\"\n\t\t\t>\n\t\t\t\t\t\t<div class=\"ngg-gallery-thumbnail\">\n\t\t\t<a href=\"https:\/\/www.ufla.br\/dcom\/wp-content\/gallery\/lancamento-internacionalizacao\/IMG_3558.JPG\"\n\t\t\t\ttitle=\"\"\n\t\t\t\tdata-src=\"https:\/\/www.ufla.br\/dcom\/wp-content\/gallery\/lancamento-internacionalizacao\/IMG_3558.JPG\"\n\t\t\t\tdata-thumbnail=\"https:\/\/www.ufla.br\/dcom\/wp-content\/gallery\/lancamento-internacionalizacao\/thumbs\/thumbs_IMG_3558.JPG\"\n\t\t\t\tdata-image-id=\"25357\"\n\t\t\t\tdata-title=\"IMG_3558\"\n\t\t\t\tdata-description=\"\"\n\t\t\t\tdata-image-slug=\"img_3558\"\n\t\t\t\tclass=\"shutterset_0799488d02ebaad1c3a241d47818fe49\">\n\t\t\t\t<img\n\t\t\t\t\ttitle=\"IMG_3558\"\n\t\t\t\t\talt=\"IMG_3558\"\n\t\t\t\t\tsrc=\"https:\/\/www.ufla.br\/dcom\/nextgen-image\/25357\/100x75x100\/crop\/e9566c60377e669c0ef3b8737a6d850c\"\n\t\t\t\t\twidth=\"100\"\n\t\t\t\t\theight=\"75\"\n\t\t\t\t\tstyle=\"max-width:100%;\"\n\t\t\t\t\/>\n\t\t\t<\/a>\n\t\t<\/div>\n\t\t\t\t\t\t\t<\/div>\n\t\t\t\n\t\t\t\t<div id=\"ngg-image-12\" class=\"ngg-gallery-thumbnail-box\n\t\t\t\t\t\t\t\tngg-4-columns\t\t\t\"\n\t\t\t>\n\t\t\t\t\t\t<div class=\"ngg-gallery-thumbnail\">\n\t\t\t<a href=\"https:\/\/www.ufla.br\/dcom\/wp-content\/gallery\/lancamento-internacionalizacao\/IMG_3572.JPG\"\n\t\t\t\ttitle=\"\"\n\t\t\t\tdata-src=\"https:\/\/www.ufla.br\/dcom\/wp-content\/gallery\/lancamento-internacionalizacao\/IMG_3572.JPG\"\n\t\t\t\tdata-thumbnail=\"https:\/\/www.ufla.br\/dcom\/wp-content\/gallery\/lancamento-internacionalizacao\/thumbs\/thumbs_IMG_3572.JPG\"\n\t\t\t\tdata-image-id=\"25358\"\n\t\t\t\tdata-title=\"IMG_3572\"\n\t\t\t\tdata-description=\"\"\n\t\t\t\tdata-image-slug=\"img_3572\"\n\t\t\t\tclass=\"shutterset_0799488d02ebaad1c3a241d47818fe49\">\n\t\t\t\t<img\n\t\t\t\t\ttitle=\"IMG_3572\"\n\t\t\t\t\talt=\"IMG_3572\"\n\t\t\t\t\tsrc=\"https:\/\/www.ufla.br\/dcom\/nextgen-image\/25358\/100x75x100\/crop\/d6ec071496f08f2eac7081ab7c756619\"\n\t\t\t\t\twidth=\"100\"\n\t\t\t\t\theight=\"75\"\n\t\t\t\t\tstyle=\"max-width:100%;\"\n\t\t\t\t\/>\n\t\t\t<\/a>\n\t\t<\/div>\n\t\t\t\t\t\t\t<\/div>\n\t\t\t\n\t\t\t\t<div id=\"ngg-image-13\" class=\"ngg-gallery-thumbnail-box\n\t\t\t\t\t\t\t\tngg-4-columns\t\t\t\"\n\t\t\t>\n\t\t\t\t\t\t<div class=\"ngg-gallery-thumbnail\">\n\t\t\t<a href=\"https:\/\/www.ufla.br\/dcom\/wp-content\/gallery\/lancamento-internacionalizacao\/IMG_3575.JPG\"\n\t\t\t\ttitle=\"\"\n\t\t\t\tdata-src=\"https:\/\/www.ufla.br\/dcom\/wp-content\/gallery\/lancamento-internacionalizacao\/IMG_3575.JPG\"\n\t\t\t\tdata-thumbnail=\"https:\/\/www.ufla.br\/dcom\/wp-content\/gallery\/lancamento-internacionalizacao\/thumbs\/thumbs_IMG_3575.JPG\"\n\t\t\t\tdata-image-id=\"25359\"\n\t\t\t\tdata-title=\"IMG_3575\"\n\t\t\t\tdata-description=\"\"\n\t\t\t\tdata-image-slug=\"img_3575\"\n\t\t\t\tclass=\"shutterset_0799488d02ebaad1c3a241d47818fe49\">\n\t\t\t\t<img\n\t\t\t\t\ttitle=\"IMG_3575\"\n\t\t\t\t\talt=\"IMG_3575\"\n\t\t\t\t\tsrc=\"https:\/\/www.ufla.br\/dcom\/nextgen-image\/25359\/100x75x100\/crop\/693bb49303ee6aa3ee93306d2b7ac5c8\"\n\t\t\t\t\twidth=\"100\"\n\t\t\t\t\theight=\"75\"\n\t\t\t\t\tstyle=\"max-width:100%;\"\n\t\t\t\t\/>\n\t\t\t<\/a>\n\t\t<\/div>\n\t\t\t\t\t\t\t<\/div>\n\t\t\t\n\t\n\t<br style=\"clear: both\" \/>\n\n\t\n\t\t<!-- Pagination -->\n\t\t<div class='ngg-clear'><\/div>\t<\/div>\n<\/p>\n<p>&nbsp;<\/p>\n","protected":false},"excerpt":{"rendered":"<p>Na quinta-feira (2\/10), foi realizada a cerim\u00f4nia de lan\u00e7amento do Programa de Internacionaliza\u00e7\u00e3o da Universidade Federal de Lavras (UFLA). Professores, t\u00e9cnicos administrativos e estudantes (&#8230;)<\/p>\n","protected":false},"author":6,"featured_media":0,"comment_status":"closed","ping_status":"closed","sticky":false,"template":"","format":"standard","meta":{"ngg_post_thumbnail":0,"footnotes":""},"categories":[1],"tags":[432,1278,688],"class_list":["post-70044","post","type-post","status-publish","format-standard","hentry","category-noticias","tag-internacionalizacao","tag-programa","tag-reitor"],"_links":{"self":[{"href":"https:\/\/www.ufla.br\/dcom\/wp-json\/wp\/v2\/posts\/70044","targetHints":{"allow":["GET"]}}],"collection":[{"href":"https:\/\/www.ufla.br\/dcom\/wp-json\/wp\/v2\/posts"}],"about":[{"href":"https:\/\/www.ufla.br\/dcom\/wp-json\/wp\/v2\/types\/post"}],"author":[{"embeddable":true,"href":"https:\/\/www.ufla.br\/dcom\/wp-json\/wp\/v2\/users\/6"}],"replies":[{"embeddable":true,"href":"https:\/\/www.ufla.br\/dcom\/wp-json\/wp\/v2\/comments?post=70044"}],"version-history":[{"count":6,"href":"https:\/\/www.ufla.br\/dcom\/wp-json\/wp\/v2\/posts\/70044\/revisions"}],"predecessor-version":[{"id":70098,"href":"https:\/\/www.ufla.br\/dcom\/wp-json\/wp\/v2\/posts\/70044\/revisions\/70098"}],"wp:attachment":[{"href":"https:\/\/www.ufla.br\/dcom\/wp-json\/wp\/v2\/media?parent=70044"}],"wp:term":[{"taxonomy":"category","embeddable":true,"href":"https:\/\/www.ufla.br\/dcom\/wp-json\/wp\/v2\/categories?post=70044"},{"taxonomy":"post_tag","embeddable":true,"href":"https:\/\/www.ufla.br\/dcom\/wp-json\/wp\/v2\/tags?post=70044"}],"curies":[{"name":"wp","href":"https:\/\/api.w.org\/{rel}","templated":true}]}}