{"id":69846,"date":"2014-10-02T16:05:56","date_gmt":"2014-10-02T19:05:56","guid":{"rendered":"http:\/\/www.ufla.br\/ascom\/?p=69846"},"modified":"2014-10-07T10:08:18","modified_gmt":"2014-10-07T13:08:18","slug":"i-workshop-sobre-botanica-aplicada-sera-realizado-na-proxima-terca-710-colaboracao-ufla-ufs","status":"publish","type":"post","link":"https:\/\/www.ufla.br\/dcom\/2014\/10\/02\/i-workshop-sobre-botanica-aplicada-sera-realizado-na-proxima-terca-710-colaboracao-ufla-ufs\/","title":{"rendered":"I Workshop sobre Bot\u00e2nica Aplicada ser\u00e1 realizado na pr\u00f3xima ter\u00e7a (7\/10) &#8211; colabora\u00e7\u00e3o UFLA\/UFS"},"content":{"rendered":"<p><a href=\"http:\/\/www.ufla.br\/ascom\/wp-content\/uploads\/2014\/10\/botanica-aplicada.jpg\"><img loading=\"lazy\" decoding=\"async\" class=\"alignleft size-medium wp-image-69847\" src=\"http:\/\/www.ufla.br\/ascom\/wp-content\/uploads\/2014\/10\/botanica-aplicada-249x150.jpg\" alt=\"botanica-aplicada\" width=\"249\" height=\"150\" srcset=\"https:\/\/www.ufla.br\/dcom\/wp-content\/uploads\/2014\/10\/botanica-aplicada-249x150.jpg 249w, https:\/\/www.ufla.br\/dcom\/wp-content\/uploads\/2014\/10\/botanica-aplicada.jpg 325w\" sizes=\"auto, (max-width: 249px) 100vw, 249px\" \/><\/a>O Programa de P\u00f3s-Gradua\u00e7\u00e3o em\u00a0Bot\u00e2nica\u00a0Aplicada da Universidade Federal de Lavras (UFLA), em parceria com o Programa de P\u00f3s-Gradua\u00e7\u00e3o em Agroecossistemas da Universidade Federal de Sergipe (UFS), promover\u00e3o na pr\u00f3xima ter\u00e7a-feira (7\/10) o I Workshop sobre\u00a0Bot\u00e2nica\u00a0Aplicada. O evento ser\u00e1 realizado no Anfiteatro Professor Magno Ant\u00f4nio Ramalho, Departamento de Biologia (DBI), das 7h30 \u00e0s 16h. Os interessados devem\u00a0se inscrever no in\u00edcio das atividades, a partir das 7h30, para que haja emiss\u00e3o dos certificados.<\/p>\n<p>No total, ser\u00e3o quatro palestras abertas a \u00e0 comunidade acad\u00eamica. A programa\u00e7\u00e3o foi organizada com o objetivo de formar um ambiente multidisciplinar, que possa contribuir no crescimento cient\u00edfico e tecnol\u00f3gico das institui\u00e7\u00f5es envolvidas. \u00c9 esperado que as discuss\u00f5es resultem em a\u00e7\u00f5es para a otimiza\u00e7\u00e3o das atividades praticadas pelo homem, minimizando riscos ambientais e promovendo benef\u00edcios para as diferentes \u00e1reas.<\/p>\n<p>Os dois programas de p\u00f3s-gradua\u00e7\u00e3o promotores do\u00a0evento s\u00e3o parceiros no Programa de Est\u00edmulo \u00e0 Mobilidade e ao Aumento da Coopera\u00e7\u00e3o Acad\u00eamica da P\u00f3s-Gradua\u00e7\u00e3o em Institui\u00e7\u00f5es de Ensino Superior de Sergipe (Promob), ligado \u00e0 Coordena\u00e7\u00e3o de Aperfei\u00e7oamento de Pessoal de N\u00edvel Superior (Capes) e \u00e0 Funda\u00e7\u00e3o de Apoio \u00e0 Pesquisa e \u00e0 Inova\u00e7\u00e3o<br \/>\nTecnol\u00f3gica do Estado de Sergipe (Fapitec\/SE). A iniciativa visa \u00e0 colabora\u00e7\u00e3o interinstitucional. Nesta parceria destacam-se a \u00e1reas de anatomia vegetal, taxonomia e microscopia eletr\u00f4nica.<\/p>\n<p>Entre as atividades previstas pelo Promob est\u00e1 a realiza\u00e7\u00e3o de f\u00f3runs de discuss\u00e3o que re\u00fanam diferentes pesquisadores e estudantes da \u00e1rea de Bot\u00e2nica Aplicada. Na UFLA, a coordena\u00e7\u00e3o do evento \u00e9 feita pelo professor do DBI Evaristo Mauro de Castro. Outras informa\u00e7\u00f5es podem ser obtidas pelo telefone (35) 2142-2068.<\/p>\n<p>&nbsp;<\/p>\n<p><strong>Programa\u00e7\u00e3o (7\/10)<\/strong><\/p>\n<p>7h30 \u2013 8h30: Inscri\u00e7\u00f5es no local<\/p>\n<p>8h30: Sess\u00e3o de abertura<\/p>\n<p>9h: Palestra &#8211; \u201cPrograma de Est\u00edmulo \u00e0 Mobilidade e ao Aumento da Coopera\u00e7\u00e3o Acad\u00eamica da P\u00f3s-Gradua\u00e7\u00e3o da Capes e Fapitec\/SE: objetivos e metas\u201d. Prof\u00aa. Dra. Maria de F\u00e1tima Arrigoni-blank \u2013 UFS.<\/p>\n<p>10h \u2013 10h30: Intervalo (coffee break).<\/p>\n<p>10h30: Palestra &#8211; \u201cA import\u00e2ncia da citogen\u00e9tica na taxonomia\u201d. Profa. Dra. V\u00e2nia Helena Techio (UFLA).<\/p>\n<p>11h30 \u2013 13h30: Intervalo (almo\u00e7o).<\/p>\n<p>13h30: Palestra &#8211; \u201cA import\u00e2ncia da fam\u00edlia Myrtaceae\u201d. Prof. Dr. Marcos Sobral (UFSJ).<\/p>\n<p>14h30: Palestra &#8211; \u201cBot\u00e2nica Aplicada\u201d. Prof. Dr. Evaristo Mauro de Castro (UFLA).<\/p>\n<p>15h30: Intervalo (coffee break).<\/p>\n<p>16h: Rede de colabora\u00e7\u00e3o e estrat\u00e9gias de pesquisas, cursos e disciplinas previstas, programa de est\u00edmulo \u00e0 mobilidade e aumento da coopera\u00e7\u00e3o acad\u00eamica da p\u00f3s-gradua\u00e7\u00e3o em institui\u00e7\u00f5es de ensino superior de Sergipe (Promob) \u2013 <strong>Restrito aos participantes do projeto.<\/strong><\/p>\n<p>17h: Encerramento<\/p>\n","protected":false},"excerpt":{"rendered":"<p>O Programa de P\u00f3s-Gradua\u00e7\u00e3o em\u00a0Bot\u00e2nica\u00a0Aplicada da Universidade Federal de Lavras (UFLA), em parceria com o Programa de P\u00f3s-Gradua\u00e7\u00e3o em Agroecossistemas da Universidade Federal de Sergipe (UFS), promover\u00e3o na pr\u00f3xima ter\u00e7a-feira (7\/10) o I Workshop sobre\u00a0Bot\u00e2nica\u00a0Aplicada. O evento ser\u00e1 realizado no Anfiteatro Professor Magno Ant\u00f4nio Ramalho, Departamento de Biologia (DBI), das 7h30 \u00e0s 16h. Os interessados &hellip; <a href=\"https:\/\/www.ufla.br\/dcom\/2014\/10\/02\/i-workshop-sobre-botanica-aplicada-sera-realizado-na-proxima-terca-710-colaboracao-ufla-ufs\/\" class=\"more-link\">Continue lendo <span class=\"screen-reader-text\">I Workshop sobre Bot\u00e2nica Aplicada ser\u00e1 realizado na pr\u00f3xima ter\u00e7a (7\/10) &#8211; colabora\u00e7\u00e3o UFLA\/UFS<\/span> <span class=\"meta-nav\">&rarr;<\/span><\/a><\/p>\n","protected":false},"author":13,"featured_media":0,"comment_status":"closed","ping_status":"closed","sticky":false,"template":"","format":"standard","meta":{"ngg_post_thumbnail":0,"footnotes":""},"categories":[1,10],"tags":[788,1282],"class_list":["post-69846","post","type-post","status-publish","format-standard","hentry","category-noticias","category-menores","tag-dbi","tag-i-worshop-sobre-botanica-aplicada"],"_links":{"self":[{"href":"https:\/\/www.ufla.br\/dcom\/wp-json\/wp\/v2\/posts\/69846","targetHints":{"allow":["GET"]}}],"collection":[{"href":"https:\/\/www.ufla.br\/dcom\/wp-json\/wp\/v2\/posts"}],"about":[{"href":"https:\/\/www.ufla.br\/dcom\/wp-json\/wp\/v2\/types\/post"}],"author":[{"embeddable":true,"href":"https:\/\/www.ufla.br\/dcom\/wp-json\/wp\/v2\/users\/13"}],"replies":[{"embeddable":true,"href":"https:\/\/www.ufla.br\/dcom\/wp-json\/wp\/v2\/comments?post=69846"}],"version-history":[{"count":4,"href":"https:\/\/www.ufla.br\/dcom\/wp-json\/wp\/v2\/posts\/69846\/revisions"}],"predecessor-version":[{"id":69851,"href":"https:\/\/www.ufla.br\/dcom\/wp-json\/wp\/v2\/posts\/69846\/revisions\/69851"}],"wp:attachment":[{"href":"https:\/\/www.ufla.br\/dcom\/wp-json\/wp\/v2\/media?parent=69846"}],"wp:term":[{"taxonomy":"category","embeddable":true,"href":"https:\/\/www.ufla.br\/dcom\/wp-json\/wp\/v2\/categories?post=69846"},{"taxonomy":"post_tag","embeddable":true,"href":"https:\/\/www.ufla.br\/dcom\/wp-json\/wp\/v2\/tags?post=69846"}],"curies":[{"name":"wp","href":"https:\/\/api.w.org\/{rel}","templated":true}]}}